{"id":811744,"date":"2026-03-20T09:12:16","date_gmt":"2026-03-20T09:12:16","guid":{"rendered":"https:\/\/www.europesays.com\/fr\/811744\/"},"modified":"2026-03-20T09:12:16","modified_gmt":"2026-03-20T09:12:16","slug":"voici-le-programme-tv-du-gp-du-bresil-2026","status":"publish","type":"post","link":"https:\/\/www.europesays.com\/fr\/811744\/","title":{"rendered":"voici le programme TV du GP du Br\u00e9sil 2026"},"content":{"rendered":"<p itemprop=\"description\">Le GP du Br\u00e9sil MotoGP 2026, deuxi\u00e8me<br \/>\nmanche de la saison, se tient \u00e0 Goi\u00e2nia du 20 au 22 mars avec un<br \/>\nhoraire de soir\u00e9e id\u00e9al pour la France. Horaires, cha\u00eenes et<br \/>\nstreaming : tout est r\u00e9uni pour suivre chaque s\u00e9ance sans rien<br \/>\nmanquer.<\/p>\n<p>Le <strong>Grand Prix du Br\u00e9sil MotoGP 2026<\/strong> fait son<br \/>\nretour au calendrier, et cette fois, bonne nouvelle pour les fans<br \/>\nfran\u00e7ais : la course tombe en plein d\u00e9but de soir\u00e9e, un cr\u00e9neau<br \/>\nbien plus pratique que certains rendez-vous matinaux habituels. Le<br \/>\ntout sur un trac\u00e9 remis au go\u00fbt du jour, l\u2019<strong>Aut\u00f3dromo<br \/>\nInternacional Ayrton Senna de Goi\u00e2nia<\/strong>, qui retrouve le<br \/>\npaddock MotoGP apr\u00e8s plus de vingt ans d\u2019absence.<\/p>\n<p>Le week-end s\u2019\u00e9tale du vendredi 20 au dimanche 22 mars 2026,<br \/>\navec un programme tr\u00e8s charg\u00e9 en <strong>Moto3<\/strong>,<br \/>\n<strong>Moto2<\/strong> et bien s\u00fbr <strong>MotoGP<\/strong>. Essais<br \/>\nlibres, qualifications, Sprint puis course principale : tout est<br \/>\npr\u00e9vu pour occuper votre fin de semaine, malgr\u00e9 une m\u00e9t\u00e9o<br \/>\nbr\u00e9silienne d\u00e9j\u00e0 capricieuse sur place. Reste \u00e0 savoir \u00e0 quelle<br \/>\nheure allumer la t\u00e9l\u00e9, et sur quelles cha\u00eenes suivre chaque session<br \/>\nsans en rater une seule.<\/p>\n<p>GP du Br\u00e9sil MotoGP 2026 : dates, circuit, diffuseurs et<br \/>\ncontexte m\u00e9t\u00e9o<\/p>\n<p>Ce <strong>GP du Br\u00e9sil MotoGP 2026<\/strong> se dispute du 20 au<br \/>\n22 mars sur le circuit de Goi\u00e2nia, au c\u0153ur du pays. La manche<br \/>\nbr\u00e9silienne revient au calendrier apr\u00e8s deux d\u00e9cennies d\u2019absence,<br \/>\nsur un trac\u00e9 r\u00e9nov\u00e9 pour l\u2019occasion. La course MotoGP du dimanche<br \/>\nest programm\u00e9e \u00e0 15h00 heure locale, soit <strong>19h00 en<br \/>\nFrance<\/strong>, un horaire de soir\u00e9e plut\u00f4t confortable pour les<br \/>\n<a href=\"https:\/\/www.autoplus.fr\/environnement\/plus-dun-francais-sur-deux-croit-desormais-a-la-voiture-electrique-mais-pour-un-certain-usage-1431911.html\" rel=\"nofollow noopener\" target=\"_blank\"><br \/>\nt\u00e9l\u00e9spectateurs fran\u00e7ais<\/a> qui rentrent tranquillement du<br \/>\nweek-end.<\/p>\n<p>La m\u00e9t\u00e9o vient tout de m\u00eame mettre un peu de tension avant le<br \/>\nd\u00e9part. Des averses, beaucoup plus intenses qu\u2019annonc\u00e9, ont<br \/>\nprovoqu\u00e9 des inondations sur plusieurs secteurs de l\u2019Aut\u00f3dromo<br \/>\nInternacional Ayrton Senna, <strong>dont le tunnel d\u2019acc\u00e8s au<br \/>\npaddock, une des lignes droites et plusieurs virages<\/strong>. Le<br \/>\nsyst\u00e8me de drainage a \u00e9vacu\u00e9 l\u2019eau en un temps record, avec l\u2019aide<br \/>\nde camion-citernes mobilis\u00e9s sur place. Des pluies sont encore<br \/>\nattendues en fin de semaine, avec un risque de nouveaux<br \/>\nd\u00e9bordements, mais aucune annonce d\u2019annulation ou de report n\u2019a \u00e9t\u00e9<br \/>\ncommuniqu\u00e9e au moment o\u00f9 le programme TV ci-dessous est \u00e9tabli.<\/p>\n<p>Programme TV complet du GP du Br\u00e9sil MotoGP 2026 (heures<br \/>\nfran\u00e7aises)<\/p>\n<p>En France, l\u2019int\u00e9gralit\u00e9 du week-end sera \u00e0 suivre sur le groupe<br \/>\n<strong>Canal+<\/strong> et via le <strong>MotoGP<br \/>\nVideoPass<\/strong>, qui retransmettent toutes les sessions en<br \/>\ndirect, y compris la <strong>Moto2<\/strong> et la<br \/>\n<strong>Moto3<\/strong>. <a href=\"https:\/\/www.autoplus.fr\/actualite\/insolite\/un-mineur-senfuit-en-belgique-au-volant-de-sa-voiture-apres-une-collision-avec-les-policiers-1429206.html\" rel=\"nofollow noopener\" target=\"_blank\"><br \/>\nEn Belgique<\/a>, la plateforme <strong>RTBF Auvio<\/strong><br \/>\nproposera un streaming gratuit pour le MotoGP, la Moto2 et la<br \/>\nMoto3, tandis que la cha\u00eene <strong>Tipik<\/strong> diffusera les<br \/>\ncourses principales sans abonnement. Voici le d\u00e9tail jour par jour,<br \/>\nen heure fran\u00e7aise, pour ne rien manquer du <strong>programme TV du<br \/>\nGP du Br\u00e9sil 2026<\/strong>.<\/p>\n<ul>\n<li><strong>Vendredi 20 mars 2026<\/strong><br \/>13h00 \u2013 13h45 : Moto3 Essais libres 1<br \/>14h00 \u2013 14h50 : Moto2 Essais libres 1<br \/>15h05 \u2013 16h05 : MotoGP Essais libres 1<br \/>17h15 \u2013 18h00 : Moto3 Essais<br \/>18h15 \u2013 19h05 : Moto2 Essais<br \/>19h20 \u2013 20h35 : MotoGP Essais<\/li>\n<li><strong>Samedi 21 mars 2026<\/strong><br \/>12h40 \u2013 13h10 : Moto3 Essais libres 2<br \/>13h25 \u2013 13h55 : Moto2 Essais libres 2<br \/>14h10 \u2013 14h40 : MotoGP Essais libres 2<br \/>14h50 \u2013 15h05 : MotoGP Qualifications 1<br \/>15h15 \u2013 15h30 : MotoGP Qualifications 2<br \/>16h45 \u2013 17h00 : Moto3 Qualifications 1<br \/>17h10 \u2013 17h25 : Moto3 Qualifications 2<br \/>17h40 \u2013 17h55 : Moto2 Qualifications 1<br \/>18h05 \u2013 18h20 : Moto2 Qualifications 2<br \/>19h00 : MotoGP Sprint (15 tours)<\/li>\n<li><strong>Dimanche 22 mars 2026<\/strong><br \/>14h40 \u2013 14h50 : MotoGP Warm-up<br \/>16h00 : Moto3 Course (24 tours)<br \/>17h15 : Moto2 Course (26 tours)<br \/>19h00 : MotoGP Grand Prix du Br\u00e9sil (31 tours)<\/li>\n<\/ul>\n<p>En pratique, les essais libres, qualifications et le Sprint du<br \/>\nsamedi sont programm\u00e9s en milieu ou fin d\u2019apr\u00e8s-midi en France,<br \/>\navec les deux grands rendez-vous du week-end fix\u00e9s \u00e0<br \/>\n<strong>19h00<\/strong> : la course Sprint MotoGP le samedi, puis le<br \/>\nGrand Prix du Br\u00e9sil MotoGP le dimanche. Pour v\u00e9rifier d\u2019\u00e9ventuels<br \/>\najustements de derni\u00e8re minute li\u00e9s \u00e0 la m\u00e9t\u00e9o ou \u00e0 l\u2019organisation,<br \/>\nil reste prudent de jeter un \u0153il aux canaux officiels du<br \/>\nchampionnat et aux grilles de vos cha\u00eenes juste avant les d\u00e9parts<br \/>\nannonc\u00e9s.<\/p>\n","protected":false},"excerpt":{"rendered":"Le GP du Br\u00e9sil MotoGP 2026, deuxi\u00e8me manche de la saison, se tient \u00e0 Goi\u00e2nia du 20 au&hellip;\n","protected":false},"author":2,"featured_media":811745,"comment_status":"","ping_status":"","sticky":false,"template":"","format":"standard","meta":{"footnotes":"","_share_on_mastodon":"0"},"categories":[2],"tags":[930,5734,11,2548,3029,1011,27,7591,1458,12,5240,1364,6013],"class_list":["post-811744","post","type-post","status-publish","format-standard","has-post-thumbnail","category-actualites","tag-le","tag-5734","tag-actualites","tag-bresil","tag-du","tag-fr","tag-france","tag-gp","tag-motogp","tag-news","tag-programme","tag-tv","tag-voici"],"share_on_mastodon":{"url":"https:\/\/pubeurope.com\/@fr\/116260735788757552","error":""},"_links":{"self":[{"href":"https:\/\/www.europesays.com\/fr\/wp-json\/wp\/v2\/posts\/811744","targetHints":{"allow":["GET"]}}],"collection":[{"href":"https:\/\/www.europesays.com\/fr\/wp-json\/wp\/v2\/posts"}],"about":[{"href":"https:\/\/www.europesays.com\/fr\/wp-json\/wp\/v2\/types\/post"}],"author":[{"embeddable":true,"href":"https:\/\/www.europesays.com\/fr\/wp-json\/wp\/v2\/users\/2"}],"replies":[{"embeddable":true,"href":"https:\/\/www.europesays.com\/fr\/wp-json\/wp\/v2\/comments?post=811744"}],"version-history":[{"count":0,"href":"https:\/\/www.europesays.com\/fr\/wp-json\/wp\/v2\/posts\/811744\/revisions"}],"wp:featuredmedia":[{"embeddable":true,"href":"https:\/\/www.europesays.com\/fr\/wp-json\/wp\/v2\/media\/811745"}],"wp:attachment":[{"href":"https:\/\/www.europesays.com\/fr\/wp-json\/wp\/v2\/media?parent=811744"}],"wp:term":[{"taxonomy":"category","embeddable":true,"href":"https:\/\/www.europesays.com\/fr\/wp-json\/wp\/v2\/categories?post=811744"},{"taxonomy":"post_tag","embeddable":true,"href":"https:\/\/www.europesays.com\/fr\/wp-json\/wp\/v2\/tags?post=811744"}],"curies":[{"name":"wp","href":"https:\/\/api.w.org\/{rel}","templated":true}]}}