{"id":8120,"date":"2025-04-07T15:01:34","date_gmt":"2025-04-07T15:01:34","guid":{"rendered":"https:\/\/www.europesays.com\/fr\/8120\/"},"modified":"2025-04-07T15:01:34","modified_gmt":"2025-04-07T15:01:34","slug":"avec-sa-deco-bluffante-la-nouvelle-brasserie-louise-a-enfin-ouvert-au-coeur-de-strasbourg","status":"publish","type":"post","link":"https:\/\/www.europesays.com\/fr\/8120\/","title":{"rendered":"Avec sa d\u00e9co bluffante, la nouvelle brasserie \u00ab Louise \u00bb a enfin ouvert au coeur de Strasbourg"},"content":{"rendered":"<p><strong>La semaine derni\u00e8re, la tr\u00e8s attendue brasserie \u00ab Louise \u00bb ouvrait officiellement ses portes au public. Apr\u00e8s de longs mois de travaux et une campagne de communication de grande ampleur, \u00e7a y est, vous pouvez d\u00e9sormais venir manger un bout ou boire un verre dans l\u2019ancienne Brasserie de la Bourse. On vous emm\u00e8ne place du Mar\u00e9chal-de-Lattre-de-Tassigny pour d\u00e9couvrir le nouveau visage de ce lieu au d\u00e9cor bluffant.<\/strong><\/p>\n<p>Le mercredi 2 avril, c\u2019\u00e9tait l\u2019ouverture officielle de Louise, <strong>une nouvelle brasserie contemporaine de 180 couverts ouverte 7 jours sur 7 <\/strong>et jusqu\u2019\u00e0 1h du matin.<\/p>\n<p>Install\u00e9e <strong>dans les anciens locaux de la Brasserie de la Bourse<\/strong>, une institution inaugur\u00e9e en 1927, elle a d\u00e9barqu\u00e9 avec force dans le monde de la restauration strasbourgeoise,<strong> et les attentes \u00e9taient grandes.<\/strong><\/p>\n<p>                <img width=\"375\" height=\"500\" src=\"https:\/\/www.europesays.com\/fr\/wp-content\/uploads\/2025\/04\/brasserie-louisebrasserie-louiseimg-0789-375x500.jpeg\" class=\"attachment-gallery size-gallery\" alt=\"Brasserie LouiseBrasserie LouiseIMG_0789\" data-full-url=\"https:\/\/pokaa.fr\/wp-content\/uploads\/2025\/04\/04\/brasserie-louisebrasserie-louiseimg-0789.jpeg\" decoding=\"async\" loading=\"lazy\"  \/>            <\/p>\n<p>                <img width=\"375\" height=\"500\" src=\"https:\/\/www.europesays.com\/fr\/wp-content\/uploads\/2025\/04\/brasserie-louisebrasserie-louiseimg-0818-375x500.jpeg\" class=\"attachment-gallery size-gallery\" alt=\"Brasserie LouiseBrasserie LouiseIMG_0818\" data-full-url=\"https:\/\/pokaa.fr\/wp-content\/uploads\/2025\/04\/04\/brasserie-louisebrasserie-louiseimg-0818.jpeg\" decoding=\"async\" loading=\"lazy\"  \/>            <\/p>\n<p>                <img width=\"375\" height=\"500\" src=\"https:\/\/www.europesays.com\/fr\/wp-content\/uploads\/2025\/04\/brasserie-louisebrasserie-louiseimg-0832-375x500.jpeg\" class=\"attachment-gallery size-gallery\" alt=\"Brasserie LouiseBrasserie LouiseIMG_0832\" data-full-url=\"https:\/\/pokaa.fr\/wp-content\/uploads\/2025\/04\/04\/brasserie-louisebrasserie-louiseimg-0832.jpeg\" decoding=\"async\" loading=\"lazy\"  \/>            <\/p>\n<p>                <img width=\"375\" height=\"500\" src=\"https:\/\/www.europesays.com\/fr\/wp-content\/uploads\/2025\/04\/brasserie-louisebrasserie-louiseimg-0796-375x500.jpeg\" class=\"attachment-gallery size-gallery\" alt=\"Brasserie LouiseBrasserie LouiseIMG_0796\" data-full-url=\"https:\/\/pokaa.fr\/wp-content\/uploads\/2025\/04\/04\/brasserie-louisebrasserie-louiseimg-0796.jpeg\" decoding=\"async\" loading=\"lazy\"  \/>            <\/p>\n<p>                <img width=\"375\" height=\"500\" src=\"https:\/\/www.europesays.com\/fr\/wp-content\/uploads\/2025\/04\/brasserie-louisebrasserie-louiseimg-0882-375x500.jpeg\" class=\"attachment-gallery size-gallery\" alt=\"Brasserie LouiseBrasserie LouiseIMG_0882\" data-full-url=\"https:\/\/pokaa.fr\/wp-content\/uploads\/2025\/04\/04\/brasserie-louisebrasserie-louiseimg-0882.jpeg\" decoding=\"async\" loading=\"lazy\"  \/>            <\/p>\n<p>                    \u00a9 Bastien Pietronave \/ Pokaa<\/p>\n<p>Au c\u0153ur d\u2019un somptueux b\u00e2timent n\u00e9o-classique,<strong> on d\u00e9couvre une grande salle lumineuse avec un comptoir central qui fait office de bar<\/strong>. Deux petites salles annexes, plus intimistes, compl\u00e8tent le tableau.<\/p>\n<p><strong>Un m\u00e9lange d\u2019Art d\u00e9co et d\u2019Art nouveau<\/strong>, de beaux volumes sous plafond et un look de brasserie contemporaine \u00e0 la fois chic et vintage, <strong>c\u00f4t\u00e9 mobilier et d\u00e9co, c\u2019est vraiment r\u00e9ussi.<\/strong><\/p>\n<p>En plus, des \u00e9l\u00e9ments, comme le plafond en trompe-l\u2019\u0153il et le sol en mosa\u00efque, ont \u00e9t\u00e9 conserv\u00e9s, <strong>un clin d\u2019\u0153il r\u00e9ussi \u00e0 l\u2019ancienne brasserie <\/strong>qui se pare d\u00e9sormais d\u2019un bleu cobalt et de tons orang\u00e9s.<\/p>\n<p>                <img width=\"375\" height=\"500\" src=\"https:\/\/www.europesays.com\/fr\/wp-content\/uploads\/2025\/04\/brasserie-louisebrasserie-louiseimg-0828-375x500.jpeg\" class=\"attachment-gallery size-gallery\" alt=\"Brasserie LouiseBrasserie LouiseIMG_0828\" data-full-url=\"https:\/\/pokaa.fr\/wp-content\/uploads\/2025\/04\/04\/brasserie-louisebrasserie-louiseimg-0828.jpeg\" decoding=\"async\" loading=\"lazy\"  \/>            <\/p>\n<p>                <img width=\"375\" height=\"500\" src=\"https:\/\/www.europesays.com\/fr\/wp-content\/uploads\/2025\/04\/brasserie-louisebrasserie-louiseimg-0854-375x500.jpeg\" class=\"attachment-gallery size-gallery\" alt=\"Brasserie LouiseBrasserie LouiseIMG_0854\" data-full-url=\"https:\/\/pokaa.fr\/wp-content\/uploads\/2025\/04\/04\/brasserie-louisebrasserie-louiseimg-0854.jpeg\" decoding=\"async\" loading=\"lazy\"  \/>            <\/p>\n<p>                <img width=\"375\" height=\"500\" src=\"https:\/\/www.europesays.com\/fr\/wp-content\/uploads\/2025\/04\/brasserie-louisebrasserie-louiseimg-0807-2-375x500.jpeg\" class=\"attachment-gallery size-gallery\" alt=\"Brasserie LouiseBrasserie LouiseIMG_0807 2\" data-full-url=\"https:\/\/pokaa.fr\/wp-content\/uploads\/2025\/04\/04\/brasserie-louisebrasserie-louiseimg-0807-2.jpeg\" decoding=\"async\" loading=\"lazy\"  \/>            <\/p>\n<p>                <img width=\"667\" height=\"500\" src=\"https:\/\/www.europesays.com\/fr\/wp-content\/uploads\/2025\/04\/brasserie-louisebrasserie-louiseimg-0794-667x500.jpeg\" class=\"attachment-gallery size-gallery\" alt=\"Brasserie LouiseBrasserie LouiseIMG_0794\" data-full-url=\"https:\/\/pokaa.fr\/wp-content\/uploads\/2025\/04\/04\/brasserie-louisebrasserie-louiseimg-0794.jpeg\" decoding=\"async\" loading=\"lazy\"  \/>            <\/p>\n<p>                    \u00a9 Bastien Pietronave \/ Pokaa<\/p>\n<p>Vous l\u2019avez compris, <strong>visuellement, \u00e7a claque, et chaque \u00e9l\u00e9ment a \u00e9t\u00e9 pens\u00e9 dans le d\u00e9tail<\/strong>, c\u2019est un carton plein. Mais alors, <strong>qu\u2019est-ce qu\u2019on mange chez cette ch\u00e8re Louise ?<\/strong><\/p>\n<p>Une cuisine de brasserie contemporaine encore en rodage<\/p>\n<p>Chez Louise, <strong>l\u2019accent est mis sur un style de cuisine de brasserie contemporaine fran\u00e7aise<\/strong>, avec par-ci par-l\u00e0<strong> des inspirations asiatiques et m\u00e9diterran\u00e9ennes<\/strong> pour certains plats.<\/p>\n<p>\u00c9paule d\u2019agneau de 7h, tartare de b\u0153uf, vol-au-vent, cabillaud au beurre noisette, curry ou risotto,<strong> la palette des saveurs est large et la carte est bien fournie<\/strong>.<\/p>\n<p>                <img width=\"375\" height=\"500\" src=\"https:\/\/www.europesays.com\/fr\/wp-content\/uploads\/2025\/04\/brasserie-louisebrasserie-louiseimg-0913-375x500.jpeg\" class=\"attachment-gallery size-gallery\" alt=\"Brasserie LouiseBrasserie LouiseIMG_0913\" data-full-url=\"https:\/\/pokaa.fr\/wp-content\/uploads\/2025\/04\/04\/brasserie-louisebrasserie-louiseimg-0913.jpeg\" decoding=\"async\" loading=\"lazy\"  \/>            <\/p>\n<p>                <img width=\"375\" height=\"500\" src=\"https:\/\/www.europesays.com\/fr\/wp-content\/uploads\/2025\/04\/brasserie-louisebrasserie-louiseimg-0876-375x500.jpeg\" class=\"attachment-gallery size-gallery\" alt=\"Brasserie LouiseBrasserie LouiseIMG_0876\" data-full-url=\"https:\/\/pokaa.fr\/wp-content\/uploads\/2025\/04\/04\/brasserie-louisebrasserie-louiseimg-0876.jpeg\" decoding=\"async\" loading=\"lazy\"  \/>            <\/p>\n<p>                <img width=\"375\" height=\"500\" src=\"https:\/\/www.europesays.com\/fr\/wp-content\/uploads\/2025\/04\/brasserie-louisebrasserie-louiseimg-0920-375x500.jpeg\" class=\"attachment-gallery size-gallery\" alt=\"Brasserie LouiseBrasserie LouiseIMG_0920\" data-full-url=\"https:\/\/pokaa.fr\/wp-content\/uploads\/2025\/04\/04\/brasserie-louisebrasserie-louiseimg-0920.jpeg\" decoding=\"async\" loading=\"lazy\"  \/>            <\/p>\n<p>                    \u00a9 Bastien Pietronave \/ Pokaa<\/p>\n<p><strong>On retrouve aussi des suggestions<\/strong> comme le saumon gravlax, le p\u00e2t\u00e9 en cro\u00fbte, le filet de b\u0153uf ou la salade C\u00e9sar, et des entr\u00e9es comme le ceviche, l\u2019\u0153uf parfait, le croque-monsieur \u00e0 la truffe ou les incontournables escargots.<\/p>\n<p><strong>Comptez de 8,50 \u20ac \u00e0 15,50 \u20ac pour les entr\u00e9es, et de 15,50 \u20ac \u00e0 29,50 \u20ac pour les plats.<\/strong><\/p>\n<p>Le midi, du lundi au vendredi (jusqu\u2019\u00e0 15h), <strong>une formule d\u00e9jeuner est \u00e9galement propos\u00e9e<\/strong> (entr\u00e9e + plat + dessert \u00e0 25 \u20ac)<\/p>\n<p>                <img width=\"375\" height=\"500\" src=\"https:\/\/www.europesays.com\/fr\/wp-content\/uploads\/2025\/04\/brasserie-louisebrasserie-louiseimg-0917-375x500.jpeg\" class=\"attachment-gallery size-gallery\" alt=\"Brasserie LouiseBrasserie LouiseIMG_0917\" data-full-url=\"https:\/\/pokaa.fr\/wp-content\/uploads\/2025\/04\/04\/brasserie-louisebrasserie-louiseimg-0917.jpeg\" decoding=\"async\" loading=\"lazy\"  \/>            <\/p>\n<p>                <img width=\"667\" height=\"500\" src=\"https:\/\/www.europesays.com\/fr\/wp-content\/uploads\/2025\/04\/brasserie-louisebrasserie-louiseimg-0805-667x500.jpeg\" class=\"attachment-gallery size-gallery\" alt=\"Brasserie LouiseBrasserie LouiseIMG_0805\" data-full-url=\"https:\/\/pokaa.fr\/wp-content\/uploads\/2025\/04\/04\/brasserie-louisebrasserie-louiseimg-0805.jpeg\" decoding=\"async\" loading=\"lazy\"  \/>            <\/p>\n<p>                    \u00a9 Bastien Pietronave \/ Pokaa<\/p>\n<p>Et puisque l\u2019on peut venir manger toute la journ\u00e9e,<strong> un petit-d\u00e9jeuner est propos\u00e9 le matin, et une carte de suggestions prend le relais jusque tard dans la soir\u00e9e.<\/strong><\/p>\n<p>En fait, quelle que soit l\u2019heure \u00e0 laquelle vous venez, <strong>vous aurez toujours quelque chose \u00e0 vous mettre sous la dent.<\/strong><\/p>\n<p><strong>De notre c\u00f4t\u00e9, nous avons eu la chance de tester la brasserie Louise en avant-premi\u00e8re, la veille de son ouverture officielle, le premier avril donc.<\/strong><\/p>\n<p>                <img width=\"375\" height=\"500\" src=\"https:\/\/www.europesays.com\/fr\/wp-content\/uploads\/2025\/04\/brasserie-louisebrasserie-louiseimg-2874-375x500.jpeg\" class=\"attachment-gallery size-gallery\" alt=\"Brasserie LouiseBrasserie LouiseIMG_2874\" data-full-url=\"https:\/\/pokaa.fr\/wp-content\/uploads\/2025\/04\/04\/brasserie-louisebrasserie-louiseimg-2874.jpeg\" decoding=\"async\" loading=\"lazy\"  \/>            <\/p>\n<p>                <img width=\"375\" height=\"500\" src=\"https:\/\/www.europesays.com\/fr\/wp-content\/uploads\/2025\/04\/brasserie-louisebrasserie-louiseimg-0837-375x500.jpeg\" class=\"attachment-gallery size-gallery\" alt=\"Brasserie LouiseBrasserie LouiseIMG_0837\" data-full-url=\"https:\/\/pokaa.fr\/wp-content\/uploads\/2025\/04\/04\/brasserie-louisebrasserie-louiseimg-0837.jpeg\" decoding=\"async\" loading=\"lazy\"  \/>            <\/p>\n<p>                <img width=\"375\" height=\"500\" src=\"https:\/\/www.europesays.com\/fr\/wp-content\/uploads\/2025\/04\/brasserie-louisebrasserie-louiseimg-0803-375x500.jpeg\" class=\"attachment-gallery size-gallery\" alt=\"Brasserie LouiseBrasserie LouiseIMG_0803\" data-full-url=\"https:\/\/pokaa.fr\/wp-content\/uploads\/2025\/04\/04\/brasserie-louisebrasserie-louiseimg-0803.jpeg\" decoding=\"async\" loading=\"lazy\"  \/>            <\/p>\n<p>                <img width=\"375\" height=\"500\" src=\"https:\/\/www.europesays.com\/fr\/wp-content\/uploads\/2025\/04\/brasserie-louisebrasserie-louiseimg-0870-375x500.jpeg\" class=\"attachment-gallery size-gallery\" alt=\"Brasserie LouiseBrasserie LouiseIMG_0870\" data-full-url=\"https:\/\/pokaa.fr\/wp-content\/uploads\/2025\/04\/04\/brasserie-louisebrasserie-louiseimg-0870.jpeg\" decoding=\"async\" loading=\"lazy\"  \/>            <\/p>\n<p>                    \u00a9 Bastien Pietronave \/ Pokaa<\/p>\n<p>Ce jour-l\u00e0, <strong>la cuisine a rencontr\u00e9 des impr\u00e9vus<\/strong>. Il semble donc <strong>difficile pour le moment de donner un avis effectif sur la proposition de la brasserie<\/strong>, mais au service du soir, les choses semblaient \u00eatre rentr\u00e9es dans l\u2019ordre.<\/p>\n<p>Comme souvent, lors de grosses ouvertures comme celle-ci, un temps de rodage est n\u00e9cessaire. <strong>On vous conseille donc d\u2019attendre quelques jours avant de venir vous faire votre id\u00e9e.<\/strong><\/p>\n<p>On reviendra tr\u00e8s vite <strong>pour vous proposer un article complet sur ce que l\u2019on trouvera vraiment dans les assiettes, <\/strong>une fois la temp\u00eate pass\u00e9e.<\/p>\n<p>            Brasserie Louise <\/p>\n<p>            Quoi ?<br \/>\n            Restaurant \/ bar \/ caf\u00e9         <\/p>\n<p>            o\u00f9 ?<br \/>\n            1 place du Mar\u00e9chal-de-Lattre-de-Tassigny, \u00e0 Strasbourg        <\/p>\n<p>                Plus d&rsquo;infos ?<\/p>\n<p><strong><a href=\"https:\/\/www.google.com\/url?sa=t&amp;source=web&amp;rct=j&amp;opi=89978449&amp;url=https:\/\/www.instagram.com\/brasserie_louise\/&amp;ved=2ahUKEwj2r5Gg6b2MAxXCvycCHdpZIOQQFnoECEAQAQ&amp;usg=AOvVaw1FAL6PnvdTfG7jy11kUGl2\" target=\"_blank\" rel=\"noopener\">La page Instagram<\/a><\/strong><\/p>\n<p><strong><a href=\"https:\/\/www.google.com\/url?sa=t&amp;source=web&amp;rct=j&amp;opi=89978449&amp;url=https:\/\/www.facebook.com\/profile.php%3Fid%3D61572482217923&amp;ved=2ahUKEwj2r5Gg6b2MAxXCvycCHdpZIOQQFnoECCYQAQ&amp;usg=AOvVaw01G8UvLj-0sKpLjD_CodY0\" target=\"_blank\" rel=\"noopener\">La page Facebook<\/a><\/strong><\/p>\n<p>Tel : 03 88 36 40 53<\/p>\n<p>\u00a0<\/p>\n<p>    <img width=\"800\" height=\"600\" src=\"https:\/\/www.europesays.com\/fr\/wp-content\/uploads\/2025\/04\/brasserie-louisebrasserie-louiseimg-0798-800x600.jpeg\" class=\"attachment-image-size-L size-image-size-L\" alt=\"Brasserie LouiseBrasserie LouiseIMG_0798\" decoding=\"async\" loading=\"lazy\"  \/>         \u00a9 Bastien Pietronave \/ Pokaa <\/p>\n<p><script async src=\"\/\/www.instagram.com\/embed.js\"><\/script><\/p>\n","protected":false},"excerpt":{"rendered":"La semaine derni\u00e8re, la tr\u00e8s attendue brasserie \u00ab Louise \u00bb ouvrait officiellement ses portes au public. Apr\u00e8s de&hellip;\n","protected":false},"author":2,"featured_media":8121,"comment_status":"","ping_status":"","sticky":false,"template":"","format":"standard","meta":{"footnotes":""},"categories":[2820],"tags":[1111,11,4305,4306,1777,674,1011,27,775,12,25,640],"class_list":{"0":"post-8120","1":"post","2":"type-post","3":"status-publish","4":"format-standard","5":"has-post-thumbnail","7":"category-strasbourg","8":"tag-actu","9":"tag-actualites","10":"tag-brasserie","11":"tag-brasserie-louise","12":"tag-eu","13":"tag-europe","14":"tag-fr","15":"tag-france","16":"tag-grand-est","17":"tag-news","18":"tag-republique-francaise","19":"tag-strasbourg"},"share_on_mastodon":{"url":"https:\/\/pubeurope.com\/@fr\/114297286580377595","error":""},"_links":{"self":[{"href":"https:\/\/www.europesays.com\/fr\/wp-json\/wp\/v2\/posts\/8120","targetHints":{"allow":["GET"]}}],"collection":[{"href":"https:\/\/www.europesays.com\/fr\/wp-json\/wp\/v2\/posts"}],"about":[{"href":"https:\/\/www.europesays.com\/fr\/wp-json\/wp\/v2\/types\/post"}],"author":[{"embeddable":true,"href":"https:\/\/www.europesays.com\/fr\/wp-json\/wp\/v2\/users\/2"}],"replies":[{"embeddable":true,"href":"https:\/\/www.europesays.com\/fr\/wp-json\/wp\/v2\/comments?post=8120"}],"version-history":[{"count":0,"href":"https:\/\/www.europesays.com\/fr\/wp-json\/wp\/v2\/posts\/8120\/revisions"}],"wp:featuredmedia":[{"embeddable":true,"href":"https:\/\/www.europesays.com\/fr\/wp-json\/wp\/v2\/media\/8121"}],"wp:attachment":[{"href":"https:\/\/www.europesays.com\/fr\/wp-json\/wp\/v2\/media?parent=8120"}],"wp:term":[{"taxonomy":"category","embeddable":true,"href":"https:\/\/www.europesays.com\/fr\/wp-json\/wp\/v2\/categories?post=8120"},{"taxonomy":"post_tag","embeddable":true,"href":"https:\/\/www.europesays.com\/fr\/wp-json\/wp\/v2\/tags?post=8120"}],"curies":[{"name":"wp","href":"https:\/\/api.w.org\/{rel}","templated":true}]}}