{"id":81212,"date":"2025-05-07T06:42:09","date_gmt":"2025-05-07T06:42:09","guid":{"rendered":"https:\/\/www.europesays.com\/fr\/81212\/"},"modified":"2025-05-07T06:42:09","modified_gmt":"2025-05-07T06:42:09","slug":"le-kremlin-recrute-des-espions-jetables-sur-tiktok-contre-lukraine-ou-la-france","status":"publish","type":"post","link":"https:\/\/www.europesays.com\/fr\/81212\/","title":{"rendered":"Le Kremlin recrute des espions \u00ab jetables \u00bb sur TikTok contre l&rsquo;Ukraine ou la France"},"content":{"rendered":"<p>La t\u00eate baiss\u00e9e entre deux agents cagoul\u00e9s, la courte carri\u00e8re d&rsquo;espion d&rsquo;Oksana Sergeiva a pris fin ce 5 mai. Les services de contre-espionnage ukrainien (SBU) ont annonc\u00e9 lundi l&rsquo;arrestation d&rsquo;une quadrag\u00e9naire sur leur cha\u00eene Telegram, accus\u00e9e d&rsquo;avoir identifi\u00e9 et photographi\u00e9 des positions des forces ukrainiennes \u00e0 Pokrovsk, l&rsquo;un des secteurs o\u00f9 les affrontements sont actuellement les plus intenses.<\/p>\n<p>Selon les autorit\u00e9s ukrainiennes, elle aurait \u00e9t\u00e9 rep\u00e9r\u00e9e par le renseignement russe apr\u00e8s des diffusions en direct sur TikTok. Le FSB (les services secrets russes) l&rsquo;a ensuite contact\u00e9e avant de passer sur une autre messagerie. La suspecte a \u00e9t\u00e9 arr\u00eat\u00e9e alors qu&rsquo;elle effectuait des rep\u00e9rages dans les environs de sa ville natale, tentant de localiser des positions de troupes ukrainiennes.<\/p>\n","protected":false},"excerpt":{"rendered":"La t\u00eate baiss\u00e9e entre deux agents cagoul\u00e9s, la courte carri\u00e8re d&rsquo;espion d&rsquo;Oksana Sergeiva a pris fin ce 5&hellip;\n","protected":false},"author":2,"featured_media":81213,"comment_status":"","ping_status":"","sticky":false,"template":"","format":"standard","meta":{"footnotes":""},"categories":[1590],"tags":[17,11,154,18860,1777,674,18861,4998,12,18859,3356,1807,2439,220],"class_list":{"0":"post-81212","1":"post","2":"type-post","3":"status-publish","4":"format-standard","5":"has-post-thumbnail","7":"category-ukraine","8":"tag-17","9":"tag-actualites","10":"tag-des","11":"tag-espions","12":"tag-eu","13":"tag-europe","14":"tag-jetables","15":"tag-kremlin","16":"tag-news","17":"tag-recrute","18":"tag-sur","19":"tag-technos-medias","20":"tag-tiktok","21":"tag-ukraine"},"share_on_mastodon":{"url":"https:\/\/pubeurope.com\/@fr\/114465193631502338","error":""},"_links":{"self":[{"href":"https:\/\/www.europesays.com\/fr\/wp-json\/wp\/v2\/posts\/81212","targetHints":{"allow":["GET"]}}],"collection":[{"href":"https:\/\/www.europesays.com\/fr\/wp-json\/wp\/v2\/posts"}],"about":[{"href":"https:\/\/www.europesays.com\/fr\/wp-json\/wp\/v2\/types\/post"}],"author":[{"embeddable":true,"href":"https:\/\/www.europesays.com\/fr\/wp-json\/wp\/v2\/users\/2"}],"replies":[{"embeddable":true,"href":"https:\/\/www.europesays.com\/fr\/wp-json\/wp\/v2\/comments?post=81212"}],"version-history":[{"count":0,"href":"https:\/\/www.europesays.com\/fr\/wp-json\/wp\/v2\/posts\/81212\/revisions"}],"wp:featuredmedia":[{"embeddable":true,"href":"https:\/\/www.europesays.com\/fr\/wp-json\/wp\/v2\/media\/81213"}],"wp:attachment":[{"href":"https:\/\/www.europesays.com\/fr\/wp-json\/wp\/v2\/media?parent=81212"}],"wp:term":[{"taxonomy":"category","embeddable":true,"href":"https:\/\/www.europesays.com\/fr\/wp-json\/wp\/v2\/categories?post=81212"},{"taxonomy":"post_tag","embeddable":true,"href":"https:\/\/www.europesays.com\/fr\/wp-json\/wp\/v2\/tags?post=81212"}],"curies":[{"name":"wp","href":"https:\/\/api.w.org\/{rel}","templated":true}]}}