{"id":81222,"date":"2025-05-07T06:47:12","date_gmt":"2025-05-07T06:47:12","guid":{"rendered":"https:\/\/www.europesays.com\/fr\/81222\/"},"modified":"2025-05-07T06:47:12","modified_gmt":"2025-05-07T06:47:12","slug":"opinion-la-trahison-europeenne-de-zelenski","status":"publish","type":"post","link":"https:\/\/www.europesays.com\/fr\/81222\/","title":{"rendered":"OPINION. \u00ab La trahison europ\u00e9enne de Zelenski \u00bb"},"content":{"rendered":"<p>Le Pr\u00e9sident Trump, m\u00eame quand il n&rsquo;\u00e9tait que candidat, a tr\u00e8s vite consid\u00e9r\u00e9 que la guerre europ\u00e9enne \u00e9tait lointaine et co\u00fbteuse. Pour Kiev, la menace \u00e9tait claire\u00a0: l&rsquo;arr\u00eat de l&rsquo;aide militaire am\u00e9ricaine serait une catastrophe. L&rsquo;Ukraine a besoin des armes, des munitions et du renseignement am\u00e9ricain. Les mouvements de troupes, la localisation des cibles, le guidage des missiles, les coups au but, d\u00e9pendent beaucoup des informations fournies par Washington. Sans ces donn\u00e9es, les troupes ukrainiennes reculent. Malgr\u00e9 la tentation du repli, la porte est ouverte \u00e0 la n\u00e9gociation. Commencer par intimider, mettre son colt (ou les droits de douane) sur la table et discuter ensuite. Nous allons partir, dit le pr\u00e9sident am\u00e9ricain en substance, \u00e0 moins que vous soyez gentil (\u00ab\u2009kind\u2009\u00bb est souvent utilis\u00e9 par Donald Trump, un affectif comme chacun sait). \u00c0 d\u00e9faut d&rsquo;argent (\u00e7a, c&rsquo;est r\u00e9serv\u00e9 aux Europ\u00e9ens de l&rsquo;OTAN), une contribution en nature ferait l&rsquo;affaire.<\/p>\n<p>Et justement, l&rsquo;Ukraine a de r\u00e9serves de terres rares dont tous les pays ont besoin tant elles sont omnipr\u00e9sentes dans le num\u00e9rique, l&rsquo;armement et les technologies li\u00e9es \u00e0 la d\u00e9carbonation. Le secteur est aujourd&rsquo;hui domin\u00e9 par la Chine. Terres rares contre soutien militaire. La realpolitik au temps du lithium. En f\u00e9vrier, le contrat est presque pr\u00eat. Malgr\u00e9 le clash du bureau ovale, le pr\u00e9sident ukrainien maintient que \u00ab\u2009l&rsquo;accord est sur la table et sera sign\u00e9 si toutes les parties sont pr\u00eates\u2009\u00bb. Le pr\u00e9sident am\u00e9ricain attend que son homologue \u00ab\u2009d\u00e9montre un engagement de bonne foi en faveur de la paix\u2009\u00bb. Il faut comprendre bon deal. Reste le moment. Ce sera celui des fun\u00e9railles du pape le 26\u00a0avril. La photo des deux pr\u00e9sidents, assis face \u00e0 face dans une salle marbr\u00e9e de la basilique Saint-Pierre, fera date. La rencontre fut \u00ab\u2009productive\u2009\u00bb d\u00e9clare la Maison-Blanche. Deux jours plus tard, l&rsquo;accord est sign\u00e9 \u00e0 Kiev. Il pr\u00e9voit la cr\u00e9ation d&rsquo;un fonds commun d&rsquo;investissement destin\u00e9 \u00e0 la reconstruction du pays, une nouvelle assistance militaire et un acc\u00e8s pr\u00e9f\u00e9rentiel aux ressources naturelles ukrainiennes. M\u00eame si Kiev pr\u00e9cise que l&rsquo;Ukraine \u00ab\u2009conserve l&rsquo;enti\u00e8re propri\u00e9t\u00e9 et le contr\u00f4le\u2009\u00bb de ses ressources de sous-sol. \u00ab\u2009Ils ont des super-terres rares et l&rsquo;accord va nous rapporter bien plus que 350\u00a0milliards\u2009\u00bb, commentera le pr\u00e9sident am\u00e9ricain (BFM\/AFP 1er\u00a0mai 2025). Terres rares et milliards, un bon accord, assur\u00e9ment.<\/p>\n<p>L&rsquo;UE s&rsquo;int\u00e9resse aussi aux \u00ab\u2009mati\u00e8res premi\u00e8res critiques\u2009\u00bb de l&rsquo;Ukraine et croyait avoir un avantage. Car le 13\u00a0juillet 2021, l&rsquo;UE et l&rsquo;Ukraine ont sign\u00e9 \u00e0 Kiev un accord de partenariat sur ce sujet. Un <a href=\"https:\/\/single-market-economy.ec.europa.eu\/news\/eu-and-ukraine-kick-start-strategic-partnership-raw-materials-2021-07-13_en\" target=\"_blank\" rel=\"noopener\">\u00ab\u2009Memorandum of Understanding on a Strategic Partnership on Raw Materials\u2009\u00bb<\/a>. Cette \u00ab\u2009solide base de partenariat\u2009\u00bb pr\u00e9voit une \u00ab\u2009int\u00e9gration\u00a0avanc\u00e9e\u2009\u00bb sur les mati\u00e8res premi\u00e8res, via notamment une coop\u00e9ration dans l&rsquo;extraction et le raffinage. En octobre 2024, la Commission y voit \u00ab\u2009une priorit\u00e9 cruciale\u2009\u00bb de la coop\u00e9ration avec l&rsquo;UE. En f\u00e9vrier 2025, alors que les n\u00e9gociations avec les \u00c9tats-Unis n&rsquo;augurent rien de bon pour l&rsquo;UE, la Commission att\u00e9nuera la port\u00e9e du m\u00e9morandum consid\u00e9rant qu&rsquo;il \u00ab\u2009portait sur les capacit\u00e9s dans les pays partenaires et non sur l&rsquo;utilisation des terres rares\u2009\u00bb (agenzia Nova, 25\u00a0f\u00e9vrier 2025).<\/p>\n<p>Comment nier que l&rsquo;accord am\u00e9ricain percute l&rsquo;accord europ\u00e9en sign\u00e9 quatre ans auparavant\u2009? Un geste au minimum d\u00e9loyal. Pourtant, ni l&rsquo;UE, ni le personnel politique, ni m\u00eame les m\u00e9dias \u2014 \u00e0 l&rsquo;exception des italiens\u2014, n&rsquo;en ont parl\u00e9. Comment expliquer ce mutisme\u2009?<\/p>\n<p>Cet accord am\u00e9ricain <strong>remet en cause un r\u00e9cit<\/strong> partag\u00e9 par l&rsquo;UE et l&rsquo;Ukraine. Durant quatre ans, les discours se sont emboit\u00e9s dans une belle harmonie. L&rsquo;Ukraine n&rsquo;a eu de cesse d&rsquo;affirmer son attachement \u00e0 l&rsquo;UE. Elle est le fer de lance de la d\u00e9mocratie europ\u00e9enne. Pour l&rsquo;UE, \u00ab\u2009L&rsquo;Ukraine fait partie de la famille europ\u00e9enne\u2009\u00bb, sa demande d&rsquo;adh\u00e9sion est examin\u00e9e au plus vite. Mieux, l&rsquo;Ukraine est un ciment identitaire pour l&rsquo;UE. L&rsquo;UE ne savait pas o\u00f9 \u00e9tait ses fronti\u00e8res, maintenant, elle le sait. L&rsquo;UE, r\u00e9ceptacle des d\u00e9mocraties, trouve enfin une dimension g\u00e9opolitique et m\u00eame une dimension militaire. L&rsquo;UE d\u00e9fend l&rsquo;Ukraine et l&rsquo;Ukraine d\u00e9fend l&rsquo;Europe. Il n&rsquo;y a pas une feuille de papier entre l&rsquo;esp\u00e9rance ukrainienne et l&rsquo;ouverture europ\u00e9enne. Hors la signature en bas du document. Mais l&rsquo;idylle n&rsquo;a-t-elle pas \u00e9t\u00e9 surjou\u00e9e\u2009? Malgr\u00e9 les embrassades et les d\u00e9clarations, cet accord am\u00e9ricain ressemble \u00e0 une fourberie, une trahison. Car c&rsquo;est bien avec un autre que l&rsquo;UE se pacse.<\/p>\n<p><strong>Cet accord pourrait affecter les projets europ\u00e9ens<\/strong> ou au moins les ralentir. Car l&rsquo;UE est engag\u00e9e dans deux processus aux cons\u00e9quences consid\u00e9rables. L&rsquo;engagement financier puisque l&rsquo;UE est le premier bailleur de l&rsquo;Ukraine, garantit ses emprunts, et s&rsquo;appr\u00eate \u00e0 financer sa reconstruction. Il serait cocasse que l&rsquo;engagement ukrainien dans le fonds commun d&rsquo;investissement avec les \u00c9tats-Unis soit financ\u00e9&#8230; par l&rsquo;UE\u2009! L&rsquo;engagement institutionnel ensuite, avec la perspective d&rsquo;adh\u00e9sion \u00e0 l&rsquo;UE. Comment poursuivre un processus comme si rien ne s&rsquo;\u00e9tait pass\u00e9\u2009? Un peu de circonspection avant d&rsquo;int\u00e9grer un partenaire qui s&rsquo;est montr\u00e9 si peu reconnaissant ne serait pas inopportune.<\/p>\n<p>Enfin, cet accord <strong>\u00e9branle les fondements m\u00eames de la construction europ\u00e9enne<\/strong>. Il montre et d\u00e9montre que dans les relations internationales, tous les pays d\u00e9fendent d&rsquo;abord leurs int\u00e9r\u00eats. On ne saurait les bl\u00e2mer. L&rsquo;UE est sans doute le seul ensemble \u00e0 ne pas le faire. L&rsquo;UE cr\u00e9dule regarde les trains et les terres rares lui passer sous le nez. L&rsquo;accord est \u00ab\u2009un coup de boost pour le moral de l&rsquo;Ukraine\u2009\u00bb. L&rsquo;UE, de son c\u00f4t\u00e9, cherche un antid\u00e9presseur.<\/p>\n","protected":false},"excerpt":{"rendered":"Le Pr\u00e9sident Trump, m\u00eame quand il n&rsquo;\u00e9tait que candidat, a tr\u00e8s vite consid\u00e9r\u00e9 que la guerre europ\u00e9enne \u00e9tait&hellip;\n","protected":false},"author":2,"featured_media":81223,"comment_status":"","ping_status":"","sticky":false,"template":"","format":"standard","meta":{"footnotes":""},"categories":[1586],"tags":[17,11,1777,674,1779,4538,1011,27,12,4536,1427,25,18862,1778,364,18863],"class_list":{"0":"post-81222","1":"post","2":"type-post","3":"status-publish","4":"format-standard","5":"has-post-thumbnail","7":"category-europe","8":"tag-17","9":"tag-actualites","10":"tag-eu","11":"tag-europe","12":"tag-european-union","13":"tag-europeenne","14":"tag-fr","15":"tag-france","16":"tag-news","17":"tag-opinion","18":"tag-opinions","19":"tag-republique-francaise","20":"tag-trahison","21":"tag-ue","22":"tag-union-europeenne","23":"tag-zelenski"},"share_on_mastodon":{"url":"https:\/\/pubeurope.com\/@fr\/114465213377842056","error":""},"_links":{"self":[{"href":"https:\/\/www.europesays.com\/fr\/wp-json\/wp\/v2\/posts\/81222","targetHints":{"allow":["GET"]}}],"collection":[{"href":"https:\/\/www.europesays.com\/fr\/wp-json\/wp\/v2\/posts"}],"about":[{"href":"https:\/\/www.europesays.com\/fr\/wp-json\/wp\/v2\/types\/post"}],"author":[{"embeddable":true,"href":"https:\/\/www.europesays.com\/fr\/wp-json\/wp\/v2\/users\/2"}],"replies":[{"embeddable":true,"href":"https:\/\/www.europesays.com\/fr\/wp-json\/wp\/v2\/comments?post=81222"}],"version-history":[{"count":0,"href":"https:\/\/www.europesays.com\/fr\/wp-json\/wp\/v2\/posts\/81222\/revisions"}],"wp:featuredmedia":[{"embeddable":true,"href":"https:\/\/www.europesays.com\/fr\/wp-json\/wp\/v2\/media\/81223"}],"wp:attachment":[{"href":"https:\/\/www.europesays.com\/fr\/wp-json\/wp\/v2\/media?parent=81222"}],"wp:term":[{"taxonomy":"category","embeddable":true,"href":"https:\/\/www.europesays.com\/fr\/wp-json\/wp\/v2\/categories?post=81222"},{"taxonomy":"post_tag","embeddable":true,"href":"https:\/\/www.europesays.com\/fr\/wp-json\/wp\/v2\/tags?post=81222"}],"curies":[{"name":"wp","href":"https:\/\/api.w.org\/{rel}","templated":true}]}}