{"id":81232,"date":"2025-05-07T06:53:11","date_gmt":"2025-05-07T06:53:11","guid":{"rendered":"https:\/\/www.europesays.com\/fr\/81232\/"},"modified":"2025-05-07T06:53:11","modified_gmt":"2025-05-07T06:53:11","slug":"vers-un-retour-de-lex-toulonnais-james-oconnor-pour-la-tournee-des-lions-en-australie","status":"publish","type":"post","link":"https:\/\/www.europesays.com\/fr\/81232\/","title":{"rendered":"vers un retour de l\u2019ex-Toulonnais James O\u2019Connor pour la tourn\u00e9e des Lions en Australie"},"content":{"rendered":"<p>Le s\u00e9lectionneur des Wallabies envisage de rappeler l\u2019ouvreur de 35 ans pour insuffler de l\u2019exp\u00e9rience chez les Wallabies<\/p>\n<p class=\"fig-paragraph\">James O\u2019Connor, qui f\u00eatera ses 35 ans avant le premier test des Lions britanniques et irlandais \u00e0 Brisbane, le 19 juillet, devrait \u00eatre retenu par le s\u00e9lectionneur des Wallabies dans le groupe qui d\u00e9fiera les l\u00e9gendaires Lions lors de leur tourn\u00e9e en Australie.<\/p>\n<p class=\"fig-paragraph\">L\u2019ouvreur aux 64 s\u00e9lections a livr\u00e9 des prestations remarqu\u00e9es avec les Canterbury Crusaders en Super Rugby Pacific, attirant l\u2019attention de Joe Schmidt. \u00abJ\u2019ai eu une bonne conversation\u00bb avec O\u2019Connor, a-t-il d\u00e9clar\u00e9 ce mardi en conf\u00e9rence de presse.<\/p>\n<p class=\"fig-paragraph\">\u00abJames apporterait de l\u2019exp\u00e9rience au groupe (et) un peu de polyvalence dans la mesure o\u00f9 il a \u00e9galement jou\u00e9 centre au cours de sa carri\u00e8re\u00bb, a d\u00e9clar\u00e9 le N\u00e9o-Z\u00e9landais. Son choix \u00e0 l\u2019ouverture se portait sur Noah Lolesio, Tom Lynagh, 22 ans, ayant fait \u00e9galement ses d\u00e9buts avec les Wallabies l\u2019ann\u00e9e derni\u00e8re.<\/p>\n<p>Titulaire lors de la pr\u00e9c\u00e9dente tourn\u00e9e des Lions en&#8230; 2013\u00a0!<\/p>\n<p class=\"fig-paragraph\">\u00abTom, et m\u00eame Noah, sont encore jeunes en termes d\u2019exp\u00e9rience internationale. James fait donc partie du casse-t\u00eate. Nous travaillerons dur pour obtenir le meilleur \u00e9quilibre\u00bb, a pr\u00e9cis\u00e9 Joe Schmidt.<\/p>\n<p class=\"fig-paragraph\">O\u2019Connor portait le num\u00e9ro 10 des Wallabies lors de la pr\u00e9c\u00e9dente tourn\u00e9e des Lions en Australie en\u2026 2013 (d\u00e9faite 2-1). Les trois tests contre les Wallabies auront lieu le 19 juillet \u00e0 Brisbane, le 26 \u00e0 Melbourne et le 2 ao\u00fbt \u00e0 Sydney.<\/p>\n","protected":false},"excerpt":{"rendered":"Le s\u00e9lectionneur des Wallabies envisage de rappeler l\u2019ouvreur de 35 ans pour insuffler de l\u2019exp\u00e9rience chez les Wallabies&hellip;\n","protected":false},"author":2,"featured_media":81233,"comment_status":"","ping_status":"","sticky":false,"template":"","format":"standard","meta":{"footnotes":""},"categories":[1416],"tags":[2306,5035,525,2309,1981,2313,1089,451,814,1011,27,18864,955,2308,2311,1980,479,1468,2259,2307,60,478,2310,2312,513],"class_list":{"0":"post-81232","1":"post","2":"type-post","3":"status-publish","4":"format-standard","5":"has-post-thumbnail","7":"category-rugby","8":"tag-6-nations","9":"tag-australie","10":"tag-calendrier","11":"tag-challenge-europeen","12":"tag-classement","13":"tag-clermont","14":"tag-coupe-deurope","15":"tag-coupe-du-monde","16":"tag-direct","17":"tag-fr","18":"tag-france","19":"tag-lions","20":"tag-match","21":"tag-pro-d2","22":"tag-racing","23":"tag-resultats","24":"tag-rugby","25":"tag-rugby-football","26":"tag-score","27":"tag-six-nations","28":"tag-sports","29":"tag-top-14","30":"tag-toulon","31":"tag-toulouse","32":"tag-xv-de-france"},"share_on_mastodon":{"url":"https:\/\/pubeurope.com\/@fr\/114465236801753259","error":""},"_links":{"self":[{"href":"https:\/\/www.europesays.com\/fr\/wp-json\/wp\/v2\/posts\/81232","targetHints":{"allow":["GET"]}}],"collection":[{"href":"https:\/\/www.europesays.com\/fr\/wp-json\/wp\/v2\/posts"}],"about":[{"href":"https:\/\/www.europesays.com\/fr\/wp-json\/wp\/v2\/types\/post"}],"author":[{"embeddable":true,"href":"https:\/\/www.europesays.com\/fr\/wp-json\/wp\/v2\/users\/2"}],"replies":[{"embeddable":true,"href":"https:\/\/www.europesays.com\/fr\/wp-json\/wp\/v2\/comments?post=81232"}],"version-history":[{"count":0,"href":"https:\/\/www.europesays.com\/fr\/wp-json\/wp\/v2\/posts\/81232\/revisions"}],"wp:featuredmedia":[{"embeddable":true,"href":"https:\/\/www.europesays.com\/fr\/wp-json\/wp\/v2\/media\/81233"}],"wp:attachment":[{"href":"https:\/\/www.europesays.com\/fr\/wp-json\/wp\/v2\/media?parent=81232"}],"wp:term":[{"taxonomy":"category","embeddable":true,"href":"https:\/\/www.europesays.com\/fr\/wp-json\/wp\/v2\/categories?post=81232"},{"taxonomy":"post_tag","embeddable":true,"href":"https:\/\/www.europesays.com\/fr\/wp-json\/wp\/v2\/tags?post=81232"}],"curies":[{"name":"wp","href":"https:\/\/api.w.org\/{rel}","templated":true}]}}