{"id":81240,"date":"2025-05-07T06:58:10","date_gmt":"2025-05-07T06:58:10","guid":{"rendered":"https:\/\/www.europesays.com\/fr\/81240\/"},"modified":"2025-05-07T06:58:10","modified_gmt":"2025-05-07T06:58:10","slug":"cyclisme-guillaume-boisgontier-va-faire-le-tour-de-la-manche-en-24-heures","status":"publish","type":"post","link":"https:\/\/www.europesays.com\/fr\/81240\/","title":{"rendered":"Cyclisme. Guillaume Boisgontier va faire le Tour de la Manche\u2026 en 24 heures\u00a0!"},"content":{"rendered":"<p>            Par<br \/>\n        <strong><br \/>\n            <a href=\"https:\/\/actu.fr\/auteur\/b-hue\" title=\"Consulter tous les articles de Baptiste Hue\" rel=\"nofollow noopener\" target=\"_blank\">Baptiste Hue<\/a><br \/>\n        <\/strong><\/p>\n<p>        Publi\u00e9 le<\/p>\n<p>            6 mai 2025 \u00e0 19h34        <\/p>\n<p>Apr\u00e8s G\u00e9rard Bramoull\u00e9 (51\u00a0ans) \u00e0 Saint-Vigor-le-Grand et Ludovic Quentin (48\u00a0ans) \u00e0 <a href=\"https:\/\/actu.fr\/normandie\/la-haye_50236\" rel=\"nofollow noopener\" target=\"_blank\">La\u00a0Haye-du-Puits<\/a> (Manche), c\u2019est encore une ancienne gloire du cyclisme manchois, Guillaume Boisgontier (49\u00a0ans), qui a fait triompher les couleurs du VCC <a href=\"https:\/\/actu.fr\/normandie\/les-pieux_50402\" rel=\"nofollow noopener\" target=\"_blank\">Les Pieux<\/a> jeudi 1er\u00a0mai 2025 \u00e0 <a href=\"https:\/\/actu.fr\/normandie\/denneville_50160\" rel=\"nofollow noopener\" target=\"_blank\">Denneville<\/a>.<\/p>\n<p class=\" wall-content\">Si ce <b>succ\u00e8s en cat\u00e9gorie Access <\/b>n\u2019est \u00e9videmment pas le plus prestigieux de sa carri\u00e8re, marqu\u00e9e notamment par sa victoire au GP de Martinvast le jour de la naissance de son fils (!), il a \u00e9t\u00e9 accueilli avec bonheur par le Cherbourgeois.<\/p>\n<p class=\" wall-content\">\u00ab\u2009La sensation de franchir une ligne en premier, <b>\u00e7a fait comme pour la premi\u00e8re fois\u2009! C\u2019est toujours aussi plaisant\u2009<\/b>\u00bb, confie l\u2019ancien coureur de l\u2019UST Equeurdreville, anim\u00e9 par un sentiment de revanche apr\u00e8s une <b>ann\u00e9e 2024 g\u00e2ch\u00e9e par une appendicite. <\/b>\u00ab\u2009Je n\u2019ai rien fait pendant un an. Apr\u00e8s, j\u2019ai eu du mal \u00e0 remettre dedans.\u2009\u00bb<\/p>\n<p>600\u00a0km en moins de 24\u00a0heures<\/p>\n<p class=\" wall-content\">D\u00e9sormais <b>d\u00e9lest\u00e9 des 12 kilos qu\u2019il a pris durant sa convalescence<\/b>, il a retrouv\u00e9 son coup de p\u00e9dale. Et surtout l\u2019envie de se lancer de nouveaux d\u00e9fis XXL.<\/p>\n<p class=\" wall-content\">Ce <b>sp\u00e9cialiste des longues distances<\/b> va ainsi s\u2019attaquer <b>ce vendredi 9\u00a0mai<\/b> au \u00ab\u2009Cap ou pas Cap\u2009\u00bb, un <b>brevet de 600\u00a0km propos\u00e9 par le club de cyclo de Montebourg\/Saint-Germain-de-Tournebut.<\/b> Le principe\u2009? <b>Parcourir l\u2019ensemble du d\u00e9partement de la Manche en \u00e9pousant le littoral et le contour de ses fronti\u00e8res.<\/b><\/p>\n<p class=\" wall-content\">\u00ab\u2009J\u2019esp\u00e8re<b> faire \u00e7a en moins de 24\u00a0heures, sans m\u2019arr\u00eater dormir<\/b>\u2009\u00bb, pr\u00e9vient ce salari\u00e9 d\u2019<a href=\"https:\/\/actu.fr\/tag\/orano-la-hague\" rel=\"nofollow noopener\" target=\"_blank\">Orano La Hague<\/a>, auteur r\u00e9cemment de colossales sorties fonci\u00e8res (<b>415\u00a0km en 15\u00a0heures, 300\u00a0km en 11\u00a0heures, 200\u00a0km en 7\u00a0heures\u2026<\/b>).<\/p>\n<p class=\" wall-content\">\u00ab Je me sens pr\u00eat physiquement. Maintenant, <b>j\u2019appr\u00e9hende de rouler la nuit. On a vite des hallucinations, <\/b>on s\u2019\u00e9vade dans nos pens\u00e9es. Il faut rester vigilant\u2009\u00bb, dit-il.<\/p>\n<p>Un Xtrem Iron Man en Gr\u00e8ce<\/p>\n<p class=\" wall-content\">Apr\u00e8s cette \u00ab\u2009balade\u2009\u00bb dans notre d\u00e9partement, Guillaume Boisgontier entamera sa pr\u00e9paration pour son gros objectif de l\u2019ann\u00e9e, <b>un Xtrem Iron Man en Gr\u00e8ce en octobre <\/b>(3,8 km de natation, 180 km de v\u00e9lo avec 3\u2009800 m D + et un marathon avec 2\u2009000 m D +).<\/p>\n<p class=\" wall-content\"><b> En attendant, on le reverra sur des \u00e9preuves cyclistes locales <\/b>o\u00f9 sa science de la course et sa pointe de vitesse risquent encore de faire couiner les jeunes\u2026<\/p>\n<p class=\" wall-content\">Suivez toute l\u2019actualit\u00e9 de vos villes et m\u00e9dias favoris en vous inscrivant \u00e0 <a href=\"https:\/\/moncompte.actu.fr\" title=\"D\u00e9couvez Mon Actu\" rel=\"nofollow noopener\" data-trk=\"{&quot;cta&quot;:{&quot;action&quot;:&quot;https:\\\/\\\/moncompte.actu.fr&quot;,&quot;category&quot;:&quot;mon compte&quot;,&quot;from&quot;:&quot;article footer&quot;,&quot;name&quot;:&quot;Mon actu&quot;,&quot;type&quot;:&quot;cta&quot;}}\" target=\"_blank\">Mon Actu<\/a>.<\/p>\n","protected":false},"excerpt":{"rendered":"Par Baptiste Hue Publi\u00e9 le 6 mai 2025 \u00e0 19h34 Apr\u00e8s G\u00e9rard Bramoull\u00e9 (51\u00a0ans) \u00e0 Saint-Vigor-le-Grand et Ludovic&hellip;\n","protected":false},"author":2,"featured_media":81241,"comment_status":"","ping_status":"","sticky":false,"template":"","format":"standard","meta":{"footnotes":""},"categories":[1411],"tags":[3168,1154,207,1011,27,1757,60],"class_list":{"0":"post-81240","1":"post","2":"type-post","3":"status-publish","4":"format-standard","5":"has-post-thumbnail","7":"category-cyclisme","8":"tag-cotentin","9":"tag-cycling","10":"tag-cyclisme","11":"tag-fr","12":"tag-france","13":"tag-insolite","14":"tag-sports"},"share_on_mastodon":{"url":"https:\/\/pubeurope.com\/@fr\/114465256482866101","error":""},"_links":{"self":[{"href":"https:\/\/www.europesays.com\/fr\/wp-json\/wp\/v2\/posts\/81240","targetHints":{"allow":["GET"]}}],"collection":[{"href":"https:\/\/www.europesays.com\/fr\/wp-json\/wp\/v2\/posts"}],"about":[{"href":"https:\/\/www.europesays.com\/fr\/wp-json\/wp\/v2\/types\/post"}],"author":[{"embeddable":true,"href":"https:\/\/www.europesays.com\/fr\/wp-json\/wp\/v2\/users\/2"}],"replies":[{"embeddable":true,"href":"https:\/\/www.europesays.com\/fr\/wp-json\/wp\/v2\/comments?post=81240"}],"version-history":[{"count":0,"href":"https:\/\/www.europesays.com\/fr\/wp-json\/wp\/v2\/posts\/81240\/revisions"}],"wp:featuredmedia":[{"embeddable":true,"href":"https:\/\/www.europesays.com\/fr\/wp-json\/wp\/v2\/media\/81241"}],"wp:attachment":[{"href":"https:\/\/www.europesays.com\/fr\/wp-json\/wp\/v2\/media?parent=81240"}],"wp:term":[{"taxonomy":"category","embeddable":true,"href":"https:\/\/www.europesays.com\/fr\/wp-json\/wp\/v2\/categories?post=81240"},{"taxonomy":"post_tag","embeddable":true,"href":"https:\/\/www.europesays.com\/fr\/wp-json\/wp\/v2\/tags?post=81240"}],"curies":[{"name":"wp","href":"https:\/\/api.w.org\/{rel}","templated":true}]}}