{"id":81248,"date":"2025-05-07T07:02:08","date_gmt":"2025-05-07T07:02:08","guid":{"rendered":"https:\/\/www.europesays.com\/fr\/81248\/"},"modified":"2025-05-07T07:02:08","modified_gmt":"2025-05-07T07:02:08","slug":"specialiste-du-vatican-le-nordiste-michel-cool-sort-un-livre-sur-le-pape-francois","status":"publish","type":"post","link":"https:\/\/www.europesays.com\/fr\/81248\/","title":{"rendered":"Sp\u00e9cialiste du Vatican, le Nordiste Michel Cool sort un livre sur le pape Fran\u00e7ois"},"content":{"rendered":"<p>            Par<br \/>\n        <strong><br \/>\n            <a href=\"https:\/\/actu.fr\/auteur\/annesophie-2\" title=\"Consulter tous les articles de Anne-Sophie Hourdeaux\" target=\"_blank\" rel=\"noopener\">Anne-Sophie Hourdeaux<\/a><br \/>\n        <\/strong><\/p>\n<p>        Publi\u00e9 le<\/p>\n<p>            7 mai 2025 \u00e0 8h40        <\/p>\n<p>Il est sorti le 6 mai 2025, soit la veille du conclave. Le <b>nouveau livre du Nordiste Michel Cool,<\/b> <b>sp\u00e9cialiste du Vatican<\/b>, dresse le <b>portrait du pape Fran\u00e7ois<\/b>, <a href=\"https:\/\/actu.fr\/monde\/le-pape-francois-est-mort-et-maintenant-que-va-t-il-se-passer_62301594.html\" target=\"_blank\" rel=\"noopener\">tout juste d\u00e9c\u00e9d\u00e9<\/a>, au fil des 15 chapitres et 15 th\u00e8mes. Le Nordiste, r\u00e9sidant \u00e0 Gennes-Ivergny dans le Pas-de-Calais, travaille sur cet ouvrage depuis septembre 2024. Mais le <a href=\"https:\/\/actu.fr\/societe\/le-pape-francois-est-mort-annonce-le-vatican_62254072.html\" target=\"_blank\" rel=\"noopener\">d\u00e9c\u00e8s du pontife le 21 avril dernier<\/a> a acc\u00e9l\u00e9r\u00e9 le bouclage, pour une sortie pile au moment du <a href=\"https:\/\/actu.fr\/monde\/conclave-coupes-du-monde-surveilles-sans-reseau-ce-qui-attend-les-133-cardinaux-des-ce-mercredi_62599664.html\" target=\"_blank\" rel=\"noopener\">conclave qui doit d\u00e9signer un nouveau pape<\/a>.<\/p>\n<p>Pauvres, migrants, r\u00e9forme, homosexuels, \u00e9cologie\u2026<\/p>\n<p class=\" wall-content\">Les pauvres, les migrants, l\u2019\u00e9cologie, les p\u00e9riph\u00e9ries, la r\u00e9forme de l\u2019\u00c9glise, les abus sexuels, la gestion du pouvoir, les homosexuels, ou encore la diplomatie, les prises de position du pape, ses gestes forts, ses mots sont ici d\u00e9cortiqu\u00e9s avec une analyse d\u2019un fin connaisseur des rouages du Vatican.<\/p>\n<p class=\"ac-article-content__question wall-content\">Il y a d\u00e9j\u00e0 eu beaucoup d\u2019ouvrages sur ce pape. Qu\u2019apportez-vous de neuf ?<\/p>\n<p class=\" wall-content\">J\u2019ai lu \u00e9norm\u00e9ment d\u2019ouvrages le concernant. Beaucoup sont obnubil\u00e9s par le fait de le classer entre progressiste et conservateur, moderne et ancien, de gauche ou de droite. J\u2019\u00e9tais fatigu\u00e9 de cette vision manich\u00e9enne, binaire. C\u2019est paradoxal, lui qui a toujours voulu y \u00e9chapper. Il n\u2019a jamais voulu se laisser emprisonner dans un r\u00f4le. Il est rest\u00e9 libre. Sa mani\u00e8re d\u2019\u00eatre, de parler, ses gestes, il est rest\u00e9 lui-m\u00eame. Peut-\u00eatre m\u00eame que la fonction papale a renforc\u00e9 sa libert\u00e9, surtout spirituellement. Elle a d\u00e9rang\u00e9, elle n\u2019a pas toujours \u00e9t\u00e9 comprise. Ce fil conducteur qui sortait des sentiers battus, j\u2019en ai fait le sens de mon livre.<\/p>\n<p class=\"ac-article-content__question wall-content\">Que retenez-vous en particulier de ce pontificat ?<\/p>\n<p class=\" wall-content\">Je commence l\u2019ouvrage par sa proximit\u00e9 avec les pauvres, un marqueur de son pontificat. Sa volont\u00e9 de r\u00e9former l\u2019\u00c9glise est aussi forte. Je retiens son ouverture au monde. Tout cela, c\u2019est la musique de Vatican II, qu\u2019on avait moins entendue avec Jean Paul II et Beno\u00eet XVI. C\u2019est sans doute parce qu\u2019il est argentin, en Am\u00e9rique latine, les gens sont davantage plong\u00e9s dans Vatican II. J\u2019ai pr\u00e9sent\u00e9 15 th\u00e9matiques o\u00f9 il me semblait avoir apport\u00e9 quelque chose de nouveau.<\/p>\n<p class=\"ac-article-content__question wall-content\">Quel message voulez-vous d\u00e9livrer avec cet ouvrage ?<\/p>\n<p class=\" wall-content\">C\u2019est un livre qui nous interpelle sur notre capacit\u00e9 \u00e0 \u00eatre libres, comme Fran\u00e7ois l\u2019a \u00e9t\u00e9. Il fut un exemple en ce sens.<\/p>\n<p class=\"ac-article-content__question wall-content\">Avez-vous d\u00e9j\u00e0 eu l\u2019occasion de le rencontrer ?<\/p>\n<p class=\" wall-content\">Le 30\u00a0mars 2016, je lui remettais mon livre en mains propres \u00e0 Rome, pour mes 60\u00a0ans ! J\u2019ai pu lui parler lors d\u2019une audience. Il a ri aux \u00e9clats comme un enfant quand il a lu le titre de l\u2019ouvrage \u00ab Tango \u00e0 Rome \u00bb ! Je lui ai dit : \u00ab Tout le monde n\u2019est pas pr\u00eat \u00e0 \u2018danser l\u2019\u00c9vangile\u2019, vous aurez des difficult\u00e9s \u00bb. Il m\u2019a dit qu\u2019il le savait. Puis, il m\u2019a en quelque sorte envoy\u00e9 en mission autour de 3 verbes, comme il aimait le faire : t\u00e9moigner, expliquer, prier. Il m\u2019a dit : \u00ab Continuer \u00e0 t\u00e9moigner de votre envie de vivre l\u2019\u00c9vangile, \u00e0 expliquer mon chemin et \u00e0 prier ! \u00bb<\/p>\n<p>      <img   decoding=\"async\" loading=\"lazy\" class=\"size-large\" src=\"https:\/\/www.europesays.com\/fr\/wp-content\/uploads\/2025\/05\/726b6b9d68186176b6b9d68184b6b6v-960x640.jpg\" alt=\"michel cool et le pape\" width=\"960\" height=\"640\"\/><br \/>\n    Michel Cool a rencontr\u00e9 le pape en 2016 et lui a remis son livre le concernant, Tango \u00e0 Rome. \u00a9Service photographique de \u00ab\u00a0L\u2019Osservatore Romano\u00a0\u00bb<\/p>\n<p class=\"ac-article-content__question wall-content\">Vous aviez d\u00e9j\u00e0 \u00e9crit un premier livre en 2015. Entre vos 2 ouvrages, 10\u00a0ans sont pass\u00e9s. Avez-vous eu des surprises de ce que vous aviez per\u00e7u du pape \u00e0 son \u00e9lection ?<\/p>\n<p class=\" wall-content\">Ce que je n\u2019avais pas per\u00e7u en 2013, c\u2019est son exercice du pouvoir tr\u00e8s personnel, voire autoritaire. Il \u00e9tait heureux de gouverner, d\u2019\u00eatre un manager, \u00e0 la diff\u00e9rence de Beno\u00eet XVI. Il aimait d\u00e9cider seul, court-circuiter les m\u00e9diateurs, ce qui a caus\u00e9 beaucoup de probl\u00e8mes relationnels avec la curie romaine.<\/p>\n<p class=\"ac-article-content__question wall-content\">On sent votre attachement \u00e0 ce pape. Mais abordez-vous des aspects moins consensuels de ce pape ?<\/p>\n<p class=\" wall-content\">Oui, bien s\u00fbr. Il y a beaucoup de sujets positifs concernant ce pape, mais je reste critique. Sur les abus sexuels, il a eu des mots forts pour d\u00e9noncer, mais il a aussi eu des attitudes ambigu\u00ebs, en couvrant par exemple un \u00e9v\u00eaque chilien, en refusant de recevoir Jean-Marc Sauv\u00e9 car il trouvait que le rapport de la CIASE allait trop loin. Lors de sa visite en Belgique en septembre\u00a02024, il a eu des paroles malheureuses, comparant les m\u00e9decins pratiquants l\u2019avortement \u00e0 des tueurs \u00e0 gages. Sur la place des femmes, il a gard\u00e9 une vision patriarcale. Sur la guerre en Ukraine, il a invit\u00e9 les Ukrainiens \u00e0 sortir le drapeau blanc\u2026<\/p>\n<p class=\"ac-article-content__question wall-content\">Votre livre sort au moment o\u00f9 d\u00e9bute le conclave. Avez-vous des pronostics sur le prochain pape ? Un Italien ?<\/p>\n<p class=\" wall-content\">C\u2019est la conclusion de mon livre ! Ma th\u00e8se est que ce sera de toute fa\u00e7on un h\u00e9ritier de Vatican II. Trois profils sont possibles. Un \u00ab Jean XXIV \u00bb \u00e9voque l\u2019\u00e9lu de la continuit\u00e9 de Fran\u00e7ois, qui poursuivra la r\u00e9forme. Celui que je baptise \u00ab Pierre-Paul \u00bb serait plut\u00f4t un \u00ab centriste \u00bb, un rassembleur pacificateur. C\u2019est le profil de l\u2019aggiornamento, qui allierait mod\u00e9r\u00e9s, conservateurs, r\u00e9formistes. Le conclave pourrait aussi pr\u00e9f\u00e9rer un pape de transition, plus classique, avec une pause dans les r\u00e9formes.<\/p>\n<p class=\" wall-content\">Ce qui plaiderait pour un pape italien est qu\u2019il n\u2019y en a pas eu depuis longtemps, apr\u00e8s un Polonais, un Allemand et un Argentin. Cela permettrait de faire la paix avec la curie romaine qui compte beaucoup d\u2019Italiens et qui a \u00e9t\u00e9 \u00ab malmen\u00e9e \u00bb par Fran\u00e7ois. De plus, le contexte international va peser. La diplomatie vaticane est plut\u00f4t compos\u00e9e d\u2019Italiens. Dans un contexte d\u2019inqui\u00e9tude g\u00e9n\u00e9rale mondiale, un profil comme Mgr\u00a0Pietro Parolin peut rassurer. Mais concernant la d\u00e9cision finale, on a d\u00e9j\u00e0 eu souvent des surprises, notamment avec le choix de Jean Paul II et de Fran\u00e7ois ! Tout est possible au Vatican.<\/p>\n<p class=\"ac-article-content__question wall-content\">Votre prochain livre concernera le nouveau pape ?<\/p>\n<p class=\" wall-content\">Non, pour Salvator, c\u2019est Samuel Pruvost qui en est charg\u00e9, et c\u2019est un travail \u00e9norme car il faut faire des fiches pour tous les \u00ab papabiles \u00bb ! C\u2019est ce que j\u2019avais fait en 2013. L\u00e0, je vais r\u00e9pondre aux sollicitations pour pr\u00e9senter mon livre et assurer quelques conf\u00e9rences.<\/p>\n<p>\u00c0 lire : \u00ab Fran\u00e7ois, l\u2019anticonformiste \u00bb, \u00e9ditions Emmanuel et Salvator, 192 pages, 14,90\u00a0\u20ac.<\/p>\n<p class=\" wall-content\">Suivez toute l\u2019actualit\u00e9 de vos villes et m\u00e9dias favoris en vous inscrivant \u00e0 <a href=\"https:\/\/moncompte.actu.fr\" title=\"D\u00e9couvez Mon Actu\" rel=\"nofollow noopener\" data-trk=\"{&quot;cta&quot;:{&quot;action&quot;:&quot;https:\\\/\\\/moncompte.actu.fr&quot;,&quot;category&quot;:&quot;mon compte&quot;,&quot;from&quot;:&quot;article footer&quot;,&quot;name&quot;:&quot;Mon actu&quot;,&quot;type&quot;:&quot;cta&quot;}}\" target=\"_blank\">Mon Actu<\/a>.<\/p>\n","protected":false},"excerpt":{"rendered":"Par Anne-Sophie Hourdeaux Publi\u00e9 le 7 mai 2025 \u00e0 8h40 Il est sorti le 6 mai 2025, soit&hellip;\n","protected":false},"author":2,"featured_media":81249,"comment_status":"","ping_status":"","sticky":false,"template":"","format":"standard","meta":{"footnotes":""},"categories":[1357],"tags":[1379,58,59,1011,27,1380,4692,4020,104],"class_list":{"0":"post-81248","1":"post","2":"type-post","3":"status-publish","4":"format-standard","5":"has-post-thumbnail","7":"category-livres","8":"tag-books","9":"tag-divertissement","10":"tag-entertainment","11":"tag-fr","12":"tag-france","13":"tag-livres","14":"tag-pape-francois","15":"tag-religion","16":"tag-societe"},"share_on_mastodon":{"url":"https:\/\/pubeurope.com\/@fr\/114465272245187221","error":""},"_links":{"self":[{"href":"https:\/\/www.europesays.com\/fr\/wp-json\/wp\/v2\/posts\/81248","targetHints":{"allow":["GET"]}}],"collection":[{"href":"https:\/\/www.europesays.com\/fr\/wp-json\/wp\/v2\/posts"}],"about":[{"href":"https:\/\/www.europesays.com\/fr\/wp-json\/wp\/v2\/types\/post"}],"author":[{"embeddable":true,"href":"https:\/\/www.europesays.com\/fr\/wp-json\/wp\/v2\/users\/2"}],"replies":[{"embeddable":true,"href":"https:\/\/www.europesays.com\/fr\/wp-json\/wp\/v2\/comments?post=81248"}],"version-history":[{"count":0,"href":"https:\/\/www.europesays.com\/fr\/wp-json\/wp\/v2\/posts\/81248\/revisions"}],"wp:featuredmedia":[{"embeddable":true,"href":"https:\/\/www.europesays.com\/fr\/wp-json\/wp\/v2\/media\/81249"}],"wp:attachment":[{"href":"https:\/\/www.europesays.com\/fr\/wp-json\/wp\/v2\/media?parent=81248"}],"wp:term":[{"taxonomy":"category","embeddable":true,"href":"https:\/\/www.europesays.com\/fr\/wp-json\/wp\/v2\/categories?post=81248"},{"taxonomy":"post_tag","embeddable":true,"href":"https:\/\/www.europesays.com\/fr\/wp-json\/wp\/v2\/tags?post=81248"}],"curies":[{"name":"wp","href":"https:\/\/api.w.org\/{rel}","templated":true}]}}