{"id":812514,"date":"2026-03-20T16:57:15","date_gmt":"2026-03-20T16:57:15","guid":{"rendered":"https:\/\/www.europesays.com\/fr\/812514\/"},"modified":"2026-03-20T16:57:15","modified_gmt":"2026-03-20T16:57:15","slug":"ukraine-russie-comment-la-guerre-des-recits-influe-sur-levolution-du-conflit-les-dessous-de-linfox","status":"publish","type":"post","link":"https:\/\/www.europesays.com\/fr\/812514\/","title":{"rendered":"Ukraine-Russie : comment la guerre des r\u00e9cits influe sur l&rsquo;\u00e9volution du conflit &#8211; Les dessous de l&rsquo;infox"},"content":{"rendered":"<p>\n                                                La guerre de haute intensit\u00e9 men\u00e9e par la Russie contre l\u2019Ukraine depuis f\u00e9vrier 2022, se livre aussi dans le champ informationnel.\u00a0La bataille des r\u00e9cits influe sur la perception m\u00eame du conflit par les populations qui le subissent.\u00a0Elle p\u00e8se \u00e9galement, sur le soutien apport\u00e9 au pays agress\u00e9, l\u2019Ukraine. Mais en d\u00e9pit des efforts fournis par le Kremlin pour \u00e9branler ce soutien, l\u2019Europe r\u00e9siste.\u00a0                    <\/p>\n<p>On revient sur les diff\u00e9rentes phases de cette guerre informationnelle, avec notre invit\u00e9e<strong>\u00a0Oksana Mitrofanova,\u00a0<\/strong>sp\u00e9cialiste ukrainienne des relations internationales, enseignante-chercheuse \u00e0 l&rsquo;Universit\u00e9 Jean-Moulin, Lyon III.\u00a0<\/p>\n<p><strong>Oksana Mitrofanova\u00a0<\/strong>est l&rsquo;auteur de\u00a0\u00ab\u00a0 France-Ukraine, une histoire des relations diplomatiques et militaires 1991-2023\u00a0\u00bb Editions de la Maison des sciences de l&rsquo;homme.\u00a0<\/p>\n<p>La chronique de\u00a0<strong>Gr\u00e9gory Genevrier<\/strong>\u00a0de la cellule info v\u00e9rif de RFI :\u00a0<a href=\"https:\/\/www.rfi.fr\/fr\/podcasts\/les-dessous-de-l-infox-la-chronique\/20260320-burkina-faso-non-ibrahim-traor\u00e9-n-a-pas-\u00e9t\u00e9-arr\u00eat\u00e9-par-donald-trump\" target=\"_self\" rel=\"nofollow noopener\">Burkina Faso: non Ibrahim Traor\u00e9 n\u2019a pas \u00e9t\u00e9 arr\u00eat\u00e9 par Donald Trump<\/a><\/p>\n","protected":false},"excerpt":{"rendered":"La guerre de haute intensit\u00e9 men\u00e9e par la Russie contre l\u2019Ukraine depuis f\u00e9vrier 2022, se livre aussi dans&hellip;\n","protected":false},"author":2,"featured_media":812515,"comment_status":"","ping_status":"","sticky":false,"template":"","format":"standard","meta":{"footnotes":"","_share_on_mastodon":"0"},"categories":[1591],"tags":[11,12375,674,1887,41268,18505,41267,12,938,1885,1886,132,2439,220,364],"class_list":["post-812514","post","type-post","status-publish","format-standard","has-post-thumbnail","category-russie","tag-actualites","tag-burkina-faso","tag-europe","tag-federation-de-russie","tag-info-verif","tag-infox","tag-les-dessous-de-linfox","tag-news","tag-reseaux-sociaux","tag-russia","tag-russian-federation","tag-russie","tag-tiktok","tag-ukraine","tag-union-europeenne"],"share_on_mastodon":{"url":"https:\/\/pubeurope.com\/@fr\/116262564486375982","error":""},"_links":{"self":[{"href":"https:\/\/www.europesays.com\/fr\/wp-json\/wp\/v2\/posts\/812514","targetHints":{"allow":["GET"]}}],"collection":[{"href":"https:\/\/www.europesays.com\/fr\/wp-json\/wp\/v2\/posts"}],"about":[{"href":"https:\/\/www.europesays.com\/fr\/wp-json\/wp\/v2\/types\/post"}],"author":[{"embeddable":true,"href":"https:\/\/www.europesays.com\/fr\/wp-json\/wp\/v2\/users\/2"}],"replies":[{"embeddable":true,"href":"https:\/\/www.europesays.com\/fr\/wp-json\/wp\/v2\/comments?post=812514"}],"version-history":[{"count":0,"href":"https:\/\/www.europesays.com\/fr\/wp-json\/wp\/v2\/posts\/812514\/revisions"}],"wp:featuredmedia":[{"embeddable":true,"href":"https:\/\/www.europesays.com\/fr\/wp-json\/wp\/v2\/media\/812515"}],"wp:attachment":[{"href":"https:\/\/www.europesays.com\/fr\/wp-json\/wp\/v2\/media?parent=812514"}],"wp:term":[{"taxonomy":"category","embeddable":true,"href":"https:\/\/www.europesays.com\/fr\/wp-json\/wp\/v2\/categories?post=812514"},{"taxonomy":"post_tag","embeddable":true,"href":"https:\/\/www.europesays.com\/fr\/wp-json\/wp\/v2\/tags?post=812514"}],"curies":[{"name":"wp","href":"https:\/\/api.w.org\/{rel}","templated":true}]}}