{"id":81275,"date":"2025-05-07T07:17:12","date_gmt":"2025-05-07T07:17:12","guid":{"rendered":"https:\/\/www.europesays.com\/fr\/81275\/"},"modified":"2025-05-07T07:17:12","modified_gmt":"2025-05-07T07:17:12","slug":"un-jour-une-histoire-evelyne-muller-dervaux-et-les-gardiens-de-la-quiche-lorraine","status":"publish","type":"post","link":"https:\/\/www.europesays.com\/fr\/81275\/","title":{"rendered":"Un jour, une histoire. \u00c9velyne Muller-Dervaux et les gardiens de la quiche lorraine"},"content":{"rendered":"<p>Que les choses soient claires une bonne fois pour toutes\u00a0: on ne met pas de fromage dans la quiche lorraine\u00a0! On ne va tout de m\u00eame pas mettre \u00e0 recuire, \u00e0 180\u00b0, le <a href=\"https:\/\/www.estrepublicain.fr\/magazine-cuisine-et-vins\/2023\/02\/19\/quiche-gate-pourquoi-la-recette-de-la-quiche-lorraine-au-fromage-de-philippe-etchebest-fait-tant-polemique\" target=\"_blank\" rel=\"nofollow noopener\">\u00ab\u00a0Quiche gate\u00a0\u00bb de 2023<\/a>. Une pol\u00e9mique culinaire n\u00e9e apr\u00e8s la divulgation de la recette du chef <a href=\"https:\/\/www.estrepublicain.fr\/p\/philippe-etchebest\" target=\"_blank\" rel=\"nofollow noopener\">Philippe Etchebest<\/a> de ladite tarte sal\u00e9e\u2026 agr\u00e9ment\u00e9e d\u2019une p\u00e2te press\u00e9e cuite r\u00e2p\u00e9e, bannie des ingr\u00e9dients de ce morceau du patrimoine culinaire fran\u00e7ais. Ou pire encore, remettre dans la t\u00f4le <a href=\"https:\/\/www.estrepublicain.fr\/insolite\/2023\/05\/04\/couronnement-de-charles-iii-vers-un-quiche-lorreign-gate-entre-buckingham-palace-et-la-lorraine\" target=\"_blank\" rel=\"nofollow noopener\">la quiche \u00ab\u00a0Lorreign\u00a0\u00bb<\/a> v\u00e9g\u00e9tarienne du couronnement du roi <a href=\"https:\/\/www.estrepublicain.fr\/p\/roi-charles-iii\" target=\"_blank\" rel=\"nofollow noopener\">Charles III<\/a>, aux racines pourtant en partie Lorraine, avec\u2026 \u00e9pinards, f\u00e8ves et estragon. Et ce n\u2019est pas \u00c9velyne Muller-Dervaux, le Grand Ma\u00eetre de la Confr\u00e9rie de la Quiche Lorraine \u00e0 Dombasle-sur-Meurthe, soit dit en passant capitale de ladite quiche depuis 2023, qui dira le contraire.<\/p>\n<p>D\u2019ailleurs, la recette et le nom sont d\u00e9pos\u00e9s <\/p>\n","protected":false},"excerpt":{"rendered":"Que les choses soient claires une bonne fois pour toutes\u00a0: on ne met pas de fromage dans la&hellip;\n","protected":false},"author":2,"featured_media":81276,"comment_status":"","ping_status":"","sticky":false,"template":"","format":"standard","meta":{"footnotes":""},"categories":[9635],"tags":[1111,11,9652,130,1687,18871,33,1704,1777,674,1011,27,775,6016,1702,12,2661,2610,3456,25,104,1631],"class_list":{"0":"post-81275","1":"post","2":"type-post","3":"status-publish","4":"format-standard","5":"has-post-thumbnail","7":"category-nancy","8":"tag-actu","9":"tag-actualites","10":"tag-cc-des-pays-du-sel-et-du-vermois-54b","11":"tag-consommation","12":"tag-culture-loisirs","13":"tag-dombasle-sur-meurthe","14":"tag-economie","15":"tag-edition-nancy-et-agglomeration","16":"tag-eu","17":"tag-europe","18":"tag-fr","19":"tag-france","20":"tag-grand-est","21":"tag-magazine-cuisine-et-vins","22":"tag-nancy","23":"tag-news","24":"tag-patrimoine-culturel","25":"tag-recettes","26":"tag-region-lorraine","27":"tag-republique-francaise","28":"tag-societe","29":"tag-vie-associative"},"share_on_mastodon":{"url":"https:\/\/pubeurope.com\/@fr\/114465331185770246","error":""},"_links":{"self":[{"href":"https:\/\/www.europesays.com\/fr\/wp-json\/wp\/v2\/posts\/81275","targetHints":{"allow":["GET"]}}],"collection":[{"href":"https:\/\/www.europesays.com\/fr\/wp-json\/wp\/v2\/posts"}],"about":[{"href":"https:\/\/www.europesays.com\/fr\/wp-json\/wp\/v2\/types\/post"}],"author":[{"embeddable":true,"href":"https:\/\/www.europesays.com\/fr\/wp-json\/wp\/v2\/users\/2"}],"replies":[{"embeddable":true,"href":"https:\/\/www.europesays.com\/fr\/wp-json\/wp\/v2\/comments?post=81275"}],"version-history":[{"count":0,"href":"https:\/\/www.europesays.com\/fr\/wp-json\/wp\/v2\/posts\/81275\/revisions"}],"wp:featuredmedia":[{"embeddable":true,"href":"https:\/\/www.europesays.com\/fr\/wp-json\/wp\/v2\/media\/81276"}],"wp:attachment":[{"href":"https:\/\/www.europesays.com\/fr\/wp-json\/wp\/v2\/media?parent=81275"}],"wp:term":[{"taxonomy":"category","embeddable":true,"href":"https:\/\/www.europesays.com\/fr\/wp-json\/wp\/v2\/categories?post=81275"},{"taxonomy":"post_tag","embeddable":true,"href":"https:\/\/www.europesays.com\/fr\/wp-json\/wp\/v2\/tags?post=81275"}],"curies":[{"name":"wp","href":"https:\/\/api.w.org\/{rel}","templated":true}]}}