{"id":81279,"date":"2025-05-07T07:20:08","date_gmt":"2025-05-07T07:20:08","guid":{"rendered":"https:\/\/www.europesays.com\/fr\/81279\/"},"modified":"2025-05-07T07:20:08","modified_gmt":"2025-05-07T07:20:08","slug":"le-jardin-darchaos-un-havre-pour-les-precaires","status":"publish","type":"post","link":"https:\/\/www.europesays.com\/fr\/81279\/","title":{"rendered":"Le jardin d\u2019Archaos, un havre pour les pr\u00e9caires"},"content":{"rendered":"\n<p>\u00ab\u00a0Ici, tout le monde rentre, on ne trie personne. C\u2019est important de le pr\u00e9ciser\u00a0\u00bb, poursuit Marianne Santoni. C\u2019est-\u00e0-dire qu\u2019il y a nul besoin d\u2019\u00eatre d\u2019inscrit ni de montrer ses papiers d\u2019identit\u00e9 pour \u00eatre accueilli, \u00e9cout\u00e9, prendre une douche, changer ses habits et les laver. Et bien s\u00fbr, venir prendre ses repas. \u00ab\u00a0L\u2019objectif est aussi de se sociabiliser, de rencontrer d\u2019autres humains. C\u2019est \u00e7a qui est beau\u00a0\u00bb, insiste la pr\u00e9sidente en montrant combien ce \u00ab\u00a0lieu de paix\u00a0\u00bb marque une pause dans la duret\u00e9 de leur quotidien. \u00ab\u00a0Parce que la rue, c\u2019est compliqu\u00e9, surtout pour les femmes\u00a0\u00bb, rappelle-t-elle. C\u2019est pour \u00e7a que l\u2019association a cr\u00e9\u00e9 pas tr\u00e8s loin un second lieu, Les Elles d\u2019Archaos, qui leur est d\u00e9di\u00e9. Les sourires affich\u00e9s par tous ces ab\u00eem\u00e9s de la vie donnent la mesure du travail accompli ici par l\u2019ensemble des intervenants sociaux. \u00ab\u00a0Je suis avant tout un humain qui accueille des humains\u00a0\u00bb, insiste Christophe, l\u2019un des animateurs de la structure qui r\u00e9sume ainsi le sens de sa mission.<\/p>\n<p>Ici, des jeux de soci\u00e9t\u00e9 sur la table et on \u00e9voque avec nostalgie les bonbons de son jeune \u00e2ge. De pr\u00e9cieux moments d\u2019\u00e9change et de solidarit\u00e9 tr\u00e8s appr\u00e9ci\u00e9s avant de retourner dans la jungle du macadam ou la solitude de son appartement.<\/p>\n<p>Archaos a vu exploser le nombre de ses accueillis depuis son arriv\u00e9e dans ce quartier, beaucoup plus excentr\u00e9 qu\u2019auparavant. Une recrudescence qui s\u2019explique aussi et surtout par une augmentation de la pauvret\u00e9. \u00ab\u00a0Et encore, tous ne viennent pas l\u00e0. C\u2019est pour \u00e7a qu\u2019on a instaur\u00e9 des maraudes. On va au-devant d\u2019eux. \u00c7a, c\u2019est important\u00a0\u00bb, pr\u00e9cise Marianne Santoni.<\/p>\n<p>En tout, une centaine de b\u00e9n\u00e9ficiaires se retrouve l\u00e0 tous les jours du lundi au vendredi. Beaucoup mettent la main \u00e0 la p\u00e2te et participent au fonctionnement de l\u2019association, dans l\u2019\u00e9laboration des repas collectifs, par exemple.<\/p>\n<p>\u00ab\u00a0Ce qu\u2019il faut que vous sachiez aussi, c\u2019est qu\u2019on n\u2019a pas trop de repos parce que l\u2019hiver, il y a les alertes climatiques. Et l\u2019\u00e9t\u00e9, c\u2019est l\u00e0 qu\u2019on en perd le plus, o\u00f9 il y a le plus de d\u00e9c\u00e8s\u00a0\u00bb, confie la pr\u00e9sidente. \u00ab\u00a0C\u2019est vrai, on meurt plus dans la rue l\u2019\u00e9t\u00e9\u00a0\u00bb, confirme Jean-Paul Jambon, pour qui \u00ab\u00a0la mis\u00e8re doit nous interpeller et nous faire nous questionner sur nos propres visions de la soci\u00e9t\u00e9\u00a0\u00bb. Et sur ce qu\u2019on peut y apporter de positif.<\/p>\n","protected":false},"excerpt":{"rendered":"\u00ab\u00a0Ici, tout le monde rentre, on ne trie personne. C\u2019est important de le pr\u00e9ciser\u00a0\u00bb, poursuit Marianne Santoni. C\u2019est-\u00e0-dire&hellip;\n","protected":false},"author":2,"featured_media":81280,"comment_status":"","ping_status":"","sticky":false,"template":"","format":"standard","meta":{"footnotes":""},"categories":[9619],"tags":[1111,11,1777,674,1011,27,12,12826,882,25,2310],"class_list":{"0":"post-81279","1":"post","2":"type-post","3":"status-publish","4":"format-standard","5":"has-post-thumbnail","7":"category-toulon","8":"tag-actu","9":"tag-actualites","10":"tag-eu","11":"tag-europe","12":"tag-fr","13":"tag-france","14":"tag-news","15":"tag-orientation","16":"tag-provence-alpes-cote-dazur","17":"tag-republique-francaise","18":"tag-toulon"},"share_on_mastodon":{"url":"https:\/\/pubeurope.com\/@fr\/114465343036734636","error":""},"_links":{"self":[{"href":"https:\/\/www.europesays.com\/fr\/wp-json\/wp\/v2\/posts\/81279","targetHints":{"allow":["GET"]}}],"collection":[{"href":"https:\/\/www.europesays.com\/fr\/wp-json\/wp\/v2\/posts"}],"about":[{"href":"https:\/\/www.europesays.com\/fr\/wp-json\/wp\/v2\/types\/post"}],"author":[{"embeddable":true,"href":"https:\/\/www.europesays.com\/fr\/wp-json\/wp\/v2\/users\/2"}],"replies":[{"embeddable":true,"href":"https:\/\/www.europesays.com\/fr\/wp-json\/wp\/v2\/comments?post=81279"}],"version-history":[{"count":0,"href":"https:\/\/www.europesays.com\/fr\/wp-json\/wp\/v2\/posts\/81279\/revisions"}],"wp:featuredmedia":[{"embeddable":true,"href":"https:\/\/www.europesays.com\/fr\/wp-json\/wp\/v2\/media\/81280"}],"wp:attachment":[{"href":"https:\/\/www.europesays.com\/fr\/wp-json\/wp\/v2\/media?parent=81279"}],"wp:term":[{"taxonomy":"category","embeddable":true,"href":"https:\/\/www.europesays.com\/fr\/wp-json\/wp\/v2\/categories?post=81279"},{"taxonomy":"post_tag","embeddable":true,"href":"https:\/\/www.europesays.com\/fr\/wp-json\/wp\/v2\/tags?post=81279"}],"curies":[{"name":"wp","href":"https:\/\/api.w.org\/{rel}","templated":true}]}}