{"id":81288,"date":"2025-05-07T07:26:07","date_gmt":"2025-05-07T07:26:07","guid":{"rendered":"https:\/\/www.europesays.com\/fr\/81288\/"},"modified":"2025-05-07T07:26:07","modified_gmt":"2025-05-07T07:26:07","slug":"un-camion-se-couche-sur-les-voies-pres-de-grenoble-et-bloque-la-circulation","status":"publish","type":"post","link":"https:\/\/www.europesays.com\/fr\/81288\/","title":{"rendered":"un camion se couche sur les voies pr\u00e8s de Grenoble et bloque la circulation"},"content":{"rendered":"<p>            Par<br \/>\n        <strong><br \/>\n            <a href=\"https:\/\/actu.fr\/auteur\/redaction-grenoble\" title=\"Consulter tous les articles de R\u00e9daction Grenoble\" rel=\"nofollow noopener\" target=\"_blank\">R\u00e9daction Grenoble<\/a><br \/>\n        <\/strong><\/p>\n<p>        Publi\u00e9 le<\/p>\n<p>            7 mai 2025 \u00e0 9h06<br \/>\n        ; mis \u00e0 jour le 7 mai 2025 \u00e0 9h14    <\/p>\n<p>La circulation est compliqu\u00e9e sur l\u2019A49 en Is\u00e8re, au niveau de la commune de Saint-Lattier, au sud de <a href=\"https:\/\/actu.fr\/auvergne-rhone-alpes\/grenoble_38185\" rel=\"nofollow noopener\" target=\"_blank\">Grenoble<\/a>, mercredi 7 mai.<\/p>\n<p class=\" wall-content\">En tout d\u00e9but de matin\u00e9e, un <strong>camion citerne<\/strong> class\u00e9 comme \u00ab\u00a0transportant des mati\u00e8res dangereuses\u00a0\u00bb s\u2019est couch\u00e9 pour une raison encore inconnue sur la bande d\u2019arr\u00eat d\u2019urgence.<\/p>\n<p class=\" wall-content\">\n<p class=\" wall-content\">Un accident qui provoque <strong>des ralentissements importants<\/strong> sur la zone.<\/p>\n<p>Ralentissements importants<\/p>\n<p class=\" wall-content\">Apr\u00e8s inspection, il n\u2019a pas \u00e9t\u00e9 rep\u00e9r\u00e9 de fuite dans la citerne du camion, transportant du goudron liquide. Le chauffeur, lui, est sorti indemne de l\u2019accident.<\/p>\n<p class=\" wall-content\">\u00c0 9 heures, Area annonce encore <strong>des bouchons<\/strong> au niveau de la sortie 8 de l\u2019A49, en direction de Grenoble. Plusieurs voies ont \u00e9t\u00e9 neutralis\u00e9es pour permettre l\u2019intervention des \u00e9quipes sp\u00e9cialis\u00e9es.<\/p>\n<p>Vid\u00e9os : en ce moment sur Actu<\/p>\n<p class=\" wall-content\">Suivez toute l\u2019actualit\u00e9 de vos villes et m\u00e9dias favoris en vous inscrivant \u00e0 <a href=\"https:\/\/moncompte.actu.fr\" title=\"D\u00e9couvez Mon Actu\" rel=\"nofollow noopener\" data-trk=\"{&quot;cta&quot;:{&quot;action&quot;:&quot;https:\\\/\\\/moncompte.actu.fr&quot;,&quot;category&quot;:&quot;mon compte&quot;,&quot;from&quot;:&quot;article footer&quot;,&quot;name&quot;:&quot;Mon actu&quot;,&quot;type&quot;:&quot;cta&quot;}}\" target=\"_blank\">Mon Actu<\/a>.<\/p>\n","protected":false},"excerpt":{"rendered":"Par R\u00e9daction Grenoble Publi\u00e9 le 7 mai 2025 \u00e0 9h06 ; mis \u00e0 jour le 7 mai 2025&hellip;\n","protected":false},"author":2,"featured_media":81289,"comment_status":"","ping_status":"","sticky":false,"template":"","format":"standard","meta":{"footnotes":""},"categories":[9566],"tags":[119,1111,11,2430,1777,674,118,1011,27,2731,12,25],"class_list":{"0":"post-81288","1":"post","2":"type-post","3":"status-publish","4":"format-standard","5":"has-post-thumbnail","7":"category-grenoble","8":"tag-accident","9":"tag-actu","10":"tag-actualites","11":"tag-auvergne-rhone-alpes","12":"tag-eu","13":"tag-europe","14":"tag-faits-divers","15":"tag-fr","16":"tag-france","17":"tag-grenoble","18":"tag-news","19":"tag-republique-francaise"},"share_on_mastodon":{"url":"https:\/\/pubeurope.com\/@fr\/114465366560884598","error":""},"_links":{"self":[{"href":"https:\/\/www.europesays.com\/fr\/wp-json\/wp\/v2\/posts\/81288","targetHints":{"allow":["GET"]}}],"collection":[{"href":"https:\/\/www.europesays.com\/fr\/wp-json\/wp\/v2\/posts"}],"about":[{"href":"https:\/\/www.europesays.com\/fr\/wp-json\/wp\/v2\/types\/post"}],"author":[{"embeddable":true,"href":"https:\/\/www.europesays.com\/fr\/wp-json\/wp\/v2\/users\/2"}],"replies":[{"embeddable":true,"href":"https:\/\/www.europesays.com\/fr\/wp-json\/wp\/v2\/comments?post=81288"}],"version-history":[{"count":0,"href":"https:\/\/www.europesays.com\/fr\/wp-json\/wp\/v2\/posts\/81288\/revisions"}],"wp:featuredmedia":[{"embeddable":true,"href":"https:\/\/www.europesays.com\/fr\/wp-json\/wp\/v2\/media\/81289"}],"wp:attachment":[{"href":"https:\/\/www.europesays.com\/fr\/wp-json\/wp\/v2\/media?parent=81288"}],"wp:term":[{"taxonomy":"category","embeddable":true,"href":"https:\/\/www.europesays.com\/fr\/wp-json\/wp\/v2\/categories?post=81288"},{"taxonomy":"post_tag","embeddable":true,"href":"https:\/\/www.europesays.com\/fr\/wp-json\/wp\/v2\/tags?post=81288"}],"curies":[{"name":"wp","href":"https:\/\/api.w.org\/{rel}","templated":true}]}}