{"id":81290,"date":"2025-05-07T07:27:17","date_gmt":"2025-05-07T07:27:17","guid":{"rendered":"https:\/\/www.europesays.com\/fr\/81290\/"},"modified":"2025-05-07T07:27:17","modified_gmt":"2025-05-07T07:27:17","slug":"cesson-sevigne-un-spectacle-musical-dejante-a-lauditorium","status":"publish","type":"post","link":"https:\/\/www.europesays.com\/fr\/81290\/","title":{"rendered":"Cesson-S\u00e9vign\u00e9. Un spectacle musical d\u00e9jant\u00e9 \u00e0 l\u2019auditorium"},"content":{"rendered":"<p>Dans le cadre des journ\u00e9es portes ouvertes, Johan Toulet, professeur de saxophone, et le groupe Clique \u00e0 Brac proposent La derni\u00e8re s\u00e9ance, un spectacle alliant musique et th\u00e9\u00e2tre, associant quatre musiciens enseignants et une com\u00e9dienne.<\/p>\n<p>\u00a0Le groupe Clique \u00e0 Brac a \u00e9t\u00e9 cr\u00e9\u00e9 en 2018. Il r\u00e9unit quatre musiciens et musiciennes\u00a0: Caroline Guillot \u00e0 la clarinette, Claire Dubois \u00e0 l\u2019alto, Blandine Dousset \u00e0 l\u2019accord\u00e9on, et moi-m\u00eame au saxo, explique Johan Toulet. Nous sommes tous enseignants en \u00e9cole de musique et nous avions envie de partager notre passion devant un public en tant qu\u2019artistes et non en notre qualit\u00e9 de p\u00e9dagogues. La derni\u00e8re s\u00e9ance est un spectacle interg\u00e9n\u00e9rationnel, haut en couleur, \u00e0 la rencontre du public, un concert d\u00e9di\u00e9 \u00e0 l\u2019univers du 7e art, dans lequel rien ne va se passer comme pr\u00e9vu.\u00a0<\/p>\n<p>Mercredi 14\u00a0mai, La derni\u00e8re s\u00e9ance, concert \u00e0 19\u00a0h, \u00e0 l\u2019auditorium.<\/p>\n<p>\u00a0<\/p>\n","protected":false},"excerpt":{"rendered":"Dans le cadre des journ\u00e9es portes ouvertes, Johan Toulet, professeur de saxophone, et le groupe Clique \u00e0 Brac&hellip;\n","protected":false},"author":2,"featured_media":81291,"comment_status":"","ping_status":"","sticky":false,"template":"","format":"standard","meta":{"footnotes":""},"categories":[2821],"tags":[1111,11,18873,829,4099,18872,1777,674,1011,27,16167,12,3086,584,25,3140],"class_list":{"0":"post-81290","1":"post","2":"type-post","3":"status-publish","4":"format-standard","5":"has-post-thumbnail","7":"category-rennes","8":"tag-actu","9":"tag-actualites","10":"tag-auditorium","11":"tag-bretagne","12":"tag-cesson-sevigne","13":"tag-dejante","14":"tag-eu","15":"tag-europe","16":"tag-fr","17":"tag-france","18":"tag-musical","19":"tag-news","20":"tag-redon","21":"tag-rennes","22":"tag-republique-francaise","23":"tag-spectacle"},"share_on_mastodon":{"url":"https:\/\/pubeurope.com\/@fr\/114465370443136951","error":""},"_links":{"self":[{"href":"https:\/\/www.europesays.com\/fr\/wp-json\/wp\/v2\/posts\/81290","targetHints":{"allow":["GET"]}}],"collection":[{"href":"https:\/\/www.europesays.com\/fr\/wp-json\/wp\/v2\/posts"}],"about":[{"href":"https:\/\/www.europesays.com\/fr\/wp-json\/wp\/v2\/types\/post"}],"author":[{"embeddable":true,"href":"https:\/\/www.europesays.com\/fr\/wp-json\/wp\/v2\/users\/2"}],"replies":[{"embeddable":true,"href":"https:\/\/www.europesays.com\/fr\/wp-json\/wp\/v2\/comments?post=81290"}],"version-history":[{"count":0,"href":"https:\/\/www.europesays.com\/fr\/wp-json\/wp\/v2\/posts\/81290\/revisions"}],"wp:featuredmedia":[{"embeddable":true,"href":"https:\/\/www.europesays.com\/fr\/wp-json\/wp\/v2\/media\/81291"}],"wp:attachment":[{"href":"https:\/\/www.europesays.com\/fr\/wp-json\/wp\/v2\/media?parent=81290"}],"wp:term":[{"taxonomy":"category","embeddable":true,"href":"https:\/\/www.europesays.com\/fr\/wp-json\/wp\/v2\/categories?post=81290"},{"taxonomy":"post_tag","embeddable":true,"href":"https:\/\/www.europesays.com\/fr\/wp-json\/wp\/v2\/tags?post=81290"}],"curies":[{"name":"wp","href":"https:\/\/api.w.org\/{rel}","templated":true}]}}