{"id":81294,"date":"2025-05-07T07:30:18","date_gmt":"2025-05-07T07:30:18","guid":{"rendered":"https:\/\/www.europesays.com\/fr\/81294\/"},"modified":"2025-05-07T07:30:18","modified_gmt":"2025-05-07T07:30:18","slug":"a-strasbourg-deux-croix-gammees-decouvertes-a-cote-du-jardin-memoriel-de-la-shoah","status":"publish","type":"post","link":"https:\/\/www.europesays.com\/fr\/81294\/","title":{"rendered":"\u00c0 Strasbourg, deux croix gamm\u00e9es d\u00e9couvertes \u00e0 c\u00f4t\u00e9 du jardin m\u00e9moriel de la Shoah"},"content":{"rendered":"<p>    <img loading=\"lazy\" width=\"1800\" height=\"900\" src=\"https:\/\/www.europesays.com\/fr\/wp-content\/uploads\/2025\/04\/jeanne-callthepolice.jpg\" class=\"attachment-full size-full\" alt=\"\" id=\"imageLove\" decoding=\"async\"  \/><\/p>\n<p id=\"breadcrumbs\"><a href=\"https:\/\/pokaa.fr\/\" target=\"_blank\" rel=\"noopener\">Accueil<\/a> \/ <a href=\"https:\/\/pokaa.fr\/categories\/actu\/\" target=\"_blank\" rel=\"noopener\">Info locale<\/a> \/ \u00c0 Strasbourg, deux croix gamm\u00e9es d\u00e9couvertes \u00e0 c\u00f4t\u00e9 du jardin m\u00e9moriel de la Shoah<\/p>\n<p>                    Info locale<\/p>\n<p><b>Deux croix gamm\u00e9es ont \u00e9t\u00e9 d\u00e9couvertes \u00e0 Strasbourg les 4 et 5 mai, au niveau de l\u2019all\u00e9e des Justes, \u00e0 c\u00f4t\u00e9 du jardin m\u00e9moriel inaugur\u00e9 r\u00e9cemment pour se souvenir des victimes de la Shoah. Jeanne Barseghian d\u00e9nonce des \u00ab actes antis\u00e9mites \u00bb et annonce que la Ville portera plainte. Ce 6 mai, les deux croix gamm\u00e9es ont \u00e9t\u00e9 enlev\u00e9es.<\/b><\/p>\n<p>\u00c0 quelques jours du 8 mai, cqui c\u00e9l\u00e8bre la victoire des forces alli\u00e9es contre le nazisme, <b>ce dernier est revenu \u00e0 Strasbourg, sous la forme de deux croix gamm\u00e9es parfaitement reconnaissables<\/b>. Elles ont \u00e9t\u00e9 d\u00e9couvertes sur l\u2019all\u00e9e des Justes, en bordure de l\u2019ancienne synagogue et du jardin m\u00e9moriel inaugur\u00e9 le 27 janvier dernier par la Ville de Strasbourg, en m\u00e9moire des victimes de la Shoah.<\/p>\n<p>                <a href=\"https:\/\/pokaa.fr\/2025\/01\/27\/hommage-aux-victimes-de-la-shoah-strasbourg-a-inaugure-son-nouveau-jardin-memoriel\/\" target=\"_blank\" rel=\"noopener\"><br \/>\n                    <img width=\"450\" height=\"270\" src=\"https:\/\/www.europesays.com\/fr\/wp-content\/uploads\/2025\/05\/img-6371-2-grande-450x270.jpeg\" class=\"attachment-card-horizontal--same-subject size-card-horizontal--same-subject wp-post-image\" alt=\"\" decoding=\"async\" loading=\"lazy\"\/>                <\/a><\/p>\n<p class=\"p1\">Concernant les croix gamm\u00e9es, <b>l\u2019une a \u00e9t\u00e9 grav\u00e9e sur un mur, tandis que la seconde a \u00e9t\u00e9 tagu\u00e9e \u00e0 la peinture noire sur 50cm<\/b>, <a href=\"https:\/\/www.francebleu.fr\/infos\/faits-divers-justice\/strasbourg-une-croix-gammee-gravee-sur-un-lieu-juif-4987968\" target=\"_blank\" rel=\"noopener\">selon Ici Alsace<\/a> (ex France Bleu). Si cette derni\u00e8re a rapidement \u00e9t\u00e9 effac\u00e9e, l\u2019autre \u00e9tait encore en train d\u2019\u00eatre enlev\u00e9e lundi soir, le temps d\u2019enlever la gravure. Ce mardi 6 mai, il semblerait qu\u2019elle ne soit plus visible.<\/p>\n<p>    <img width=\"800\" height=\"600\" src=\"https:\/\/www.europesays.com\/fr\/wp-content\/uploads\/2025\/05\/img-8649-grande-800x600.jpeg\" class=\"attachment-image-size-L size-image-size-L\" alt=\"all\u00e9e des justes halles ancienne synagogue\" decoding=\"async\" loading=\"lazy\"  \/>         \u00a9 Nicolas Kaspar \/ Pokaa <\/p>\n<p>Un acte antis\u00e9mite et nazi en bordure du jardin m\u00e9moriel<\/p>\n<p class=\"p1\">Dans la soir\u00e9e du 5 mai, la maire de Strasbourg Jeanne Barseghian a r\u00e9agi. L\u2019\u00e9dile a d\u00e9nonc\u00e9 que\u00a0 l\u2019all\u00e9e des Justes, l\u2019ancienne synagogue et le jardin m\u00e9moriel aient \u00e9t\u00e9 pris pour cible, <strong>un fait \u00ab particuli\u00e8rement grave, et ce d\u2019autant plus que ces actes sont corr\u00e9l\u00e9s \u00e0 la r\u00e9surgence continue des propos et des actes antis\u00e9mites \u00e0 travers tout le pays.\u00a0\u00bb<\/strong><\/p>\n<p class=\"p1\">Elle a \u00e9galement fait \u00e9tat de son choc \u00ab\u00a0que de tels actes antis\u00e9mites surviennent ici, \u00e0 quelques jours des comm\u00e9morations du 8 mai [le 8 mai marquant la capitulation du r\u00e9gime nazi, ndlr].\u00a0\u00bb\u00a0Enfin, Jeanne Barseghian a annonc\u00e9 que \u00ab\u00a0toutes les mesures n\u00e9cessaires sont prises, pour remettre en \u00e9tat ce lieu de m\u00e9moire et identifier le ou les responsables de ces actes antis\u00e9mites.\u00a0\u00bb <b>La Ville de Strasbourg a elle affirm\u00e9 d\u00e9poser plainte<\/b>.<\/p>\n<p>    <img width=\"800\" height=\"600\" src=\"https:\/\/www.europesays.com\/fr\/wp-content\/uploads\/2025\/05\/img-8648-grande-800x600.jpeg\" class=\"attachment-image-size-L size-image-size-L\" alt=\"all\u00e9e des justes halles ancienne synagogue\" decoding=\"async\" loading=\"lazy\"  \/>         \u00a9 Nicolas Kaspar \/ Pokaa <\/p>\n","protected":false},"excerpt":{"rendered":"Accueil \/ Info locale \/ \u00c0 Strasbourg, deux croix gamm\u00e9es d\u00e9couvertes \u00e0 c\u00f4t\u00e9 du jardin m\u00e9moriel de la&hellip;\n","protected":false},"author":2,"featured_media":81295,"comment_status":"","ping_status":"","sticky":false,"template":"","format":"standard","meta":{"footnotes":""},"categories":[2820],"tags":[1111,917,11,1777,674,1011,27,775,12,25,640],"class_list":{"0":"post-81294","1":"post","2":"type-post","3":"status-publish","4":"format-standard","5":"has-post-thumbnail","7":"category-strasbourg","8":"tag-actu","9":"tag-actu-locale","10":"tag-actualites","11":"tag-eu","12":"tag-europe","13":"tag-fr","14":"tag-france","15":"tag-grand-est","16":"tag-news","17":"tag-republique-francaise","18":"tag-strasbourg"},"share_on_mastodon":{"url":"","error":""},"_links":{"self":[{"href":"https:\/\/www.europesays.com\/fr\/wp-json\/wp\/v2\/posts\/81294","targetHints":{"allow":["GET"]}}],"collection":[{"href":"https:\/\/www.europesays.com\/fr\/wp-json\/wp\/v2\/posts"}],"about":[{"href":"https:\/\/www.europesays.com\/fr\/wp-json\/wp\/v2\/types\/post"}],"author":[{"embeddable":true,"href":"https:\/\/www.europesays.com\/fr\/wp-json\/wp\/v2\/users\/2"}],"replies":[{"embeddable":true,"href":"https:\/\/www.europesays.com\/fr\/wp-json\/wp\/v2\/comments?post=81294"}],"version-history":[{"count":0,"href":"https:\/\/www.europesays.com\/fr\/wp-json\/wp\/v2\/posts\/81294\/revisions"}],"wp:featuredmedia":[{"embeddable":true,"href":"https:\/\/www.europesays.com\/fr\/wp-json\/wp\/v2\/media\/81295"}],"wp:attachment":[{"href":"https:\/\/www.europesays.com\/fr\/wp-json\/wp\/v2\/media?parent=81294"}],"wp:term":[{"taxonomy":"category","embeddable":true,"href":"https:\/\/www.europesays.com\/fr\/wp-json\/wp\/v2\/categories?post=81294"},{"taxonomy":"post_tag","embeddable":true,"href":"https:\/\/www.europesays.com\/fr\/wp-json\/wp\/v2\/tags?post=81294"}],"curies":[{"name":"wp","href":"https:\/\/api.w.org\/{rel}","templated":true}]}}