{"id":81296,"date":"2025-05-07T07:31:13","date_gmt":"2025-05-07T07:31:13","guid":{"rendered":"https:\/\/www.europesays.com\/fr\/81296\/"},"modified":"2025-05-07T07:31:13","modified_gmt":"2025-05-07T07:31:13","slug":"ce-quil-faut-savoir-sur-cette-rencontre-electrique","status":"publish","type":"post","link":"https:\/\/www.europesays.com\/fr\/81296\/","title":{"rendered":"Ce qu&rsquo;il faut savoir sur cette rencontre \u00e9lectrique."},"content":{"rendered":"<p><strong>Pour cette 22e journ\u00e9e de premi\u00e8re ligue Arkema, le Racing club de Strasbourg joue face au Stade de Reims. Les deux clubs sont en lutte serr\u00e9e pour sauver\u00a0leur place dans l&rsquo;\u00e9lite pour la saison prochaine.<\/strong><\/p>\n<p>Respectivement class\u00e9e \u00e0 la 11e et \u00e0 la 10e place, l&rsquo;une des deux \u00e9quipes devra quitter la premi\u00e8re ligue Arkema \u00e0 la fin de cette journ\u00e9e.\u00a0<\/p>\n<p>Le Racing\u00a0Club de Strasbourg se trouve dans une position compliqu\u00e9e et une dynamique difficile en partant avec un point de moins que son adversaire du jour. Mais l&rsquo;espoir de se maintenir demeure une possibilit\u00e9 et les Alsaciennes vont se battre pour arriver \u00e0 leur fin.<\/p>\n<p>La rencontre se d\u00e9roulant \u00e0 la Meinau, Les joueuses de Vincent Nogueira ont l&rsquo;avantage du terrain et vont devoir profiter de la pr\u00e9sence de leur supporters pour aller rechercher le maintien. Le match sera retransmise en direct sur la cha\u00eene TV Canal + foot<\/p>\n<p><strong>Strasbourg vs Reims c&rsquo;est ce mercredi 7 Mai 2025 \u00e0 17h.<\/strong><\/p>\n<p>\u00a0<\/p>\n<p><strong>\u00a0 \u00a0 \u00a0 \u00a0 \u00a0 \u00a0 \u00a0 \u00a0 Kossigan AGAMAKOU\u00a0<\/strong><\/p>\n<p>                                                                            (function(d, s, id) {<br \/>\n            var js, fjs = d.getElementsByTagName(s)[0];<br \/>\n            if (d.getElementById(id)) return;<br \/>\n            js = d.createElement(s); js.id = id;<br \/>\n            js.src = \u00ab\u00a0\/\/connect.facebook.net\/fr_FR\/sdk.js#xfbml=1&#038;version=v2.8\u00a0\u00bb;<br \/>\n            fjs.parentNode.insertBefore(js, fjs);<br \/>\n        }(document, &lsquo;script&rsquo;, &lsquo;facebook-jssdk&rsquo;));<\/p>\n","protected":false},"excerpt":{"rendered":"Pour cette 22e journ\u00e9e de premi\u00e8re ligue Arkema, le Racing club de Strasbourg joue face au Stade de&hellip;\n","protected":false},"author":2,"featured_media":81297,"comment_status":"","ping_status":"","sticky":false,"template":"","format":"standard","meta":{"footnotes":""},"categories":[2820],"tags":[1111,11,18874,1777,674,1011,27,775,3838,13535,12,396,4243,25,640,1364],"class_list":{"0":"post-81296","1":"post","2":"type-post","3":"status-publish","4":"format-standard","5":"has-post-thumbnail","7":"category-strasbourg","8":"tag-actu","9":"tag-actualites","10":"tag-arkema","11":"tag-eu","12":"tag-europe","13":"tag-fr","14":"tag-france","15":"tag-grand-est","16":"tag-heure","17":"tag-maintien","18":"tag-news","19":"tag-quand","20":"tag-reims","21":"tag-republique-francaise","22":"tag-strasbourg","23":"tag-tv"},"share_on_mastodon":{"url":"https:\/\/pubeurope.com\/@fr\/114465386217175760","error":""},"_links":{"self":[{"href":"https:\/\/www.europesays.com\/fr\/wp-json\/wp\/v2\/posts\/81296","targetHints":{"allow":["GET"]}}],"collection":[{"href":"https:\/\/www.europesays.com\/fr\/wp-json\/wp\/v2\/posts"}],"about":[{"href":"https:\/\/www.europesays.com\/fr\/wp-json\/wp\/v2\/types\/post"}],"author":[{"embeddable":true,"href":"https:\/\/www.europesays.com\/fr\/wp-json\/wp\/v2\/users\/2"}],"replies":[{"embeddable":true,"href":"https:\/\/www.europesays.com\/fr\/wp-json\/wp\/v2\/comments?post=81296"}],"version-history":[{"count":0,"href":"https:\/\/www.europesays.com\/fr\/wp-json\/wp\/v2\/posts\/81296\/revisions"}],"wp:featuredmedia":[{"embeddable":true,"href":"https:\/\/www.europesays.com\/fr\/wp-json\/wp\/v2\/media\/81297"}],"wp:attachment":[{"href":"https:\/\/www.europesays.com\/fr\/wp-json\/wp\/v2\/media?parent=81296"}],"wp:term":[{"taxonomy":"category","embeddable":true,"href":"https:\/\/www.europesays.com\/fr\/wp-json\/wp\/v2\/categories?post=81296"},{"taxonomy":"post_tag","embeddable":true,"href":"https:\/\/www.europesays.com\/fr\/wp-json\/wp\/v2\/tags?post=81296"}],"curies":[{"name":"wp","href":"https:\/\/api.w.org\/{rel}","templated":true}]}}