{"id":812970,"date":"2026-03-20T21:33:16","date_gmt":"2026-03-20T21:33:16","guid":{"rendered":"https:\/\/www.europesays.com\/fr\/812970\/"},"modified":"2026-03-20T21:33:16","modified_gmt":"2026-03-20T21:33:16","slug":"soixante-commercants-signent-une-tribune-contre-lextreme-droite","status":"publish","type":"post","link":"https:\/\/www.europesays.com\/fr\/812970\/","title":{"rendered":"soixante commer\u00e7ants signent une tribune \u00ab\u00a0contre l\u2019extr\u00eame droite\u00a0\u00bb"},"content":{"rendered":"<p>\u00ab\u00a0Dans les rues du centre-ville, dans nos quartiers, dans nos noyaux villageois comme sur les plages, nous ne voulons pas d\u2019un tri entre les uns et les autres, entre les couleurs de peau, les origines, les religions.\u00a0\u00bb A deux jours du second tour des \u00e9lections municipales, soixante commer\u00e7ants marseillais se mobilisent et signent une tribune \u00ab\u00a0<a href=\"https:\/\/www.laprovence.com\/article\/politique\/3115971927234614\/municipales-a-marseille-le-rn-est-un-danger-pour-notre-ville-cosmopolite-des-rappeurs-sengagent\" target=\"_blank\" rel=\"nofollow noopener\">contre l\u2019extr\u00eame droite<\/a>\u00ab\u00a0.<\/p>\n<p>\u00ab\u00a0Nous connaissons l\u2019effet d\u00e9l\u00e9t\u00e8re de l\u2019extr\u00e9misme sur l\u2019attractivit\u00e9 d\u2019un territoire\u00a0: depuis l\u2019\u00e9lection de Donald Trump, les \u00c9tats-Unis anticipent une chute de 25% du tourisme et des pertes allant jusqu\u2019\u00e0 15 milliards de dollars, \u00e9crivent-ils avant de prendre position. Dimanche, nous ferons donc barrage \u00e0 l\u2019extr\u00e9misme en choisissant la liste du Printemps marseillais, qui est aujourd\u2019hui la seule en mesure de s\u2019imposer dans cette \u00e9lection d\u00e9cisive pour l\u2019avenir de notre ville\u00a0\u00bb.<\/p>\n","protected":false},"excerpt":{"rendered":"\u00ab\u00a0Dans les rues du centre-ville, dans nos quartiers, dans nos noyaux villageois comme sur les plages, nous ne&hellip;\n","protected":false},"author":2,"featured_media":812971,"comment_status":"","ping_status":"","sticky":false,"template":"","format":"standard","meta":{"footnotes":"","_share_on_mastodon":"0"},"categories":[2814],"tags":[5734,1111,11,7230,5949,1777,674,1011,27,884,3554,12,882,25,19073,88940,5030,96],"class_list":["post-812970","post","type-post","status-publish","format-standard","has-post-thumbnail","category-marseille","tag-5734","tag-actu","tag-actualites","tag-commercants","tag-elections","tag-eu","tag-europe","tag-fr","tag-france","tag-marseille","tag-municipales","tag-news","tag-provence-alpes-cote-dazur","tag-republique-francaise","tag-signent","tag-soixante","tag-tribune","tag-une"],"share_on_mastodon":{"url":"https:\/\/pubeurope.com\/@fr\/116263649703562324","error":""},"_links":{"self":[{"href":"https:\/\/www.europesays.com\/fr\/wp-json\/wp\/v2\/posts\/812970","targetHints":{"allow":["GET"]}}],"collection":[{"href":"https:\/\/www.europesays.com\/fr\/wp-json\/wp\/v2\/posts"}],"about":[{"href":"https:\/\/www.europesays.com\/fr\/wp-json\/wp\/v2\/types\/post"}],"author":[{"embeddable":true,"href":"https:\/\/www.europesays.com\/fr\/wp-json\/wp\/v2\/users\/2"}],"replies":[{"embeddable":true,"href":"https:\/\/www.europesays.com\/fr\/wp-json\/wp\/v2\/comments?post=812970"}],"version-history":[{"count":0,"href":"https:\/\/www.europesays.com\/fr\/wp-json\/wp\/v2\/posts\/812970\/revisions"}],"wp:featuredmedia":[{"embeddable":true,"href":"https:\/\/www.europesays.com\/fr\/wp-json\/wp\/v2\/media\/812971"}],"wp:attachment":[{"href":"https:\/\/www.europesays.com\/fr\/wp-json\/wp\/v2\/media?parent=812970"}],"wp:term":[{"taxonomy":"category","embeddable":true,"href":"https:\/\/www.europesays.com\/fr\/wp-json\/wp\/v2\/categories?post=812970"},{"taxonomy":"post_tag","embeddable":true,"href":"https:\/\/www.europesays.com\/fr\/wp-json\/wp\/v2\/tags?post=812970"}],"curies":[{"name":"wp","href":"https:\/\/api.w.org\/{rel}","templated":true}]}}