{"id":81311,"date":"2025-05-07T07:39:08","date_gmt":"2025-05-07T07:39:08","guid":{"rendered":"https:\/\/www.europesays.com\/fr\/81311\/"},"modified":"2025-05-07T07:39:08","modified_gmt":"2025-05-07T07:39:08","slug":"pour-devenir-le-monument-prefere-des-francais-la-place-du-capitole-a-toulouse-va-devoir-deplacer-une-montagne","status":"publish","type":"post","link":"https:\/\/www.europesays.com\/fr\/81311\/","title":{"rendered":"Pour devenir le monument pr\u00e9f\u00e9r\u00e9 des Fran\u00e7ais, la place du Capitole \u00e0 Toulouse va devoir d\u00e9placer une montagne"},"content":{"rendered":"<p>            Par<br \/>\n        <strong><br \/>\n            <a href=\"https:\/\/actu.fr\/auteur\/david-saint-sernin\" title=\"Consulter tous les articles de David Saint-Sernin\" target=\"_blank\" rel=\"noopener\">David Saint-Sernin<\/a><br \/>\n        <\/strong><\/p>\n<p>        Publi\u00e9 le<\/p>\n<p>            7 mai 2025 \u00e0 9h32        <\/p>\n<p>C\u2019est l\u2019un des endroits pr\u00e9f\u00e9r\u00e9s des Toulousains\u2009! Va-t-elle bient\u00f4t devenir le <a href=\"https:\/\/actu.fr\/hauts-de-france\/chantilly_60141\/monument-prefere-des-francais-2025-le-chateau-de-chantilly-representera-t-il-les-hauts-de-france_62600138.html\" target=\"_blank\" rel=\"noopener\">monument pr\u00e9f\u00e9r\u00e9 des Fran\u00e7ais\u2009?<\/a><\/p>\n<p>La place du Capitole en lice<\/p>\n<p class=\" wall-content\">Mardi 6\u00a0mai 2025, France T\u00e9l\u00e9visions a d\u00e9voil\u00e9 les monuments en lice pour repr\u00e9senter l\u2019Occitanie lors de l\u2019\u00e9mission \u00ab\u2009Le monument pr\u00e9f\u00e9r\u00e9 des Fran\u00e7ais\u2009\u00bb diffus\u00e9e sur France 3 en septembre prochain. Et la place du Capitole fait partie des deux sites retenus en Occitanie avec<strong>\u00a0le pic du Midi de Bigorre.<\/strong><\/p>\n<p class=\" wall-content\">Depuis ce mardi, et jusqu\u2019au 23\u00a0mai 2025, c\u2019est au public de choisir entre ces deux sites exceptionnels.\u00a0Les votes sont ouverts sur le<a href=\"https:\/\/www.francetvpro.fr\/contenu-de-presse\/72400238?parent=72400233\" target=\"_blank\" rel=\"noopener\"> site de France TV.<\/a><\/p>\n<p class=\" wall-content\">\u00ab\u2009C\u0153ur battant de la ville bord\u00e9 de terrasses, la place du Capitole s\u2019anime les jours de march\u00e9, d\u2019\u00e9lections et de manifestations, mais aussi les soirs de f\u00eate notamment pour c\u00e9l\u00e9brer les victoires du Stade Toulousain\u2009\u00bb, d\u00e9crit France TV.<\/p>\n<p class=\" wall-content\">D\u00e8s mardi, la place du Capitole a trouv\u00e9 son premier supporter en la personne de Jean-Luc Moudenc\u2009:<\/p>\n<p>Vid\u00e9os : en ce moment sur Actu<\/p>\n<p class=\" wall-content\">\n<p class=\" wall-content\">En 2024, c\u2019est le Ch\u00e2teau Laurens d\u2019Agde qui <a href=\"https:\/\/actu.fr\/occitanie\/agde_34003\/herault-agde-le-chateau-de-laurens-monument-prefere-des-francais-a-vos-claviers_61345772.html\" target=\"_blank\" rel=\"noopener\">avait repr\u00e9sent\u00e9 l\u2019Occitanie au concours.<\/a><\/p>\n<p class=\" wall-content\">Suivez toute l\u2019actualit\u00e9 de vos villes et m\u00e9dias favoris en vous inscrivant \u00e0 <a href=\"https:\/\/moncompte.actu.fr\" title=\"D\u00e9couvez Mon Actu\" rel=\"nofollow noopener\" data-trk=\"{&quot;cta&quot;:{&quot;action&quot;:&quot;https:\\\/\\\/moncompte.actu.fr&quot;,&quot;category&quot;:&quot;mon compte&quot;,&quot;from&quot;:&quot;article footer&quot;,&quot;name&quot;:&quot;Mon actu&quot;,&quot;type&quot;:&quot;cta&quot;}}\" target=\"_blank\">Mon Actu<\/a>.<\/p>\n","protected":false},"excerpt":{"rendered":"Par David Saint-Sernin Publi\u00e9 le 7 mai 2025 \u00e0 9h32 C\u2019est l\u2019un des endroits pr\u00e9f\u00e9r\u00e9s des Toulousains\u2009! Va-t-elle&hellip;\n","protected":false},"author":2,"featured_media":81312,"comment_status":"","ping_status":"","sticky":false,"template":"","format":"standard","meta":{"footnotes":""},"categories":[2816],"tags":[1111,11,1777,674,1011,27,2857,12,2680,25,104,18875,2312,602],"class_list":{"0":"post-81311","1":"post","2":"type-post","3":"status-publish","4":"format-standard","5":"has-post-thumbnail","7":"category-toulouse","8":"tag-actu","9":"tag-actualites","10":"tag-eu","11":"tag-europe","12":"tag-fr","13":"tag-france","14":"tag-jean-luc-moudenc","15":"tag-news","16":"tag-occitanie","17":"tag-republique-francaise","18":"tag-societe","19":"tag-stephane-bern","20":"tag-toulouse","21":"tag-tourisme"},"share_on_mastodon":{"url":"https:\/\/pubeurope.com\/@fr\/114465418143854315","error":""},"_links":{"self":[{"href":"https:\/\/www.europesays.com\/fr\/wp-json\/wp\/v2\/posts\/81311","targetHints":{"allow":["GET"]}}],"collection":[{"href":"https:\/\/www.europesays.com\/fr\/wp-json\/wp\/v2\/posts"}],"about":[{"href":"https:\/\/www.europesays.com\/fr\/wp-json\/wp\/v2\/types\/post"}],"author":[{"embeddable":true,"href":"https:\/\/www.europesays.com\/fr\/wp-json\/wp\/v2\/users\/2"}],"replies":[{"embeddable":true,"href":"https:\/\/www.europesays.com\/fr\/wp-json\/wp\/v2\/comments?post=81311"}],"version-history":[{"count":0,"href":"https:\/\/www.europesays.com\/fr\/wp-json\/wp\/v2\/posts\/81311\/revisions"}],"wp:featuredmedia":[{"embeddable":true,"href":"https:\/\/www.europesays.com\/fr\/wp-json\/wp\/v2\/media\/81312"}],"wp:attachment":[{"href":"https:\/\/www.europesays.com\/fr\/wp-json\/wp\/v2\/media?parent=81311"}],"wp:term":[{"taxonomy":"category","embeddable":true,"href":"https:\/\/www.europesays.com\/fr\/wp-json\/wp\/v2\/categories?post=81311"},{"taxonomy":"post_tag","embeddable":true,"href":"https:\/\/www.europesays.com\/fr\/wp-json\/wp\/v2\/tags?post=81311"}],"curies":[{"name":"wp","href":"https:\/\/api.w.org\/{rel}","templated":true}]}}