{"id":81313,"date":"2025-05-07T07:40:13","date_gmt":"2025-05-07T07:40:13","guid":{"rendered":"https:\/\/www.europesays.com\/fr\/81313\/"},"modified":"2025-05-07T07:40:13","modified_gmt":"2025-05-07T07:40:13","slug":"de-30-c-a-13-c-comment-le-changement-climatique-accentue-la-variation-brutale-des","status":"publish","type":"post","link":"https:\/\/www.europesays.com\/fr\/81313\/","title":{"rendered":"De 30\u00a0\u00b0C \u00e0 13\u00a0\u00b0C\u00a0: comment le changement climatique accentue la variation brutale des"},"content":{"rendered":"<p>Le thermom\u00e8tre a pris des airs de montagnes russes en ce d\u00e9but de mois de mai. Apr\u00e8s un pont du 1er\u00a0mai <strong>\u00ab\u00a0inhabituellement chaud pour la saison\u00a0\u00bb<\/strong> selon <a href=\"https:\/\/meteofrance.com\/actualites-et-dossiers\/actualites\/un-episode-de-chaleur-precoce-remarquable-dans-le-nord-ouest\" target=\"_self\" rel=\"nofollow noopener\">M\u00e9t\u00e9o France<\/a>, avec des temp\u00e9ratures sup\u00e9rieures de 10\u00a0\u00b0C \u00e0 la normale dans la moiti\u00e9 Nord du pays et <a href=\"https:\/\/rennes.maville.com\/actu\/actudet_-avec-29-4-c-paris-a-battu-un-record-de-temperature-pour-un-1er-mai-_54135-6789379_actu.Htm\" target=\"_self\" rel=\"nofollow noopener\">un record de chaleur battu \u00e0 Paris<\/a>, la m\u00e9t\u00e9o a effectu\u00e9 un virage \u00e0 180\u00a0\u00b0C.<\/p>\n<p>Une masse d\u2019air plus frais a gagn\u00e9 l\u2019ensemble du pays, cons\u00e9quence direct d\u2019un week-end parsem\u00e9 d\u2019orages. Les Parisiens, dont les aspirations estivales ont \u00e9t\u00e9 douch\u00e9es <a href=\"https:\/\/www.ouest-france.fr\/meteo\/orage\/video-orage-de-grele-a-paris-des-voitures-endommagees-47de483c-d333-4c61-81bf-2f5b986f7760\" target=\"_self\" rel=\"nofollow noopener\">par de violentes averses de gr\u00eale<\/a> dimanche apr\u00e8s-midi, ont \u00e9t\u00e9 contraints de troquer leurs t-shirts pour des pulls apr\u00e8s avoir perdu 12\u00a0\u00b0C en un week-end.\u00a0M\u00eame constat \u00e0 Lille o\u00f9 le mercure a chut\u00e9, passant de 28\u00a0\u00b0C \u00e0 14\u00a0\u00b0C en quarante-huit heures.\u00a0Les temp\u00e9ratures ont retrouv\u00e9 leur fra\u00eecheur printani\u00e8re, tombant m\u00eame quelques degr\u00e9s en dessous de la norme d\u2019un d\u00e9but mai par endroits.<\/p>\n<p>D\u00e9sormais familiers, ces brusques changements de temp\u00e9rature ont augment\u00e9 en fr\u00e9quence et en intensit\u00e9 au cours des derni\u00e8res d\u00e9cennies, d\u2019apr\u00e8s une \u00e9tude publi\u00e9e le mardi 22\u00a0avril 2025, dans la revue scientifique de r\u00e9f\u00e9rence  <a href=\"https:\/\/www.nature.com\/articles\/s41467-025-58544-5\" target=\"_self\" rel=\"nofollow noopener\">Nature<\/a> . Un ph\u00e9nom\u00e8ne que les chercheurs attribuent directement <a href=\"https:\/\/www.ouest-france.fr\/environnement\/rechauffement-climatique\/\" target=\"_self\" rel=\"nofollow noopener\">au d\u00e9r\u00e8glement climatique.<\/a><\/p>\n<p><strong>Lire aussi\u00a0: <\/strong> <a href=\"https:\/\/rennes.maville.com\/actu\/actudet_-infographies.-le-seuil-de-25-c-est-il-atteint-de-plus-en-plus-tot-ces-dernieres-annees-en-france-_54135-6787699_actu.Htm\" target=\"_self\" rel=\"nofollow noopener\">INFOGRAPHIES. Le seuil de 25\u00a0\u00b0C est-il atteint de plus en plus t\u00f4t ces derni\u00e8res ann\u00e9es en France\u00a0?<\/a><\/p>\n<p>\u00a0Plus de 60\u00a0% du globe\u00a0concern\u00e9 par ces ph\u00e9nom\u00e8nes<\/p>\n<p>Afin d\u2019arriver \u00e0 ces conclusions, les scientifiques chinois, auteurs de l\u2019\u00e9tude, ont identifi\u00e9, entre 1961 et 2023, les situations durant lesquelles les temp\u00e9ratures d\u2019une r\u00e9gion sont pass\u00e9es d\u2019un extr\u00eame \u00e0 l\u2019autre en l\u2019espace de cinq jours ou moins.<\/p>\n<p>Et les donn\u00e9es sont sans \u00e9quivoque\u00a0: <strong>\u00ab\u00a0Plus de 60\u00a0% [des zones du globe] ont connu des changements plus fr\u00e9quents, plus intenses et plus rapides depuis 1961, et cette tendance s\u2019\u00e9tendra \u00e0 la plupart des r\u00e9gions \u00e0 l\u2019avenir\u00a0\u00bb,<\/strong> concluent les auteurs. La fr\u00e9quence \u00e0 laquelle surviennent ces \u00e9v\u00e9nements climatiques a particuli\u00e8rement augment\u00e9 en Am\u00e9rique du Sud, en Europe occidentale, en Afrique ainsi qu\u2019en Asie du Sud et du Sud-Est.<\/p>\n<p>Cette bascule rapide entre deux extr\u00eames reste encore peu \u00e9tudi\u00e9e dans le contexte du changement climatique. Pour expliquer ces ph\u00e9nom\u00e8nes, les scientifiques font donc valoir plusieurs pistes, citant notamment <a href=\"https:\/\/rennes.maville.com\/actu\/actudet_-climat-le-jet-stream-derniere-victime-du-rechauffement-climatique-_54135-2713822_actu.Htm\" target=\"_self\" rel=\"nofollow noopener\">les ondulations du courant jet-stream<\/a>, une puissante ceinture de vent d\u2019altitude encerclant la Terre qui est d\u00e9s\u00e9quilibr\u00e9e par le r\u00e9chauffement climatique.<\/p>\n<p>Autre facteur avanc\u00e9 par les auteurs\u00a0: la s\u00e9cheresse croissante des sols qui rejettent la chaleur vers l\u2019atmosph\u00e8re et peuvent intensifier la variabilit\u00e9 des temp\u00e9ratures. Un ph\u00e9nom\u00e8ne <a href=\"https:\/\/www.ouest-france.fr\/environnement\/deforestation-incendies-pourquoi-la-transformation-de-lamazonie-menace-la-planete-3d0758f6-7a47-11ef-a25e-ad5d3544d350\" target=\"_self\" rel=\"nofollow noopener\">amplifi\u00e9 par la d\u00e9forestation<\/a>, souligne l\u2019\u00e9tude.<\/p>\n<p><strong>Lire aussi\u00a0: <\/strong> <a href=\"https:\/\/rennes.maville.com\/actu\/actudet_-la-deforestation-reduit-considerablement-les-precipitations-dans-les-zones-tropicales-_54135-5658753_actu.Htm\" target=\"_self\" rel=\"nofollow noopener\">La d\u00e9forestation r\u00e9duit consid\u00e9rablement les pr\u00e9cipitations dans les zones tropicales<\/a><\/p>\n<p>\u00ab\u00a0La pire catastrophe agronomique\u00a0\u00bb du XXIe\u00a0si\u00e8cle<\/p>\n<p>Si les m\u00e9canismes climatiques \u00e0 l\u2019origine de ces fluctuations ne sont pas encore pr\u00e9cis\u00e9ment identifi\u00e9s, leurs effets n\u00e9fastes sur les populations et la biodiversit\u00e9 sont, eux, bien connus.<\/p>\n<p>En avril\u00a02021, un revers brutal de la m\u00e9t\u00e9o accompagn\u00e9 d\u2019<a href=\"https:\/\/nantes.maville.com\/actu\/actudet_--en-images.-gel-en-val-de-loire-le-combat-des-vignerons-angevins-pour-sauver-les-vendanges-_8-4574411_actu.Htm\" target=\"_self\" rel=\"nofollow noopener\">un \u00e9pisode de gel<\/a> avait an\u00e9anti en quelques jours seulement plusieurs centaines d\u2019hectares de fruits, de <a href=\"https:\/\/guingamp.maville.com\/actu\/actudet_-reportage.-dans-le-muscadet-apres-le-gel-ravageur-grands-tourments-et-lueurs-d-espoir-_8-4588711_actu.Htm\" target=\"_self\" rel=\"nofollow noopener\">vignes<\/a>, de betteraves ou encore de colza en France. Cet \u00e9v\u00e9nement, <a href=\"https:\/\/agriculture.gouv.fr\/telecharger\/126809?token=7985ccc107a75aee4d86f885aef3ad0b72714cff86c1f3b6892ddb5133a44534\" target=\"_self\" rel=\"nofollow noopener\">qualifi\u00e9 par le ministre de l\u2019Agriculture et de l\u2019Alimentation de l\u2019\u00e9poque<\/a> comme <strong>\u00ab\u00a0la pire catastrophe agronomique de ce d\u00e9but de XXIe\u00a0si\u00e8cle\u00a0\u00bb,<\/strong> avait de nouveau soulign\u00e9 <a href=\"https:\/\/rennes.maville.com\/actu\/actudet_-entretien.-rechauffement-climatique-l-agriculture-a-la-fois-responsable-victime-et-solution-_54135-6064544_actu.Htm\" target=\"_self\" rel=\"nofollow noopener\">la vuln\u00e9rabilit\u00e9 des fili\u00e8res agricoles face au d\u00e9r\u00e8glement climatique<\/a>.<\/p>\n<p>\t<img decoding=\"async\" src=\"https:\/\/www.europesays.com\/fr\/wp-content\/uploads\/2025\/05\/P35213034D6796497G_px_640_.jpg\" alt=\"photo le gel du printemps 2021 avait durement frapp\u00e9 les vignes du vignoble du muscadet, qui avait perdu 65 \u00e0 70\u00a0du potentiel de r\u00e9coltes.  \u00a9  franck dubray \/ ouest-france\" width=\"640\" title=\" Le gel du printemps 2021 avait durement frapp\u00e9 les vignes du vignoble du muscadet, qui avait perdu 65 \u00e0 70\u00a0du potentiel de r\u00e9coltes.   Franck Dubray \/ Ouest-France \"\/><\/p>\n<p class=\"elmt-legende\"> Le gel du printemps 2021 avait durement frapp\u00e9 les vignes du vignoble du muscadet, qui avait perdu 65 \u00e0 70\u00a0du potentiel de r\u00e9coltes.   Franck Dubray \/ Ouest-France <\/p>\n<p>Dans les environnements naturels, la mort des plantes \u00e0 cause de ces variations pourrait entra\u00eener une r\u00e9action en cha\u00eene, telle qu\u2019une diminution de la nourriture disponible pour la faune et la mise en danger de certaines esp\u00e8ces, a pr\u00e9cis\u00e9 au  <a href=\"https:\/\/www.nytimes.com\/2025\/04\/22\/climate\/temperature-swings-climate-change.html\" target=\"_self\" rel=\"nofollow noopener\">New York Times<\/a>  Wei Zhang, professeur adjoint en sciences du climat \u00e0 l\u2019universit\u00e9 d\u2019\u00c9tat de l\u2019Utah et un des principaux auteurs de l\u2019\u00e9tude.<\/p>\n<p><strong>Lire aussi\u00a0: <\/strong> <a href=\"https:\/\/rennes.maville.com\/actu\/actudet_-temperatures-pluies-intenses-secheresse...-a-quels-extremes-la-france-doit-elle-se-preparer-_54135-6727158_actu.Htm\" target=\"_self\" rel=\"nofollow noopener\">Temp\u00e9ratures, pluies intenses, s\u00e9cheresse\u2026 \u00c0 quels extr\u00eames la France doit-elle se pr\u00e9parer\u00a0?<\/a><\/p>\n<p>Faire face \u00e0 des risques accrus \u00ab\u00a0de morbidit\u00e9 et de mortalit\u00e9\u00a0\u00bb<\/p>\n<p>Chauffage, climatisation, retour au chauffage\u2026 Cette m\u00e9t\u00e9o yo-yo met \u00e0 mal <a href=\"https:\/\/rennes.maville.com\/actu\/actudet_-changement-climatique-et-transition-energetique-la-facture-sera-salee-pour-les-reseaux-electriques-_8-6694948_actu.Htm\" target=\"_self\" rel=\"nofollow noopener\">les infrastructures \u00e9nerg\u00e9tiques<\/a>. Difficile d\u2019anticiper la demande d\u2019\u00e9nergie lorsque le mercure fait des grands \u00e9carts. En septembre\u00a02020, de nombreuses municipalit\u00e9s situ\u00e9es dans les montagnes Rocheuses, en Am\u00e9rique du Nord, ont ainsi \u00e9t\u00e9 priv\u00e9es d\u2019\u00e9lectricit\u00e9 apr\u00e8s avoir perdu 20\u00a0\u00b0C en l\u2019espace d\u2019une journ\u00e9e, rapporte l\u2019\u00e9tude.<\/p>\n<p>Dans les d\u00e9cennies \u00e0 venir, la situation pourrait devenir particuli\u00e8rement tendue pour les r\u00e9gions \u00e0 faible revenu, dont les infrastructures, souvent vuln\u00e9rables, peineront \u00e0 appr\u00e9hender la demande croissante li\u00e9e aux variations de temp\u00e9rature. Des risques qu\u2019il est urgent de comprendre, insistent les scientifiques.<\/p>\n<p>Car les fluctuations brutales du thermom\u00e8tre laissent <strong>\u00ab\u00a0tr\u00e8s peu de temps aux \u00eatres humains et aux \u00e9cosyst\u00e8mes pour r\u00e9agir et s\u2019adapter\u00a0\u00bb,<\/strong> avertissent les chercheurs chinois, soulignant des risques accrus <strong>\u00ab\u00a0de morbidit\u00e9 et de mortalit\u00e9\u00a0\u00bb, <\/strong>pour les personnes vuln\u00e9rables tels que les personnes \u00e2g\u00e9es, en surpoids et celles ayant des probl\u00e8mes de sant\u00e9 pr\u00e9existants.<\/p>\n<\/p>\n<p>Une mise en garde \u00e0 prendre au s\u00e9rieux alors que l\u2019exposition de la population mondiale \u00e0 ces \u00e9v\u00e9nements climatiques devrait augmenter d\u2019ici \u00e0 la fin du XXIe\u00a0si\u00e8cle, notamment dans les pays \u00e0 faible revenu, o\u00f9 cette exposition pourrait \u00eatre de 4,08 \u00e0 6,49 fois sup\u00e9rieure \u00e0 la moyenne mondiale.<\/p>\n<p>\u00a0<\/p>\n","protected":false},"excerpt":{"rendered":"Le thermom\u00e8tre a pris des airs de montagnes russes en ce d\u00e9but de mois de mai. Apr\u00e8s un&hellip;\n","protected":false},"author":2,"featured_media":81314,"comment_status":"","ping_status":"","sticky":false,"template":"","format":"standard","meta":{"footnotes":""},"categories":[2815],"tags":[11015,18876,11045,18878,1111,11,18880,6560,18877,1777,674,1011,27,811,1307,12,25,13209,18879],"class_list":{"0":"post-81313","1":"post","2":"type-post","3":"status-publish","4":"format-standard","5":"has-post-thumbnail","7":"category-lille","8":"tag-c","9":"tag-18876","10":"tag-11045","11":"tag-accentue","12":"tag-actu","13":"tag-actualites","14":"tag-brutale","15":"tag-changement","16":"tag-climatique","17":"tag-eu","18":"tag-europe","19":"tag-fr","20":"tag-france","21":"tag-hauts-de-france","22":"tag-lille","23":"tag-news","24":"tag-republique-francaise","25":"tag-temperatures","26":"tag-variation"},"share_on_mastodon":{"url":"https:\/\/pubeurope.com\/@fr\/114465421803434707","error":""},"_links":{"self":[{"href":"https:\/\/www.europesays.com\/fr\/wp-json\/wp\/v2\/posts\/81313","targetHints":{"allow":["GET"]}}],"collection":[{"href":"https:\/\/www.europesays.com\/fr\/wp-json\/wp\/v2\/posts"}],"about":[{"href":"https:\/\/www.europesays.com\/fr\/wp-json\/wp\/v2\/types\/post"}],"author":[{"embeddable":true,"href":"https:\/\/www.europesays.com\/fr\/wp-json\/wp\/v2\/users\/2"}],"replies":[{"embeddable":true,"href":"https:\/\/www.europesays.com\/fr\/wp-json\/wp\/v2\/comments?post=81313"}],"version-history":[{"count":0,"href":"https:\/\/www.europesays.com\/fr\/wp-json\/wp\/v2\/posts\/81313\/revisions"}],"wp:featuredmedia":[{"embeddable":true,"href":"https:\/\/www.europesays.com\/fr\/wp-json\/wp\/v2\/media\/81314"}],"wp:attachment":[{"href":"https:\/\/www.europesays.com\/fr\/wp-json\/wp\/v2\/media?parent=81313"}],"wp:term":[{"taxonomy":"category","embeddable":true,"href":"https:\/\/www.europesays.com\/fr\/wp-json\/wp\/v2\/categories?post=81313"},{"taxonomy":"post_tag","embeddable":true,"href":"https:\/\/www.europesays.com\/fr\/wp-json\/wp\/v2\/tags?post=81313"}],"curies":[{"name":"wp","href":"https:\/\/api.w.org\/{rel}","templated":true}]}}