{"id":81319,"date":"2025-05-07T07:43:15","date_gmt":"2025-05-07T07:43:15","guid":{"rendered":"https:\/\/www.europesays.com\/fr\/81319\/"},"modified":"2025-05-07T07:43:15","modified_gmt":"2025-05-07T07:43:15","slug":"marseille-benoit-un-sans-abri-retrouve-sa-chienne-volee-quatre-mois-apres-jetais-detruit","status":"publish","type":"post","link":"https:\/\/www.europesays.com\/fr\/81319\/","title":{"rendered":"Marseille. Beno\u00eet, un sans-abri, retrouve sa chienne vol\u00e9e quatre mois apr\u00e8s : \u00ab\u00a0J&rsquo;\u00e9tais d\u00e9truit\u00a0\u00bb"},"content":{"rendered":"<p>            Par<br \/>\n        <strong><br \/>\n            <a href=\"https:\/\/actu.fr\/auteur\/fabien-binacchi\" title=\"Consulter tous les articles de Fabien Binacchi\" target=\"_blank\" rel=\"noopener\">Fabien Binacchi<\/a><br \/>\n        <\/strong><\/p>\n<p>        Publi\u00e9 le<\/p>\n<p>            7 mai 2025 \u00e0 9h20        <\/p>\n<p>Beno\u00eet, un <a href=\"https:\/\/actu.fr\/provence-alpes-cote-d-azur\/marseille_13055\/pres-de-marseille-ce-sans-abri-vit-dans-la-rue-depuis-sept-ans-il-lance-un-appel-a-l-aide_62172366.html\" target=\"_blank\" rel=\"noopener\">sans-abri<\/a> de 45\u00a0ans \u00e9tabli \u00e0 <a href=\"https:\/\/actu.fr\/marseille\/\" target=\"_blank\" rel=\"noopener\">Marseille<\/a> en 2024 \u00e9tait <strong>inconsolable depuis le vol de sa <a href=\"https:\/\/actu.fr\/provence-alpes-cote-d-azur\/marseille_13055\/marseille-sabine-harcelee-et-violentee-a-cause-de-son-chien-elle-raconte_62545495.html\" target=\"_blank\" rel=\"noopener\">chienne<\/a> de race,<\/strong> en janvier, en pleine rue. Pr\u00e8s de quatre mois plus tard, il a pu la retrouver saine et sauve avec le concours de la police municipale.<\/p>\n<p class=\" wall-content\">Daniella, une femelle Staffordshire bull-terrier a \u00e9t\u00e9 <strong>d\u00e9couverte aupr\u00e8s d\u2019un autre SDF<\/strong> qui assure l\u2019avoir obtenu dans la cit\u00e9 de la Castellane contre 200\u00a0euros.<\/p>\n<p class=\" wall-content\">Son propri\u00e9taire l\u00e9gitime raconte \u00e0 actu Marseille ce cas qui n\u2019est pas isol\u00e9.<\/p>\n<p>\u00ab\u2009Elle n\u2019\u00e9tait plus l\u00e0\u2009\u00bb<\/p>\n<p class=\" wall-content\">C\u2019est une affaire qui rappelle celle de R\u00e9mi et de Bosco, dont <a href=\"https:\/\/actu.fr\/provence-alpes-cote-d-azur\/marseille_13055\/marseille-son-chien-vole-sa-cagnotte-videe-la-terrible-histoire-de-remi-mobilise_62366674.html\" target=\"_blank\" rel=\"noopener\">actu Marseille s\u2019\u00e9tait d\u00e9j\u00e0 fait l\u2019\u00e9cho.<\/a> Il y a quelques mois, Beno\u00eet, un autre sans-abri de la cit\u00e9 phoc\u00e9enne a eu droit au m\u00eame d\u00e9chirement. \u00c0 <strong>un tr\u00e8s (tr\u00e8s) mauvais cadeau d\u2019anniversaire.<\/strong><\/p>\n<p class=\" wall-content\">Le pire peut-\u00eatre pour cet homme qui partageait sa vie dans les rues de la deuxi\u00e8me ville de France avec son seul compagnon \u00e0 quatre pattes. \u00ab\u2009J\u2019ai eu 45\u00a0ans le 22\u00a0janvier. Et le lendemain, le 23, vers 5h30, <strong>on m\u2019a vol\u00e9 ma chienne<\/strong>\u2009\u00bb, raconte-t-il \u00e0 notre r\u00e9daction.<\/p>\n<p>Vid\u00e9os : en ce moment sur Actu<\/p>\n<blockquote class=\"ac-article-quote wall-content\">\n<p>\u00ab\u00a0J\u2019\u00e9tais devant la piscine Vallier [dans le 4e arrondissement], sur des marches. J\u2019ai d\u00fb m\u2019endormir m\u00eame pas deux heures et quand je me suis r\u00e9veill\u00e9, elle n\u2019\u00e9tait plus l\u00e0.\u00a0\u00bb<\/p>\n<p>    <strong\/>\n            <\/p><\/blockquote>\n<p>Avec l\u2019aide de la police municipale<\/p>\n<p class=\" wall-content\">Daniella est introuvable et Beno\u00eet inconsolable. \u00ab\u2009J\u2019\u00e9tais d\u00e9truit\u2009\u00bb, souffle-t-il.<\/p>\n<p class=\" wall-content\">La Staffordshire bull-terrier qu\u2019il a eue il y a un an et demi, quand elle n\u2019avait encore que 4\u00a0mois, \u00e9tait son rep\u00e8re. Il se d\u00e9m\u00e8ne, fait imprimer des affichettes et avertit des contacts. Mais <strong>les jours, les semaines et les mois passent.<\/strong> Et le sans-abri, natif de Caen (Normandie), commence \u00e0 perdre espoir.<\/p>\n<p class=\" wall-content\">Le 18\u00a0avril, boulevard Hopkinson, \u00e0 la Blancarde, toujours dans le 4e arrondissement de Marseille, il croit l\u2019apercevoir. Benoit se frotte les yeux pour en \u00eatre certain\u2009: <strong>\u00ab\u2009c\u2019\u00e9tait bien Daniella\u2009\u00bb.<\/strong> \u00ab\u2009Elle \u00e9tait l\u00e0, avec un mec, explique-t-il. J\u2019avais le contact d\u2019un flic de la mairie et je l\u2019ai tout de suite appel\u00e9. Ils sont intervenus tr\u00e8s rapidement et j\u2019ai pu la r\u00e9cup\u00e9rer.\u2009\u00bb<\/p>\n<p>Contre 200\u00a0euros \u00e0 la Castellane\u2009?<\/p>\n<p class=\" wall-content\">Sur son compte X, la police municipale salue les \u00ab\u2009agents scoot\u00e9ristes de la base Centre pour leur engagement et <strong>cet heureux d\u00e9nouement<\/strong>\u2009\u00bb. La chienne lui est rendue.<\/p>\n<blockquote class=\"ac-article-quote wall-content\">\n<p>\u00ab\u00a0Elle m\u2019a tout de suite reconnu. Et en plus, elle \u00e9tait en bonne sant\u00e9. Elle n\u2019a pas perdu 1 gramme.\u00a0\u00bb<\/p>\n<p>    <strong>Beno\u00eet<\/strong>\n            <\/p><\/blockquote>\n<p class=\" wall-content\">L\u2019homme avec qui Daniella a \u00e9t\u00e9 retrouv\u00e9e, un ressortissant roumain d\u2019une cinquantaine d\u2019ann\u00e9es, \u00e9galement sans abri, explique qu\u2019il l\u2019aurait eu contre 200\u00a0euros dans la cit\u00e9 de Castellane. <strong>Il a \u00e9t\u00e9 arr\u00eat\u00e9 pour le recel de la \u00ab\u2009Staffie\u2009\u00bb.<\/strong> Beno\u00eet a port\u00e9 plainte.<\/p>\n<p>Bient\u00f4t dans leur appartement<\/p>\n<p class=\" wall-content\">Et, aujourd\u2019hui, il assure \u00e0 actu Marseille qu\u2019on ne l\u2019y reprendra plus\u2009: \u00ab\u2009Elle est tellement gentille et sociable Daniella. Il suffit de l\u2019app\u00e2ter un peu avec quelque chose \u00e0 manger et elle vous suit. <strong>Je vais la surveiller d\u2019encore plus pr\u00e8s.<\/strong>\u2009\u00bb<\/p>\n<p class=\" wall-content\">Et comme une bonne nouvelle n\u2019arrive jamais seule, le quadrag\u00e9naire, qui a v\u00e9cu dans la rue depuis qu\u2019il a 21\u00a0ans, devrait bient\u00f4t <strong>avoir un toit, son toit,<\/strong> sur la t\u00eate et celle de son animal. \u00ab\u2009L\u00e0, on est \u00e0 l\u2019h\u00f4tel, confie-t-il enfin \u00e0 actu Marseille. Et avec mon assistante sociale, <strong>on est en train de monter un dossier<\/strong> pour un appartement.\u2009\u00bb<\/p>\n<p class=\" wall-content\">Suivez toute l\u2019actualit\u00e9 de vos villes et m\u00e9dias favoris en vous inscrivant \u00e0 <a href=\"https:\/\/moncompte.actu.fr\" title=\"D\u00e9couvez Mon Actu\" rel=\"nofollow noopener\" data-trk=\"{&quot;cta&quot;:{&quot;action&quot;:&quot;https:\\\/\\\/moncompte.actu.fr&quot;,&quot;category&quot;:&quot;mon compte&quot;,&quot;from&quot;:&quot;article footer&quot;,&quot;name&quot;:&quot;Mon actu&quot;,&quot;type&quot;:&quot;cta&quot;}}\" target=\"_blank\">Mon Actu<\/a>.<\/p>\n","protected":false},"excerpt":{"rendered":"Par Fabien Binacchi Publi\u00e9 le 7 mai 2025 \u00e0 9h20 Beno\u00eet, un sans-abri de 45\u00a0ans \u00e9tabli \u00e0 Marseille&hellip;\n","protected":false},"author":2,"featured_media":81320,"comment_status":"","ping_status":"","sticky":false,"template":"","format":"standard","meta":{"footnotes":""},"categories":[2814],"tags":[1111,11,1867,4850,1777,674,1011,27,884,12,882,25,104],"class_list":{"0":"post-81319","1":"post","2":"type-post","3":"status-publish","4":"format-standard","5":"has-post-thumbnail","7":"category-marseille","8":"tag-actu","9":"tag-actualites","10":"tag-animaux","11":"tag-chien","12":"tag-eu","13":"tag-europe","14":"tag-fr","15":"tag-france","16":"tag-marseille","17":"tag-news","18":"tag-provence-alpes-cote-dazur","19":"tag-republique-francaise","20":"tag-societe"},"share_on_mastodon":{"url":"https:\/\/pubeurope.com\/@fr\/114465433428907138","error":""},"_links":{"self":[{"href":"https:\/\/www.europesays.com\/fr\/wp-json\/wp\/v2\/posts\/81319","targetHints":{"allow":["GET"]}}],"collection":[{"href":"https:\/\/www.europesays.com\/fr\/wp-json\/wp\/v2\/posts"}],"about":[{"href":"https:\/\/www.europesays.com\/fr\/wp-json\/wp\/v2\/types\/post"}],"author":[{"embeddable":true,"href":"https:\/\/www.europesays.com\/fr\/wp-json\/wp\/v2\/users\/2"}],"replies":[{"embeddable":true,"href":"https:\/\/www.europesays.com\/fr\/wp-json\/wp\/v2\/comments?post=81319"}],"version-history":[{"count":0,"href":"https:\/\/www.europesays.com\/fr\/wp-json\/wp\/v2\/posts\/81319\/revisions"}],"wp:featuredmedia":[{"embeddable":true,"href":"https:\/\/www.europesays.com\/fr\/wp-json\/wp\/v2\/media\/81320"}],"wp:attachment":[{"href":"https:\/\/www.europesays.com\/fr\/wp-json\/wp\/v2\/media?parent=81319"}],"wp:term":[{"taxonomy":"category","embeddable":true,"href":"https:\/\/www.europesays.com\/fr\/wp-json\/wp\/v2\/categories?post=81319"},{"taxonomy":"post_tag","embeddable":true,"href":"https:\/\/www.europesays.com\/fr\/wp-json\/wp\/v2\/tags?post=81319"}],"curies":[{"name":"wp","href":"https:\/\/api.w.org\/{rel}","templated":true}]}}