{"id":81321,"date":"2025-05-07T07:44:10","date_gmt":"2025-05-07T07:44:10","guid":{"rendered":"https:\/\/www.europesays.com\/fr\/81321\/"},"modified":"2025-05-07T07:44:10","modified_gmt":"2025-05-07T07:44:10","slug":"cest-quoi-ce-traitement-revolutionnaire-utilise-a-lyon","status":"publish","type":"post","link":"https:\/\/www.europesays.com\/fr\/81321\/","title":{"rendered":"c\u2019est quoi ce traitement \u00ab\u00a0r\u00e9volutionnaire\u00a0\u00bb utilis\u00e9 \u00e0 Lyon\u00a0?"},"content":{"rendered":"<p> Les CAR-T sont une forme d\u2019immunoth\u00e9rapie qui permet de sauver des patients atteints de cancers du sang, r\u00e9sistants \u00e0 la chimioth\u00e9rapie. Pionniers en 2018, les Hospices civils de Lyon (HCL) viennent de traiter leur 500e patient au sein du service d\u2019h\u00e9matologie de l\u2019h\u00f4pital Lyon sud qui nous a ouvert ses portes pour suivre le circuit d\u2019un patient. \u00c0 l\u2019avenir, les CAR-T pourraient aussi r\u00e9volutionner le traitement des cancers solides et de maladies auto-immunes.<\/p>\n","protected":false},"excerpt":{"rendered":"Les CAR-T sont une forme d\u2019immunoth\u00e9rapie qui permet de sauver des patients atteints de cancers du sang, r\u00e9sistants&hellip;\n","protected":false},"author":2,"featured_media":81322,"comment_status":"","ping_status":"","sticky":false,"template":"","format":"standard","meta":{"footnotes":""},"categories":[1889],"tags":[1111,11,2430,2757,1777,674,107,1011,27,5325,2798,2428,2756,12,25,2429,71,273,3151,104],"class_list":{"0":"post-81321","1":"post","2":"type-post","3":"status-publish","4":"format-standard","5":"has-post-thumbnail","7":"category-lyon","8":"tag-actu","9":"tag-actualites","10":"tag-auvergne-rhone-alpes","11":"tag-edition-lyon-villeurbanne","12":"tag-eu","13":"tag-europe","14":"tag-fil-info","15":"tag-fr","16":"tag-france","17":"tag-galerie-media","18":"tag-galerie-photo","19":"tag-lyon","20":"tag-lyon-bassin","21":"tag-news","22":"tag-republique-francaise","23":"tag-rhone","24":"tag-sante","25":"tag-selection-de-la-redaction","26":"tag-selection-de-la-redaction-69","27":"tag-societe"},"share_on_mastodon":{"url":"https:\/\/pubeurope.com\/@fr\/114465437382680339","error":""},"_links":{"self":[{"href":"https:\/\/www.europesays.com\/fr\/wp-json\/wp\/v2\/posts\/81321","targetHints":{"allow":["GET"]}}],"collection":[{"href":"https:\/\/www.europesays.com\/fr\/wp-json\/wp\/v2\/posts"}],"about":[{"href":"https:\/\/www.europesays.com\/fr\/wp-json\/wp\/v2\/types\/post"}],"author":[{"embeddable":true,"href":"https:\/\/www.europesays.com\/fr\/wp-json\/wp\/v2\/users\/2"}],"replies":[{"embeddable":true,"href":"https:\/\/www.europesays.com\/fr\/wp-json\/wp\/v2\/comments?post=81321"}],"version-history":[{"count":0,"href":"https:\/\/www.europesays.com\/fr\/wp-json\/wp\/v2\/posts\/81321\/revisions"}],"wp:featuredmedia":[{"embeddable":true,"href":"https:\/\/www.europesays.com\/fr\/wp-json\/wp\/v2\/media\/81322"}],"wp:attachment":[{"href":"https:\/\/www.europesays.com\/fr\/wp-json\/wp\/v2\/media?parent=81321"}],"wp:term":[{"taxonomy":"category","embeddable":true,"href":"https:\/\/www.europesays.com\/fr\/wp-json\/wp\/v2\/categories?post=81321"},{"taxonomy":"post_tag","embeddable":true,"href":"https:\/\/www.europesays.com\/fr\/wp-json\/wp\/v2\/tags?post=81321"}],"curies":[{"name":"wp","href":"https:\/\/api.w.org\/{rel}","templated":true}]}}