{"id":81323,"date":"2025-05-07T07:45:11","date_gmt":"2025-05-07T07:45:11","guid":{"rendered":"https:\/\/www.europesays.com\/fr\/81323\/"},"modified":"2025-05-07T07:45:11","modified_gmt":"2025-05-07T07:45:11","slug":"lyon-un-corps-derive-sur-la-saone-les-pompiers-en-pleine-intervention","status":"publish","type":"post","link":"https:\/\/www.europesays.com\/fr\/81323\/","title":{"rendered":"Lyon. Un corps d\u00e9rive sur la Sa\u00f4ne, les pompiers en pleine intervention"},"content":{"rendered":"<p>            Par<br \/>\n        <strong><br \/>\n            <a href=\"https:\/\/actu.fr\/auteur\/anthony-soudani\" title=\"Consulter tous les articles de Anthony Soudani\" rel=\"nofollow noopener\" target=\"_blank\">Anthony Soudani<\/a><br \/>\n        <\/strong><\/p>\n<p>        Publi\u00e9 le<\/p>\n<p>            7 mai 2025 \u00e0 9h27        <\/p>\n<p><strong>INFO ACTU LYON.<\/strong> Un important dispositif de sapeurs-pompiers est mis en place dans le 9e arrondissement de <a href=\"https:\/\/actu.fr\/lyon\/\" rel=\"nofollow noopener\" target=\"_blank\">Lyon<\/a> depuis 8h30, ce mercredi 7 mai. Les secours tentent de retrouver un corps qui d\u00e9rive sur la Sa\u00f4ne dans le secteur, au niveau du pont Robert-Schuman.\u00a0<\/p>\n<p>    <a href=\"https:\/\/www.google.com\/maps\/embed?pb=!1m18!1m12!1m3!1d2782.552946733133!2d4.807729576620094!3d45.78014891230211!2m3!1f0!2f0!3f0!3m2!1i1024!2i768!4f13.1!3m3!1m2!1s0x47f4eb6b491a17c9%3A0x9f64cff52caa8919!2sPont%20Robert%20Schuman!5e0!3m2!1sfr!2sfr!4v1746602351056!5m2!1sfr!2sfr\" title=\"Ouvrie le lien\" rel=\"nofollow noopener\" target=\"_blank\">Cliquez ici pour visualiser le contenu<\/a><\/p>\n<p>Les recherches toujours en cours<\/p>\n<p class=\" wall-content\">\u00c0 9h15, les recherches sont toujours en cours. Pour l\u2019heure, nous n\u2019en savons pas plus sur les circonstances.\u00a0<\/p>\n<p class=\" wall-content\">Plusieurs <a href=\"https:\/\/actu.fr\/auvergne-rhone-alpes\/lyon_69123\/pres-de-lyon-l-intervention-des-pompiers-derape-la-police-arrive-en-renfort_62597888.html\" rel=\"nofollow noopener\" target=\"_blank\">sapeurs-pompiers du Rh\u00f4ne<\/a> sont d\u00e9ploy\u00e9s dans le quartier de Vaise.<\/p>\n<p class=\" wall-content\"><strong>Plus d\u2019informations \u00e0 suivre.<\/strong><\/p>\n<p class=\" wall-content\">Suivez toute l\u2019actualit\u00e9 de vos villes et m\u00e9dias favoris en vous inscrivant \u00e0 <a href=\"https:\/\/moncompte.actu.fr\" title=\"D\u00e9couvez Mon Actu\" rel=\"nofollow noopener\" data-trk=\"{&quot;cta&quot;:{&quot;action&quot;:&quot;https:\\\/\\\/moncompte.actu.fr&quot;,&quot;category&quot;:&quot;mon compte&quot;,&quot;from&quot;:&quot;article footer&quot;,&quot;name&quot;:&quot;Mon actu&quot;,&quot;type&quot;:&quot;cta&quot;}}\" target=\"_blank\">Mon Actu<\/a>.<\/p>\n","protected":false},"excerpt":{"rendered":"Par Anthony Soudani Publi\u00e9 le 7 mai 2025 \u00e0 9h27 INFO ACTU LYON. Un important dispositif de sapeurs-pompiers&hellip;\n","protected":false},"author":2,"featured_media":81324,"comment_status":"","ping_status":"","sticky":false,"template":"","format":"standard","meta":{"footnotes":""},"categories":[1889],"tags":[1111,11,2430,1777,674,1011,27,2428,12,1311,25,104],"class_list":{"0":"post-81323","1":"post","2":"type-post","3":"status-publish","4":"format-standard","5":"has-post-thumbnail","7":"category-lyon","8":"tag-actu","9":"tag-actualites","10":"tag-auvergne-rhone-alpes","11":"tag-eu","12":"tag-europe","13":"tag-fr","14":"tag-france","15":"tag-lyon","16":"tag-news","17":"tag-pompiers","18":"tag-republique-francaise","19":"tag-societe"},"share_on_mastodon":{"url":"https:\/\/pubeurope.com\/@fr\/114465441395239487","error":""},"_links":{"self":[{"href":"https:\/\/www.europesays.com\/fr\/wp-json\/wp\/v2\/posts\/81323","targetHints":{"allow":["GET"]}}],"collection":[{"href":"https:\/\/www.europesays.com\/fr\/wp-json\/wp\/v2\/posts"}],"about":[{"href":"https:\/\/www.europesays.com\/fr\/wp-json\/wp\/v2\/types\/post"}],"author":[{"embeddable":true,"href":"https:\/\/www.europesays.com\/fr\/wp-json\/wp\/v2\/users\/2"}],"replies":[{"embeddable":true,"href":"https:\/\/www.europesays.com\/fr\/wp-json\/wp\/v2\/comments?post=81323"}],"version-history":[{"count":0,"href":"https:\/\/www.europesays.com\/fr\/wp-json\/wp\/v2\/posts\/81323\/revisions"}],"wp:featuredmedia":[{"embeddable":true,"href":"https:\/\/www.europesays.com\/fr\/wp-json\/wp\/v2\/media\/81324"}],"wp:attachment":[{"href":"https:\/\/www.europesays.com\/fr\/wp-json\/wp\/v2\/media?parent=81323"}],"wp:term":[{"taxonomy":"category","embeddable":true,"href":"https:\/\/www.europesays.com\/fr\/wp-json\/wp\/v2\/categories?post=81323"},{"taxonomy":"post_tag","embeddable":true,"href":"https:\/\/www.europesays.com\/fr\/wp-json\/wp\/v2\/tags?post=81323"}],"curies":[{"name":"wp","href":"https:\/\/api.w.org\/{rel}","templated":true}]}}