{"id":81334,"date":"2025-05-07T07:51:14","date_gmt":"2025-05-07T07:51:14","guid":{"rendered":"https:\/\/www.europesays.com\/fr\/81334\/"},"modified":"2025-05-07T07:51:14","modified_gmt":"2025-05-07T07:51:14","slug":"la-ratp-et-la-mairie-de-paris-collaborent-a-nouveau-et-promettent-le-developpement-de-1-500-logements","status":"publish","type":"post","link":"https:\/\/www.europesays.com\/fr\/81334\/","title":{"rendered":"La RATP et la Mairie de Paris collaborent \u00e0 nouveau et promettent le d\u00e9veloppement de 1 500 logements"},"content":{"rendered":"<p>            Par<br \/>\n        <strong><br \/>\n            <a href=\"https:\/\/actu.fr\/auteur\/redaction-paris\" title=\"Consulter tous les articles de R\u00e9daction Paris\" rel=\"nofollow noopener\" target=\"_blank\">R\u00e9daction Paris<\/a><br \/>\n        <\/strong><\/p>\n<p>        Publi\u00e9 le<\/p>\n<p>            7 mai 2025 \u00e0 9h20        <\/p>\n<p><a href=\"https:\/\/actu.fr\/tag\/jean-castex\" rel=\"nofollow noopener\" target=\"_blank\">Jean Castex<\/a> et <a href=\"https:\/\/actu.fr\/tag\/anne-hidalgo\" rel=\"nofollow noopener\" target=\"_blank\">Anne Hidalgo<\/a>, respectivement PDG de la <a href=\"https:\/\/actu.fr\/tag\/ratp\" rel=\"nofollow noopener\" target=\"_blank\">RATP<\/a> et <a href=\"https:\/\/actu.fr\/tag\/mairie-de-paris\" rel=\"nofollow noopener\" target=\"_blank\">maire de Paris<\/a>, ont sign\u00e9, mardi 6\u00a0mai 2025, un nouvel accord qui permettra la cr\u00e9ation, d\u2019ici 2034, de <strong>1\u2009500 logements<\/strong> sur des sites qui appartiennent \u00e0 la R\u00e9gie autonome des transports parisiens.<\/p>\n<p>Logements sociaux et interm\u00e9diaires<\/p>\n<p class=\" wall-content\">Une collaboration qui aura un double objectif\u2009: \u00ab\u2009b\u00e2tir une ville \u00e9cologique et inclusive o\u00f9 les Parisiennes et des Parisiens peuvent vivre et se loger\u2009\u00bb, d\u00e9taille de son c\u00f4t\u00e9 Anne Hidalgo. L\u2019ancien Premier ministre y voit quant \u00e0 lui un moyen de \u00ab\u2009permettre \u00e0 nos <strong>agents<\/strong>, souvent en premi\u00e8re ligne au service des Franciliens, de se loger dignement \u00e0 Paris, \u00e0 proximit\u00e9 de leur lieu de travail.\u2009\u00bb<\/p>\n<p class=\" wall-content\">Sur ces 1\u2009500 logements, 60\u2009% seront \u00ab\u2009abordables parmi lesquels au moins <strong>40\u2009% de logements sociaux<\/strong> ainsi que des logements interm\u00e9diaires et de l\u2019accession sociale\u2009\u00bb, explique la R\u00e9gie dans un communiqu\u00e9.<\/p>\n<p class=\" wall-content\">Une collaboration qui n\u2019est pas in\u00e9dite. La r\u00e9alisation du dernier accord a permis de r\u00e9alisation de 1\u2009442 <strong>logements,<\/strong> dont 1\u2009153 sociaux, construits sur des sites industriels restructur\u00e9s. En d\u00e9cembre\u00a02023, <a href=\"https:\/\/actu.fr\/ile-de-france\/paris_75056\/paris-la-ratp-va-proposer-des-logements-sociaux-en-plein-coeur-du-12e-arrondissement_60472408.html\" rel=\"nofollow noopener\" target=\"_blank\">les travaux d\u2019un complexe de plus de 90 logements<\/a> situ\u00e9s en plein c\u0153ur du 12e arrondissement de Paris s\u2019\u00e9taient achev\u00e9s.<\/p>\n<p class=\" wall-content\">Suivez toute l\u2019actualit\u00e9 de vos villes et m\u00e9dias favoris en vous inscrivant \u00e0 <a href=\"https:\/\/moncompte.actu.fr\" title=\"D\u00e9couvez Mon Actu\" rel=\"nofollow noopener\" data-trk=\"{&quot;cta&quot;:{&quot;action&quot;:&quot;https:\\\/\\\/moncompte.actu.fr&quot;,&quot;category&quot;:&quot;mon compte&quot;,&quot;from&quot;:&quot;article footer&quot;,&quot;name&quot;:&quot;Mon actu&quot;,&quot;type&quot;:&quot;cta&quot;}}\" target=\"_blank\">Mon Actu<\/a>.<\/p>\n","protected":false},"excerpt":{"rendered":"Par R\u00e9daction Paris Publi\u00e9 le 7 mai 2025 \u00e0 9h20 Jean Castex et Anne Hidalgo, respectivement PDG de&hellip;\n","protected":false},"author":2,"featured_media":81335,"comment_status":"","ping_status":"","sticky":false,"template":"","format":"standard","meta":{"footnotes":""},"categories":[1888],"tags":[11,1777,674,1011,27,1908,2381,12,626,625,25,104],"class_list":{"0":"post-81334","1":"post","2":"type-post","3":"status-publish","4":"format-standard","5":"has-post-thumbnail","7":"category-paris","8":"tag-actualites","9":"tag-eu","10":"tag-europe","11":"tag-fr","12":"tag-france","13":"tag-logement","14":"tag-mairie-de-paris","15":"tag-news","16":"tag-paris","17":"tag-ratp","18":"tag-republique-francaise","19":"tag-societe"},"share_on_mastodon":{"url":"https:\/\/pubeurope.com\/@fr\/114465464930602445","error":""},"_links":{"self":[{"href":"https:\/\/www.europesays.com\/fr\/wp-json\/wp\/v2\/posts\/81334","targetHints":{"allow":["GET"]}}],"collection":[{"href":"https:\/\/www.europesays.com\/fr\/wp-json\/wp\/v2\/posts"}],"about":[{"href":"https:\/\/www.europesays.com\/fr\/wp-json\/wp\/v2\/types\/post"}],"author":[{"embeddable":true,"href":"https:\/\/www.europesays.com\/fr\/wp-json\/wp\/v2\/users\/2"}],"replies":[{"embeddable":true,"href":"https:\/\/www.europesays.com\/fr\/wp-json\/wp\/v2\/comments?post=81334"}],"version-history":[{"count":0,"href":"https:\/\/www.europesays.com\/fr\/wp-json\/wp\/v2\/posts\/81334\/revisions"}],"wp:featuredmedia":[{"embeddable":true,"href":"https:\/\/www.europesays.com\/fr\/wp-json\/wp\/v2\/media\/81335"}],"wp:attachment":[{"href":"https:\/\/www.europesays.com\/fr\/wp-json\/wp\/v2\/media?parent=81334"}],"wp:term":[{"taxonomy":"category","embeddable":true,"href":"https:\/\/www.europesays.com\/fr\/wp-json\/wp\/v2\/categories?post=81334"},{"taxonomy":"post_tag","embeddable":true,"href":"https:\/\/www.europesays.com\/fr\/wp-json\/wp\/v2\/tags?post=81334"}],"curies":[{"name":"wp","href":"https:\/\/api.w.org\/{rel}","templated":true}]}}