{"id":81354,"date":"2025-05-07T08:01:08","date_gmt":"2025-05-07T08:01:08","guid":{"rendered":"https:\/\/www.europesays.com\/fr\/81354\/"},"modified":"2025-05-07T08:01:08","modified_gmt":"2025-05-07T08:01:08","slug":"quattendre-du-concert-evenement-au-stade-france","status":"publish","type":"post","link":"https:\/\/www.europesays.com\/fr\/81354\/","title":{"rendered":"qu&rsquo;attendre du concert \u00e9v\u00e9nement au Stade France ?"},"content":{"rendered":"<p>Apr\u00e8s avoir enflamm\u00e9 les plus grandes sc\u00e8nes de la capitale, DJ Snake vise plus haut que jamais. \u00c0 l\u2019aube d\u2019un concert annonc\u00e9 comme historique, le producteur fran\u00e7ais pr\u00e9pare un adieu retentissant \u00e0 ses performances solo parisiennes, dans une mise en sc\u00e8ne \u00e0 la hauteur de son statut plan\u00e9taire.<\/p>\n<p><a href=\"https:\/\/www.fnac.com\/Dj-Snake\/ia4342128\" target=\"_blank\" rel=\"noreferrer noopener\">DJ Snake<\/a> s\u2019appr\u00eate \u00e0 marquer l\u2019histoire une derni\u00e8re fois. Seulement une semaine apr\u00e8s le rappeur de tous les records, <a href=\"https:\/\/leclaireur.fnac.com\/article\/593198-ninho-au-stade-de-france-quattendre-de-ce-concert-inedit\/\" target=\"_blank\" rel=\"noreferrer noopener\">Ninho<\/a>, le producteur fran\u00e7ais aux milliards de streams \u00e9lectrisera le Stade de France avec un show annonc\u00e9 comme son ultime concert solo \u00e0 Paris, le samedi 10 mai. <\/p>\n<p>Baptis\u00e9 The Final Show, ce rendez-vous monumental affiche complet depuis des mois. Juste apr\u00e8s le <a href=\"https:\/\/leclaireur.fnac.com\/article\/591723-jul-au-stade-de-france-que-retenir-du-concert-historique\/\" target=\"_blank\" rel=\"noreferrer noopener\">passage de Jul<\/a>, qui a d\u00e9j\u00e0 battu des records avec 98 000 spectateurs, DJ Snake s\u2019appr\u00eate lui aussi \u00e0 faire trembler les gradins de Saint-Denis. Un million de clics, 100 000 billets \u00e9coul\u00e9s en quelques minutes, et une promesse : celle d\u2019un moment \u00ab\u00a0entre intensit\u00e9 et \u00e9motion\u00a0\u00bb, selon les mots de l\u2019artiste.<\/p>\n<p>\u00ab\u00a0Pas plus grand, pas plus beau\u00a0\u00bb<\/p>\n<p>Invit\u00e9 de <a href=\"https:\/\/www.radiofrance.fr\/franceinter\/podcasts\/l-invite-de-7h50\/l-invite-de-7h50-du-lundi-05-mai-2025-3944292\" target=\"_blank\" rel=\"noreferrer noopener nofollow\">France Inter<\/a> le 5 mai, il a confi\u00e9 \u00e0 Sonia Devillers qu\u2019il consid\u00e9rait ce concert comme l\u2019aboutissement logique d\u2019une ascension m\u00e9thodique. De l\u2019Olympia au Parc des Princes, en passant par l\u2019Accor Arena, chaque salle parisienne franchie l\u2019a rapproch\u00e9 du g\u00e9ant de Saint-Denis. \u00ab\u00a0Je ne voulais pas redescendre en gamme\u00a0\u00bb, dit-il. Le Stade de France s\u2019impose donc comme son point culminant \u2014 peut-\u00eatre d\u00e9finitif \u2014 sur la sc\u00e8ne fran\u00e7aise en solo.<\/p>\n<p>DJ Snake au micro de France Inter. <\/p>\n<p>Le DJ promet un set millim\u00e9tr\u00e9, pens\u00e9 comme un grand huit sensoriel. \u00ab\u00a0Le public fran\u00e7ais aime que \u00e7a rentre dedans\u00a0\u00bb, observe-t-il, tout en cherchant \u00e0 \u00ab\u00a0garder une balance entre \u00e9motion et humanit\u00e9\u00a0\u00bb. Le show sera suivi d\u2019une after party \u00e0 l\u2019Accor Arena, permettant \u00e0 20 000 autres fans de prolonger la f\u00eate dans un cadre plus intime. \u00ab\u00a0Dans une petite salle, on est \u00e0 nu. Si le set n\u2019est pas bon, c\u2019est une catastrophe\u00a0\u00bb, reconna\u00eet-il avec lucidit\u00e9.<\/p>\n<p>Une trajectoire fulgurante<\/p>\n<p>De son vrai nom William Sami \u00c9tienne Grigahcine, DJ Snake a grandi \u00e0 Ermont, dans le Val-d\u2019Oise, entre une m\u00e8re alg\u00e9rienne et un p\u00e8re fran\u00e7ais. En 2011, il produit pour <a href=\"https:\/\/www.fnac.com\/Lady-Gaga\/ia701014\" target=\"_blank\" rel=\"noreferrer noopener\">Lady Gaga<\/a>, avant d\u2019exploser en 2013 avec Turn Down for What.<\/p>\n<p>Let Me Love You de Justin Bieber. <\/p>\n<p>S\u2019encha\u00eenent ensuite Lean On, Let Me Love You, Taki Taki, ou encore Disco Maghreb, sorti en 2022, o\u00f9 il rend hommage \u00e0 la culture ra\u00ef et \u00e0 l\u2019Alg\u00e9rie populaire. Une \u0153uvre hybride, entre <a href=\"https:\/\/leclaireur.fnac.com\/selection\/cp51943-le-top-des-meilleurs-albums-delectro\/\" target=\"_blank\" rel=\"noreferrer noopener\">EDM<\/a>, trap et influences world, qui forge son identit\u00e9 sonore unique.<\/p>\n<p>Un regard tourn\u00e9 vers l\u2019Alg\u00e9rie<\/p>\n<p>Sur France Inter, il a \u00e9voqu\u00e9 avec \u00e9motion sa double culture. \u00ab\u00a0J\u2019ai l\u2019impression de voir ma m\u00e8re et mon p\u00e8re s\u2019embrouiller\u00a0\u00bb, dit-il \u00e0 propos des r\u00e9centes tensions entre la France et l\u2019Alg\u00e9rie. Il esp\u00e8re \u00ab\u00a0l\u2019apaisement\u00a0\u00bb et confirme vouloir organiser un concert \u00e0 Alger : \u00ab\u00a0C\u2019est pr\u00e9vu, on en parle. Les Alg\u00e9riens vont kiffer \u00e7a aussi.\u00a0\u00bb<\/p>\n<p><strong class=\"small\">En stock<\/strong><\/p>\n<p>        Acheter sur Fnac.com<\/p>\n<p>Refusant les pressions politiques, notamment apr\u00e8s un message de soutien \u00e0 la Palestine, l\u2019artiste r\u00e9affirme sa libert\u00e9 d\u2019expression. Et celle de faire vibrer les deux rives de la M\u00e9diterran\u00e9e.<\/p>\n","protected":false},"excerpt":{"rendered":"Apr\u00e8s avoir enflamm\u00e9 les plus grandes sc\u00e8nes de la capitale, DJ Snake vise plus haut que jamais. \u00c0&hellip;\n","protected":false},"author":2,"featured_media":81355,"comment_status":"","ping_status":"","sticky":false,"template":"","format":"standard","meta":{"footnotes":""},"categories":[4],"tags":[11,12666,11500,1011,27,12,25,14478],"class_list":{"0":"post-81354","1":"post","2":"type-post","3":"status-publish","4":"format-standard","5":"has-post-thumbnail","7":"category-france","8":"tag-actualites","9":"tag-dj","10":"tag-electro","11":"tag-fr","12":"tag-france","13":"tag-news","14":"tag-republique-francaise","15":"tag-stade-de-france"},"share_on_mastodon":{"url":"https:\/\/pubeurope.com\/@fr\/114465504530113434","error":""},"_links":{"self":[{"href":"https:\/\/www.europesays.com\/fr\/wp-json\/wp\/v2\/posts\/81354","targetHints":{"allow":["GET"]}}],"collection":[{"href":"https:\/\/www.europesays.com\/fr\/wp-json\/wp\/v2\/posts"}],"about":[{"href":"https:\/\/www.europesays.com\/fr\/wp-json\/wp\/v2\/types\/post"}],"author":[{"embeddable":true,"href":"https:\/\/www.europesays.com\/fr\/wp-json\/wp\/v2\/users\/2"}],"replies":[{"embeddable":true,"href":"https:\/\/www.europesays.com\/fr\/wp-json\/wp\/v2\/comments?post=81354"}],"version-history":[{"count":0,"href":"https:\/\/www.europesays.com\/fr\/wp-json\/wp\/v2\/posts\/81354\/revisions"}],"wp:featuredmedia":[{"embeddable":true,"href":"https:\/\/www.europesays.com\/fr\/wp-json\/wp\/v2\/media\/81355"}],"wp:attachment":[{"href":"https:\/\/www.europesays.com\/fr\/wp-json\/wp\/v2\/media?parent=81354"}],"wp:term":[{"taxonomy":"category","embeddable":true,"href":"https:\/\/www.europesays.com\/fr\/wp-json\/wp\/v2\/categories?post=81354"},{"taxonomy":"post_tag","embeddable":true,"href":"https:\/\/www.europesays.com\/fr\/wp-json\/wp\/v2\/tags?post=81354"}],"curies":[{"name":"wp","href":"https:\/\/api.w.org\/{rel}","templated":true}]}}