{"id":81366,"date":"2025-05-07T08:09:09","date_gmt":"2025-05-07T08:09:09","guid":{"rendered":"https:\/\/www.europesays.com\/fr\/81366\/"},"modified":"2025-05-07T08:09:09","modified_gmt":"2025-05-07T08:09:09","slug":"mohoric-girmay-madouas-lapeira-aranburu-un-plateau-exceptionnel-au-depart-des-quatre-courses-professionnelles-bretonnes","status":"publish","type":"post","link":"https:\/\/www.europesays.com\/fr\/81366\/","title":{"rendered":"Mohoric, Girmay, Madouas, Lapeira, Aranburu\u2026 Un plateau exceptionnel au d\u00e9part des quatre courses professionnelles bretonnes"},"content":{"rendered":"<p>Sept ans apr\u00e8s avoir re\u00e7u Romain Bardet, Richie Porte et Tejay Van Garderen, en rep\u00e9rages pour l\u2019\u00e9tape Lorient-Quimper du Tour 2018, le Tour du Finist\u00e8re accueillera \u00e9galement le champion de France et le champion d\u2019Espagne mais aussi la star slov\u00e8ne Matej Mohoric (Bahrain-Victorious), vainqueur de Milan-San Remo 2022 et de trois \u00e9tapes du Tour de France, Anthony Turgis, Bryan Coquard, Hugo Hofstetter, ancien laur\u00e9at du Tro Bro Leon, et pas moins de six \u00e9quipes du WorldTour.<\/p>\n<p>Huit \u00e9quipes du WorldTour\u00a0!<\/p>\n<p>Le Grand Prix du Morbihan et le Tro Bro Leon en recenseront huit, du jamais vu\u00a0! L\u2019\u00c9rythr\u00e9en Biniam Girmay (Intermarch\u00e9), Maillot vert du dernier Tour de France, l\u2019Italien Alberto Bettiol, ancien vainqueur du Tour des Flandres, doubleront les deux courses. Pour leur premi\u00e8re \u00e0 Plumelec et \u00e0 Lannilis, Paul Lapeira et Valentin Madouas, quant \u00e0 eux, ont fait leur choix\u00a0: le champion de France voudra faire briller son maillot <a href=\"https:\/\/www.letelegramme.fr\/sports\/cyclisme\/pourquoi-autant-de-courses-bretonnes-passent-par-la-cote-de-cadoudal-a-plumelec-6773008.php\" title=\"www.letelegramme.fr\" target=\"_blank\" rel=\"noopener\">dans Cadoudal<\/a>, le vice-champion olympique r\u00eave de gagner le Tro Bro Leon.<\/p>\n","protected":false},"excerpt":{"rendered":"Sept ans apr\u00e8s avoir re\u00e7u Romain Bardet, Richie Porte et Tejay Van Garderen, en rep\u00e9rages pour l\u2019\u00e9tape Lorient-Quimper&hellip;\n","protected":false},"author":2,"featured_media":81367,"comment_status":"","ping_status":"","sticky":false,"template":"","format":"standard","meta":{"footnotes":""},"categories":[1411],"tags":[6206,1154,207,1011,27,12174,18762,2427,3319,60],"class_list":{"0":"post-81366","1":"post","2":"type-post","3":"status-publish","4":"format-standard","5":"has-post-thumbnail","7":"category-cyclisme","8":"tag-chateaulin","9":"tag-cycling","10":"tag-cyclisme","11":"tag-fr","12":"tag-france","13":"tag-lannilis","14":"tag-plumelec","15":"tag-professionnels","16":"tag-quimper","17":"tag-sports"},"share_on_mastodon":{"url":"https:\/\/pubeurope.com\/@fr\/114465535637596423","error":""},"_links":{"self":[{"href":"https:\/\/www.europesays.com\/fr\/wp-json\/wp\/v2\/posts\/81366","targetHints":{"allow":["GET"]}}],"collection":[{"href":"https:\/\/www.europesays.com\/fr\/wp-json\/wp\/v2\/posts"}],"about":[{"href":"https:\/\/www.europesays.com\/fr\/wp-json\/wp\/v2\/types\/post"}],"author":[{"embeddable":true,"href":"https:\/\/www.europesays.com\/fr\/wp-json\/wp\/v2\/users\/2"}],"replies":[{"embeddable":true,"href":"https:\/\/www.europesays.com\/fr\/wp-json\/wp\/v2\/comments?post=81366"}],"version-history":[{"count":0,"href":"https:\/\/www.europesays.com\/fr\/wp-json\/wp\/v2\/posts\/81366\/revisions"}],"wp:featuredmedia":[{"embeddable":true,"href":"https:\/\/www.europesays.com\/fr\/wp-json\/wp\/v2\/media\/81367"}],"wp:attachment":[{"href":"https:\/\/www.europesays.com\/fr\/wp-json\/wp\/v2\/media?parent=81366"}],"wp:term":[{"taxonomy":"category","embeddable":true,"href":"https:\/\/www.europesays.com\/fr\/wp-json\/wp\/v2\/categories?post=81366"},{"taxonomy":"post_tag","embeddable":true,"href":"https:\/\/www.europesays.com\/fr\/wp-json\/wp\/v2\/tags?post=81366"}],"curies":[{"name":"wp","href":"https:\/\/api.w.org\/{rel}","templated":true}]}}