{"id":81368,"date":"2025-05-07T08:10:09","date_gmt":"2025-05-07T08:10:09","guid":{"rendered":"https:\/\/www.europesays.com\/fr\/81368\/"},"modified":"2025-05-07T08:10:09","modified_gmt":"2025-05-07T08:10:09","slug":"pourquoi-la-qualification-de-linter-est-un-beau-cadeau-danniversaire-pour-luis-enrique","status":"publish","type":"post","link":"https:\/\/www.europesays.com\/fr\/81368\/","title":{"rendered":"pourquoi la qualification de l\u2019Inter est un beau cadeau d\u2019anniversaire pour Luis Enrique"},"content":{"rendered":"<p>En cas de qualification pour la finale de C1 face \u00e0 Arsenal, ce mercredi, le PSG \u00e9vitera le Bar\u00e7a. Ce qui devrait r\u00e9jouir l\u2019amoureux du FC Barcelone qu\u2019est Luis Enrique\u2026<\/p>\n<p class=\"fig-paragraph\">PSG-Inter Milan en finale de Ligue des champions, le 31 mai, \u00e0 Munich\u00a0? Peut-\u00eatre, peut-\u00eatre pas. En tout cas, ce ne sera pas PSG-Bar\u00e7a. Et c\u2019est d\u00e9j\u00e0 une bonne nouvelle pour Luis Enrique, qui f\u00eatera son 55e anniversaire jeudi. Un beau cadeau avec deux jours d\u2019avance.\u00a0<a href=\"http:\/\/www.lefigaro.fr\/sports\/football\/ligue-des-champions\/ligue-des-champions-apres-une-confrontation-legendaire-l-inter-milan-eteint-le-barca-et-se-hisse-en-finale-20250506\" data-fig-type=\"NewsFlash\" data-gtm-custom-categorie=\"navigation\" data-gtm-custom-action=\"crossclick\" data-gtm-custom-label=\"Contextuel\" data-gtm-event=\"customEventSPE\" data-fig-domain=\"LEFIGARO\" target=\"_blank\" rel=\"noopener\">L\u2019Inter a en effet \u00e9cart\u00e9 le FC Barcelone (4-3 ap)<\/a>\u00a0mardi, \u00e0 Milan, en demi-finale retour de C1. Interrog\u00e9 mardi apr\u00e8s-midi sur ce duel italo-espagnol, en conf\u00e9rence de presse,\u00a0<a href=\"http:\/\/www.lefigaro.fr\/sports\/football\/ligue-des-champions\/luis-enrique-avant-psg-arsenal-continuer-a-bruler-des-etapes-et-avoir-de-meilleurs-resultats-que-l-an-dernier-20250506\" data-fig-type=\"NewsFlash\" data-gtm-custom-categorie=\"navigation\" data-gtm-custom-action=\"crossclick\" data-gtm-custom-label=\"Contextuel\" data-gtm-event=\"customEventSPE\" data-fig-domain=\"LEFIGARO\" target=\"_blank\" rel=\"noopener\">le coach parisien a d\u2019abord ironis\u00e9<\/a>\u00a0: \u00abJe transpire en pensant \u00e0 cette demi-finale, pas \u00e0 celle de mercredi\u00bb. Et d\u2019ajouter\u00a0: \u00abNon, je n\u2019ai qu\u2019un objectif, que le PSG soit en finale. Le reste, il se passera ce qui doit se passer. Si on y est tant mieux, sinon, nous souhaiterons le meilleur aux autres adversaires\u00bb. Promis jur\u00e9\u00a0?<\/p>\n<p class=\"fig-paragraph\">Pass\u00e9 par la Catalogne en tant que joueur et entra\u00eeneur, avec notamment un sacre en \u00abChampions\u2019\u00bb en 2015, \u00abLucho\u00bb se d\u00e9finit lui-m\u00eame comme un supporter du FC Barcelone. Il n\u2019a pas cach\u00e9 son jeu\u00a0: \u00abApr\u00e8s, j\u2019ai un pass\u00e9, j\u2019en suis fier, et l\u2019amour que j\u2019ai pour le Bar\u00e7a ne dispara\u00eetra jamais\u00bb. Clair et net. Et encore, il l\u2019avait \u00e9t\u00e9 davantage en 2024, dans une interview \u00e0 Movistar+.<\/p>\n<p class=\"fig-body-link\">\n            \u00c0 lire aussi<br \/>\n        <a class=\"fig-body-link__link\" href=\"http:\/\/www.lefigaro.fr\/sports\/football\/ligue-des-champions\/luis-enrique-avant-psg-arsenal-continuer-a-bruler-des-etapes-et-avoir-de-meilleurs-resultats-que-l-an-dernier-20250506\" data-fig-type=\"NewsFlash\" data-gtm-custom-categorie=\"navigation\" data-gtm-custom-action=\"crossclick\" data-gtm-custom-label=\"Contextuel\" data-gtm-event=\"customEventSPE\" data-fig-domain=\"LEFIGARO\" target=\"_blank\" rel=\"noopener\">Luis Enrique avant PSG-Arsenal\u00a0: \u00abContinuer \u00e0 br\u00fbler des \u00e9tapes et avoir de meilleurs r\u00e9sultats que l\u2019an dernier\u00bb<br \/>\n    <\/a>\n<\/p>\n<blockquote class=\"fig-quote&#10;    \">\n<p class=\"fig-quote__text\">Je ne peux pas imaginer une finale contre le Bar\u00e7a.<\/p>\n<p>            Luis Enrique\n    <\/p><\/blockquote>\n<p class=\"fig-paragraph\">\u00abLucho\u00bb avait d\u2019abord \u00e9voqu\u00e9 la \u00absensation horrible\u00bb qu\u2019a repr\u00e9sent\u00e9 pour lui la double-confrontation PSG-Barcelone en quarts de finale de Ligue des champions 2023-24.\u00a0<a href=\"http:\/\/www.lefigaro.fr\/sports\/football\/ligue-des-champions\/les-notes-du-psg-a-barcelone-le-trio-dembele-barcola-mbappe-a-fait-mal-marquinhos-en-guerrier-vitinha-precieux-20240416\" data-fig-type=\"NewsFlash\" data-gtm-custom-categorie=\"navigation\" data-gtm-custom-action=\"crossclick\" data-gtm-custom-label=\"Contextuel\" data-gtm-event=\"customEventSPE\" data-fig-domain=\"LEFIGARO\" target=\"_blank\" rel=\"noopener\">Duel remport\u00e9 par Paris (2-3, 4-1)<\/a>. Le Bar\u00e7a, c\u2019est \u00able club qui (lui) a le plus donn\u00e9 comme joueur et comme entra\u00eeneur\u00bb. Et de conclure\u00a0: \u00abJ\u2019esp\u00e8re ne pas rejouer contre eux cette saison, je ne peux pas imaginer une finale contre le Bar\u00e7a\u00bb. Ce ne sera pas pour cette fois. Pour les Parisiens, il reste toutefois l\u2019essentiel \u00e0 r\u00e9aliser\u00a0:\u00a0<a href=\"http:\/\/www.lefigaro.fr\/sports\/football\/ligue-des-champions\/ligue-des-champions-psg-arsenal-rendez-vous-avec-l-histoire-20250506\" data-fig-type=\"Article\" data-gtm-custom-categorie=\"navigation\" data-gtm-custom-action=\"crossclick\" data-gtm-custom-label=\"Contextuel\" data-gtm-event=\"customEventSPE\" data-fig-domain=\"LEFIGARO\" target=\"_blank\" rel=\"noopener\">\u00e9carter Arsenal ce mercredi<\/a>\u00a0(21h) pour se hisser en finale de cette C1. Et c\u2019est \u00e9videmment (tr\u00e8s) loin d\u2019\u00eatre fait\u2026<\/p>\n<p class=\"fig-paragraph\"><strong>\u00c0 VOIR AUSSI &#8211; <\/strong>Ligue des champions\u00a0: les derniers pr\u00e9paratifs du Paris SG avant d\u2019affronter l\u2019Arsenal FC<\/p>\n<p>\u00a0\u00bb<br \/>\n        data-script=\u00a0\u00bbhttps:\/\/static.lefigaro.fr\/widget-video\/short-ttl\/dugout\/index.js\u00a0\u00bb<br \/>\n    &gt;<\/p>\n","protected":false},"excerpt":{"rendered":"En cas de qualification pour la finale de C1 face \u00e0 Arsenal, ce mercredi, le PSG \u00e9vitera le&hellip;\n","protected":false},"author":2,"featured_media":81369,"comment_status":"","ping_status":"","sticky":false,"template":"","format":"standard","meta":{"footnotes":""},"categories":[1410],"tags":[5357,4791,786,525,448,1981,1089,814,5695,2257,63,1011,27,2705,4788,447,1307,3490,955,4589,4789,93,4790,1980,60,455],"class_list":{"0":"post-81368","1":"post","2":"type-post","3":"status-publish","4":"format-standard","5":"has-post-thumbnail","7":"category-football","8":"tag-arsenal","9":"tag-barcelone","10":"tag-c1","11":"tag-calendrier","12":"tag-champions-league","13":"tag-classement","14":"tag-coupe-deurope","15":"tag-direct","16":"tag-fc-barcelone","17":"tag-foot","18":"tag-football","19":"tag-fr","20":"tag-france","21":"tag-groupe","22":"tag-inter-milan","23":"tag-ligue-des-champions","24":"tag-lille","25":"tag-liverpool","26":"tag-match","27":"tag-phase-finale","28":"tag-poule","29":"tag-psg","30":"tag-real-madrid","31":"tag-resultats","32":"tag-sports","33":"tag-uefa"},"share_on_mastodon":{"url":"https:\/\/pubeurope.com\/@fr\/114465539556139729","error":""},"_links":{"self":[{"href":"https:\/\/www.europesays.com\/fr\/wp-json\/wp\/v2\/posts\/81368","targetHints":{"allow":["GET"]}}],"collection":[{"href":"https:\/\/www.europesays.com\/fr\/wp-json\/wp\/v2\/posts"}],"about":[{"href":"https:\/\/www.europesays.com\/fr\/wp-json\/wp\/v2\/types\/post"}],"author":[{"embeddable":true,"href":"https:\/\/www.europesays.com\/fr\/wp-json\/wp\/v2\/users\/2"}],"replies":[{"embeddable":true,"href":"https:\/\/www.europesays.com\/fr\/wp-json\/wp\/v2\/comments?post=81368"}],"version-history":[{"count":0,"href":"https:\/\/www.europesays.com\/fr\/wp-json\/wp\/v2\/posts\/81368\/revisions"}],"wp:featuredmedia":[{"embeddable":true,"href":"https:\/\/www.europesays.com\/fr\/wp-json\/wp\/v2\/media\/81369"}],"wp:attachment":[{"href":"https:\/\/www.europesays.com\/fr\/wp-json\/wp\/v2\/media?parent=81368"}],"wp:term":[{"taxonomy":"category","embeddable":true,"href":"https:\/\/www.europesays.com\/fr\/wp-json\/wp\/v2\/categories?post=81368"},{"taxonomy":"post_tag","embeddable":true,"href":"https:\/\/www.europesays.com\/fr\/wp-json\/wp\/v2\/tags?post=81368"}],"curies":[{"name":"wp","href":"https:\/\/api.w.org\/{rel}","templated":true}]}}