{"id":813721,"date":"2026-03-21T05:45:16","date_gmt":"2026-03-21T05:45:16","guid":{"rendered":"https:\/\/www.europesays.com\/fr\/813721\/"},"modified":"2026-03-21T05:45:16","modified_gmt":"2026-03-21T05:45:16","slug":"bientot-la-fin-de-la-retraite-par-repartition-le-ministre-de-leconomie-plaide-pour-la-creation-dun-fonds-de-pension","status":"publish","type":"post","link":"https:\/\/www.europesays.com\/fr\/813721\/","title":{"rendered":"Bient\u00f4t la fin de la retraite par r\u00e9partition ? Le ministre de l&rsquo;Economie plaide pour la cr\u00e9ation d&rsquo;un fonds de pension"},"content":{"rendered":"<p>Le syst\u00e8me \u00e9conomique fran\u00e7ais se trouve actuellement \u00e0 la<br \/>\ncrois\u00e9e des chemins concernant le financement de sa croissance et<br \/>\nla protection de ses futurs retrait\u00e9s. Le ministre de l&rsquo;\u00c9conomie a<br \/>\nprofit\u00e9 d&rsquo;une tribune internationale pour souligner une d\u00e9pendance<br \/>\ncroissante envers les <strong>investisseurs am\u00e9ricains<\/strong>,<br \/>\ndont les fonds de pension dictent souvent les r\u00e8gles du march\u00e9<br \/>\neurop\u00e9en. Selon lui, l&rsquo;Europe ne peut plus laisser son destin<br \/>\nfinancier entre des mains \u00e9trang\u00e8res sans r\u00e9agir. L&rsquo;objectif est de<br \/>\ncr\u00e9er des structures capables d&rsquo;investir<br \/>\n<strong>durablement<\/strong> partout.<\/p>\n<p>Les enjeux souverains des fonds de pension<br \/>\nFinancer l&rsquo;autonomie strat\u00e9gique europ\u00e9enne<\/p>\n<p>Pour Roland Lescure, la cr\u00e9ation de fonds de pension n&rsquo;est pas<br \/>\nseulement une question de retraite, mais un imp\u00e9ratif de<br \/>\nsouverainet\u00e9. Actuellement, une part pr\u00e9pond\u00e9rante des capitaux<br \/>\ninvestis en Europe provient de structures de retraite \u00e9trang\u00e8res,<br \/>\nnotamment du Canada ou des \u00c9tats-Unis. En d\u00e9veloppant nos propres<br \/>\noutils d&rsquo;investissement de <strong>long terme<\/strong>, nous<br \/>\npourrions enfin reprendre le contr\u00f4le sur les d\u00e9cisions<br \/>\nstrat\u00e9giques de nos entreprises majeures. Cela permettrait de<br \/>\ngarantir que les b\u00e9n\u00e9fices de la croissance servent prioritairement<br \/>\nau d\u00e9veloppement du continent plut\u00f4t que de s&rsquo;\u00e9vaporer vers des<br \/>\n<strong>actionnaires lointains<\/strong>.<\/p>\n<p>S&rsquo;inspirer du mod\u00e8le nord-am\u00e9ricain<\/p>\n<p>Ancien dirigeant d&rsquo;un grand fonds de pension canadien, le<br \/>\nministre de l&rsquo;\u00c9conomie souhaite importer une expertise qui a fait<br \/>\nses preuves outre-Atlantique. Ces structures permettent de<br \/>\ntransformer l&rsquo;\u00e9pargne des travailleurs en un moteur de croissance<br \/>\nredoutable pour l&rsquo;\u00e9conomie r\u00e9elle. En France, l&rsquo;\u00e9pargne est<br \/>\nabondante mais trop souvent orient\u00e9e vers des placements liquides<br \/>\nou immobiliers, peu productifs pour l&rsquo;industrie de pointe ou la<br \/>\ntransition \u00e9cologique. L&rsquo;id\u00e9e est donc de fl\u00e9cher cette<br \/>\n<strong>\u00e9pargne dormante<\/strong> vers des fonds de pension<br \/>\ncapables de soutenir l&rsquo;innovation sur plusieurs d\u00e9cennies gr\u00e2ce \u00e0<br \/>\ndes <strong>capitaux stables<\/strong>.<\/p>\n<p>Mobiliser l&rsquo;\u00e9pargne pour l&rsquo;innovation<\/p>\n<p>L&rsquo;un des objectifs majeurs est de diriger les fonds vers les<br \/>\nsecteurs d&rsquo;avenir comme l&rsquo;intelligence artificielle ou l&rsquo;\u00e9nergie<br \/>\nd\u00e9carbon\u00e9e. Ces domaines n\u00e9cessitent des investissements massifs<br \/>\nque le syst\u00e8me bancaire classique peine parfois \u00e0 fournir seul. En<br \/>\ncr\u00e9ant des fonds de pension nationaux, la France se doterait d&rsquo;une<br \/>\nforce de frappe financi\u00e8re capable de rivaliser avec les g\u00e9ants<br \/>\nmondiaux, rapporte <a href=\"https:\/\/www.ledauphine.com\/economie\/2026\/03\/17\/c-est-un-gros-mot-en-france-le-ministre-de-l-economie-plaide-pour-des-fonds-de-pension\" target=\"_blank\" rel=\"noopener nofollow\">Le Dauphine<\/a>. Cela renforcerait<br \/>\nla comp\u00e9titivit\u00e9 de nos entreprises technologiques tout en assurant<br \/>\nun <strong>rendement financier<\/strong> aux futurs retrait\u00e9s. Ce<br \/>\nm\u00e9canisme transformerait la gestion des retraites en un v\u00e9ritable<br \/>\nlevier de <strong>puissance \u00e9conomique<\/strong> internationale.<\/p>\n<p>Le d\u00e9bat social et politique<br \/>\nexplosif<br \/>\nLa crainte d&rsquo;une retraite \u00e0 deux vitesses<\/p>\n<p>Le principal obstacle \u00e0 cette r\u00e9forme reste l&rsquo;attachement des<br \/>\nFran\u00e7ais au principe de r\u00e9partition, pilier de la coh\u00e9sion sociale<br \/>\ndepuis 1945. L&rsquo;introduction de fonds de pension est souvent per\u00e7ue<br \/>\ncomme le premier pas vers une <strong>privatisation<br \/>\nrampante<\/strong> de la protection sociale. Les opposants craignent<br \/>\nqu&rsquo;un tel syst\u00e8me ne favorise les salari\u00e9s les plus ais\u00e9s, capables<br \/>\nde capitaliser, au d\u00e9triment des travailleurs les plus pr\u00e9caires.<br \/>\nLe risque de voir les pensions fluctuer selon les soubresauts des<br \/>\nmarch\u00e9s financiers alimente une m\u00e9fiance profonde. Pour beaucoup,<br \/>\nla solidarit\u00e9 nationale ne doit pas dispara\u00eetre au profit d&rsquo;une<br \/>\n<strong>logique boursi\u00e8re<\/strong>.<\/p>\n<p>L&rsquo;horizon 2027 et la pr\u00e9paration du d\u00e9bat<\/p>\n<p>Le gouvernement est conscient que le terme \u00ab\u00a0fonds de pension\u00a0\u00bb<br \/>\nest un v\u00e9ritable \u00ab\u00a0gros mot\u00a0\u00bb dans le paysage politique fran\u00e7ais<br \/>\nactuel. C&rsquo;est pourquoi Roland Lescure propose de d\u00e9caler ce d\u00e9bat<br \/>\ncrucial \u00e0 l&rsquo;\u00e9ch\u00e9ance de 2027, afin de laisser le temps \u00e0 la<br \/>\np\u00e9dagogie. Il s&rsquo;agit de convaincre les citoyens que la<br \/>\ncapitalisation peut venir en <strong>compl\u00e9ment n\u00e9cessaire<\/strong><br \/>\nde la r\u00e9partition, sans pour autant la remplacer totalement. La<br \/>\nstrat\u00e9gie consiste \u00e0 pr\u00e9senter ces fonds comme un outil patriotique<br \/>\nde financement de l&rsquo;\u00e9conomie r\u00e9elle plut\u00f4t que comme une simple<br \/>\n<strong>r\u00e9forme comptable<\/strong> budg\u00e9taire.<\/p>\n<p>Vers une compl\u00e9mentarit\u00e9 des syst\u00e8mes<\/p>\n<p>Le projet ne vise pas \u00e0 supprimer la r\u00e9partition mais \u00e0 y<br \/>\nadosser un second pilier par capitalisation collective. Ce mod\u00e8le<br \/>\nmixte permettrait de diversifier les sources de financement des<br \/>\npensions de retraite tout en dynamisant les march\u00e9s financiers<br \/>\neurop\u00e9ens. En s\u00e9curisant les revenus des seniors par deux canaux<br \/>\ndistincts, l&rsquo;\u00c9tat esp\u00e8re renforcer la r\u00e9silience du mod\u00e8le social<br \/>\nface au d\u00e9fi d\u00e9mographique du vieillissement. Ce changement de<br \/>\nparadigme n\u00e9cessite toutefois un <strong>consensus<br \/>\npolitique<\/strong> large et une r\u00e9gulation stricte pour garantir la<br \/>\ns\u00e9curit\u00e9 des fonds. Le d\u00e9bat de 2027 s&rsquo;annonce comme un moment de<br \/>\n<strong>v\u00e9rit\u00e9 d\u00e9mocratique<\/strong>.<\/p>\n","protected":false},"excerpt":{"rendered":"Le syst\u00e8me \u00e9conomique fran\u00e7ais se trouve actuellement \u00e0 la crois\u00e9e des chemins concernant le financement de sa croissance&hellip;\n","protected":false},"author":2,"featured_media":813722,"comment_status":"","ping_status":"","sticky":false,"template":"","format":"standard","meta":{"footnotes":""},"categories":[6],"tags":[930,10334,35,4942,2837,1805,33,34,5729,16103,1011,27,4743,30481,3784,5912,24220,26061,471,88992,137],"class_list":{"0":"post-813721","1":"post","2":"type-post","3":"status-publish","4":"format-standard","5":"has-post-thumbnail","7":"category-economie","8":"tag-le","9":"tag-bientot","10":"tag-business","11":"tag-creation","12":"tag-dun","13":"tag-de","14":"tag-economie","15":"tag-economy","16":"tag-fin","17":"tag-fonds","18":"tag-fr","19":"tag-france","20":"tag-la","21":"tag-leconomie","22":"tag-ministre","23":"tag-par","24":"tag-pension","25":"tag-plaide","26":"tag-pour","27":"tag-repartition","28":"tag-retraite"},"share_on_mastodon":{"url":"https:\/\/pubeurope.com\/@fr\/116265584166870244","error":""},"_links":{"self":[{"href":"https:\/\/www.europesays.com\/fr\/wp-json\/wp\/v2\/posts\/813721","targetHints":{"allow":["GET"]}}],"collection":[{"href":"https:\/\/www.europesays.com\/fr\/wp-json\/wp\/v2\/posts"}],"about":[{"href":"https:\/\/www.europesays.com\/fr\/wp-json\/wp\/v2\/types\/post"}],"author":[{"embeddable":true,"href":"https:\/\/www.europesays.com\/fr\/wp-json\/wp\/v2\/users\/2"}],"replies":[{"embeddable":true,"href":"https:\/\/www.europesays.com\/fr\/wp-json\/wp\/v2\/comments?post=813721"}],"version-history":[{"count":0,"href":"https:\/\/www.europesays.com\/fr\/wp-json\/wp\/v2\/posts\/813721\/revisions"}],"wp:featuredmedia":[{"embeddable":true,"href":"https:\/\/www.europesays.com\/fr\/wp-json\/wp\/v2\/media\/813722"}],"wp:attachment":[{"href":"https:\/\/www.europesays.com\/fr\/wp-json\/wp\/v2\/media?parent=813721"}],"wp:term":[{"taxonomy":"category","embeddable":true,"href":"https:\/\/www.europesays.com\/fr\/wp-json\/wp\/v2\/categories?post=813721"},{"taxonomy":"post_tag","embeddable":true,"href":"https:\/\/www.europesays.com\/fr\/wp-json\/wp\/v2\/tags?post=813721"}],"curies":[{"name":"wp","href":"https:\/\/api.w.org\/{rel}","templated":true}]}}