{"id":81378,"date":"2025-05-07T08:15:10","date_gmt":"2025-05-07T08:15:10","guid":{"rendered":"https:\/\/www.europesays.com\/fr\/81378\/"},"modified":"2025-05-07T08:15:10","modified_gmt":"2025-05-07T08:15:10","slug":"disparue-en-meme-temps-que-c8-lemission-va-poser-sa-patte-sur-tmc","status":"publish","type":"post","link":"https:\/\/www.europesays.com\/fr\/81378\/","title":{"rendered":"Disparue en m\u00eame temps que C8, l\u2019\u00e9mission va poser sa patte sur TMC"},"content":{"rendered":"<p>Chat alors\u00a0! L\u2019\u00e9mission \u00ab\u00a0Les animaux de la 8\u00a0\u00bb, &#8211; devenue \u00ab\u00a0Animaux \u00e0 adopter\u00a0\u00bb en\u00a02018 \u2013, qui avait fait les beaux jours de <a href=\"https:\/\/www.20minutes.fr\/television\/c8\/\" class=\"color-ultramarine c-link\" target=\"_blank\" rel=\"noopener\">C8<\/a>, cha\u00eene arr\u00eat\u00e9e sur d\u00e9cision de l\u2019<a href=\"https:\/\/www.20minutes.fr\/dossier\/csa\" class=\"color-ultramarine c-link\" target=\"_blank\" rel=\"noopener\">Arcom<\/a> \u00e0 la fin f\u00e9vrier, va revenir\u2026 sur <a href=\"https:\/\/www.20minutes.fr\/television\/tmc\/\" class=\"color-ultramarine c-link\" target=\"_blank\" rel=\"noopener\">TMC<\/a>. Le programme, pr\u00e9sent\u00e9 par Sandrine Arcizet et Elodie Ageron et produit par Coyote, d\u00e9barquera sur la cha\u00eene du groupe <a href=\"https:\/\/www.20minutes.fr\/dossier\/tf1\" class=\"color-ultramarine c-link\" target=\"_blank\" rel=\"noopener\">TF1<\/a> \u00e0 compter du dimanche 25\u00a0mai.<\/p>\n<p>Quatre premiers \u00e9pisodes au poil<\/p>\n<p>\u00c9lodie Ageron et Sandrine Arcizet seront \u00e0 la t\u00eate de cette \u00e9mission animali\u00e8re, pr\u00e9sent\u00e9e par la cha\u00eene comme une \u00ab\u00a0s\u00e9rie du r\u00e9el qui porte un regard poignant dans les coulisses des refuges de la SPA\u00a0\u00bb. La cha\u00eene proposera, \u00e0 partir du 25\u00a0mai \u00e0 13h10, le premier des quatre premiers \u00e9pisodes de cette nouvelle monture de \u00ab\u00a0Animaux \u00e0 adopter\u00a0\u00bb.<\/p>\n<p>Des rediffusions seront programm\u00e9es \u00e0 la suite, et ce, jusqu\u2019\u00e0 18h50. <a href=\"https:\/\/www.20minutes.fr\/dossier\/tf1\" class=\"color-ultramarine c-link\" target=\"_blank\" rel=\"noopener\">TF1<\/a> a indiqu\u00e9, \u00e0 nos confr\u00e8res de l\u2019<a href=\"https:\/\/www.20minutes.fr\/dossier\/afp\" class=\"color-ultramarine c-link\" target=\"_blank\" rel=\"noopener\">AFP<\/a>, qu\u2019une saison in\u00e9dite du programme \u00e9tait actuellement en tournage. Elle pourrait \u00eatre diffus\u00e9e \u00e0 la rentr\u00e9e.<\/p>\n<\/p>\n<p>Pas un programme de niche<\/p>\n<p>\u00ab\u00a0Animaux \u00e0 adopter\u00a0\u00bb est une plong\u00e9e dans les coulisses des refuges de la SPA. L\u2019\u00e9mission d\u00e9voile comment les salari\u00e9s et les b\u00e9n\u00e9voles soignent et tentent de faire adopter des chiens et des chats. Avec un seul objectif\u00a0: trouver le meilleur foyer pour chacun d\u2019eux, au sein d\u2019une nouvelle famille. A la fois tendre et bouleversant, le parcours de ces animaux ne laissera pas petits et grands indiff\u00e9rents.<\/p>\n","protected":false},"excerpt":{"rendered":"Chat alors\u00a0! L\u2019\u00e9mission \u00ab\u00a0Les animaux de la 8\u00a0\u00bb, &#8211; devenue \u00ab\u00a0Animaux \u00e0 adopter\u00a0\u00bb en\u00a02018 \u2013, qui avait fait&hellip;\n","protected":false},"author":2,"featured_media":81379,"comment_status":"","ping_status":"","sticky":false,"template":"","format":"standard","meta":{"footnotes":""},"categories":[1355],"tags":[7278,7654,4850,58,59,1011,27,6795,1361,873,252,199,8648],"class_list":{"0":"post-81378","1":"post","2":"type-post","3":"status-publish","4":"format-standard","5":"has-post-thumbnail","7":"category-musique","8":"tag-c8","9":"tag-chat","10":"tag-chien","11":"tag-divertissement","12":"tag-entertainment","13":"tag-fr","14":"tag-france","15":"tag-maltraitance-animale","16":"tag-music","17":"tag-musique","18":"tag-television","19":"tag-tf1","20":"tag-tmc"},"share_on_mastodon":{"url":"https:\/\/pubeurope.com\/@fr\/114465559263815019","error":""},"_links":{"self":[{"href":"https:\/\/www.europesays.com\/fr\/wp-json\/wp\/v2\/posts\/81378","targetHints":{"allow":["GET"]}}],"collection":[{"href":"https:\/\/www.europesays.com\/fr\/wp-json\/wp\/v2\/posts"}],"about":[{"href":"https:\/\/www.europesays.com\/fr\/wp-json\/wp\/v2\/types\/post"}],"author":[{"embeddable":true,"href":"https:\/\/www.europesays.com\/fr\/wp-json\/wp\/v2\/users\/2"}],"replies":[{"embeddable":true,"href":"https:\/\/www.europesays.com\/fr\/wp-json\/wp\/v2\/comments?post=81378"}],"version-history":[{"count":0,"href":"https:\/\/www.europesays.com\/fr\/wp-json\/wp\/v2\/posts\/81378\/revisions"}],"wp:featuredmedia":[{"embeddable":true,"href":"https:\/\/www.europesays.com\/fr\/wp-json\/wp\/v2\/media\/81379"}],"wp:attachment":[{"href":"https:\/\/www.europesays.com\/fr\/wp-json\/wp\/v2\/media?parent=81378"}],"wp:term":[{"taxonomy":"category","embeddable":true,"href":"https:\/\/www.europesays.com\/fr\/wp-json\/wp\/v2\/categories?post=81378"},{"taxonomy":"post_tag","embeddable":true,"href":"https:\/\/www.europesays.com\/fr\/wp-json\/wp\/v2\/tags?post=81378"}],"curies":[{"name":"wp","href":"https:\/\/api.w.org\/{rel}","templated":true}]}}