{"id":81381,"date":"2025-05-07T08:17:08","date_gmt":"2025-05-07T08:17:08","guid":{"rendered":"https:\/\/www.europesays.com\/fr\/81381\/"},"modified":"2025-05-07T08:17:08","modified_gmt":"2025-05-07T08:17:08","slug":"quel-impact-reel-sur-la-sante","status":"publish","type":"post","link":"https:\/\/www.europesays.com\/fr\/81381\/","title":{"rendered":"quel impact r\u00e9el sur la sant\u00e9?"},"content":{"rendered":"<p><strong>D\u00c9CRYPTAGE<\/strong> &#8211; Des brioches industrielles aux plats pr\u00e9par\u00e9s, les produits ultratransform\u00e9s font notre quotidien. Et pourtant, ils ne nous sont pas favorables. Pourquoi\u00a0? Et jusqu\u2019\u00e0 quel point\u00a0?<\/p>\n<p class=\"fig-paragraph\">Un pot de Nutella, une bo\u00eete de Rochers Ferrero, du Caprice des dieux&#8230; Trois denr\u00e9es alimentaires au top des ventes en grandes surfaces en France, trois\u00a0<a href=\"http:\/\/sante.lefigaro.fr\/mieux-etre\/nutrition-aliments\/alimentation-ultratransformee-un-concept-qui-reste-a-etayer-scientifiquement-pour-l-anses-20250130\" data-fig-type=\"NewsFlash\" data-gtm-custom-categorie=\"navigation\" data-gtm-custom-action=\"crossclick\" data-gtm-custom-label=\"Contextuel\" data-gtm-event=\"customEventSPE\" data-fig-domain=\"SANTE\" rel=\"nofollow noopener\" target=\"_blank\">produits ultratransform\u00e9s<\/a>\u00a0dans nos placards et nos frigos. Bien loin des recommandations des autorit\u00e9s sanitaires et du corps m\u00e9dical sur la n\u00e9cessit\u00e9 d\u2019adopter un\u00a0<a href=\"https:\/\/sante.lefigaro.fr\/article\/nutrition-qu-est-ce-qu-une-alimentation-equilibree-aujourd-hui\" target=\"_blank\" data-fig-type=\"Article\" rel=\"noopener nofollow\" data-gtm-custom-categorie=\"navigation\" data-gtm-custom-action=\"crossclick\" data-gtm-custom-label=\"Contextuel\" data-gtm-event=\"customEventSPE\" data-fig-domain=\"SANTE\">r\u00e9gime alimentaire<\/a>\u00a0plus riche en aliments \u00ab\u00a0bruts\u00a0\u00bb,\u00a0<a href=\"https:\/\/sante.lefigaro.fr\/mieux-etre\/nutrition-aliments\" target=\"_blank\" data-fig-type=\"Section\" rel=\"noopener nofollow\" data-gtm-custom-categorie=\"navigation\" data-gtm-custom-action=\"crossclick\" data-gtm-custom-label=\"Contextuel\" data-gtm-event=\"customEventSPE\" data-fig-domain=\"SANTE\">fruits, l\u00e9gumes<\/a>\u00a0et\u00a0<a href=\"http:\/\/sante.lefigaro.fr\/social\/sante-publique\/moins-d-un-francais-sur-quatre-mange-ses-cinq-fruits-et-legumes-par-jour-20250429\" data-fig-type=\"Article\" data-gtm-custom-categorie=\"navigation\" data-gtm-custom-action=\"crossclick\" data-gtm-custom-label=\"Contextuel\" data-gtm-event=\"customEventSPE\" data-fig-domain=\"SANTE\" rel=\"nofollow noopener\" target=\"_blank\">l\u00e9gumineuses<\/a>, viandes et poissons \u00e0 cuisiner soi-m\u00eame, voire confitures, soupes et conserves \u00ab\u00a0faites maison\u00a0\u00bb. Louable ambition&#8230; Mais une vue de l\u2019esprit pour une majorit\u00e9 d\u2019entre nous.<\/p>\n<p class=\"fig-paragraph\">Pratiques \u00e0 accommoder, g\u00e9n\u00e9ralement d\u2019un prix raisonnable, flatteurs au go\u00fbt et \u00e0 la vue, les produits de l\u2019industrie alimentaire cochent les bonnes cases lorsque, par exemple, on est un jeune actif charg\u00e9 de famille\u00a0: \u00ab\u00a0Les c\u00e9r\u00e9ales du petit d\u00e9jeuner pour les ados \u2013 chacun sa marque \u2013, les pizzas surgel\u00e9es ou les plats pr\u00e9par\u00e9s \u00e0 glisser dans le four quand je rentre tard du bureau&#8230; Tout cela me facilite\u2026<\/p>\n<p class=\"fig-premium-paywall__infos\">\n        Cet article est r\u00e9serv\u00e9 aux abonn\u00e9s.        Il vous reste 92% \u00e0 d\u00e9couvrir.\n    <\/p>\n<p>                <img  data- alt=\"Le Figaro\" class=\"fig-img--complete fig-img\"\/><\/p>\n<p class=\"fig-premium-paywall__title\">Je m&rsquo;informe, je m&rsquo;inspire, je m&rsquo;abonne.<\/p>\n<p class=\"fig-premium-paywall__subtitle\">D\u00e9couvrez notre offre de bienvenue.<\/p>\n<p class=\"fig-premium-paywall__connect\">\n                D\u00e9j\u00e0 abonn\u00e9\u00a0?                <a class=\"fig-premium-paywall__connect-link\" href=\"https:\/\/connect.lefigaro.fr\/login?client=sante_web&amp;type=main&amp;redirect_uri=https%3A%2F%2Fsante.lefigaro.fr%2Fmieux-etre%2Fnutrition-aliments%2Faliments-ultratransformes-quel-impact-reel-sur-la-sante-20250507\" data-js-gtm=\"{&quot;customCategorie&quot;: &quot;conversion&quot;, &quot;customAction&quot;: &quot;before_Landing_Connexion_paywall_auto&quot;, &quot;customLabel&quot;: &quot;c2FudGUubGVmaWdhcm8uZnJfXzFmMDE2Y2QxLWQxODAtNmQ2MC05ODg1LTMzYjg0NjIyNzUxYV9fQXJ0aWNsZQ==_Aliments ultratransform\u00e9s: quel impact r\u00e9el sur la sant\u00e9?_411&quot;, &quot;customIDSPE&quot;: &quot;c2FudGUubGVmaWdhcm8uZnJfXzFmMDE2Y2QxLWQxODAtNmQ2MC05ODg1LTMzYjg0NjIyNzUxYV9fQXJ0aWNsZQ==&quot;, &quot;event&quot;: &quot;customEventSPE&quot;}\" rel=\"nofollow noopener\" target=\"_blank\"><br \/>\n                    Connectez-vous<br \/>\n                <\/a>\n            <\/p>\n","protected":false},"excerpt":{"rendered":"D\u00c9CRYPTAGE &#8211; Des brioches industrielles aux plats pr\u00e9par\u00e9s, les produits ultratransform\u00e9s font notre quotidien. Et pourtant, ils ne&hellip;\n","protected":false},"author":2,"featured_media":81382,"comment_status":"","ping_status":"","sticky":false,"template":"","format":"standard","meta":{"footnotes":""},"categories":[10],"tags":[258,10762,3013,10759,10756,10753,10760,10758,10757,1011,27,72,4991,10752,10761,10754,571,71,10755],"class_list":{"0":"post-81381","1":"post","2":"type-post","3":"status-publish","4":"format-standard","5":"has-post-thumbnail","7":"category-sante","8":"tag-alimentation","9":"tag-alimentation-saine","10":"tag-bien-manger","11":"tag-calorie","12":"tag-complement-alimentaire","13":"tag-conseil-nutrition","14":"tag-conseil-nutritionnel","15":"tag-dieteticien","16":"tag-dietetique","17":"tag-fr","18":"tag-france","19":"tag-health","20":"tag-nutrition","21":"tag-nutritionniste","22":"tag-perdre-du-poids","23":"tag-proteine","24":"tag-regime","25":"tag-sante","26":"tag-sante-et-nutrition"},"share_on_mastodon":{"url":"https:\/\/pubeurope.com\/@fr\/114465567209553878","error":""},"_links":{"self":[{"href":"https:\/\/www.europesays.com\/fr\/wp-json\/wp\/v2\/posts\/81381","targetHints":{"allow":["GET"]}}],"collection":[{"href":"https:\/\/www.europesays.com\/fr\/wp-json\/wp\/v2\/posts"}],"about":[{"href":"https:\/\/www.europesays.com\/fr\/wp-json\/wp\/v2\/types\/post"}],"author":[{"embeddable":true,"href":"https:\/\/www.europesays.com\/fr\/wp-json\/wp\/v2\/users\/2"}],"replies":[{"embeddable":true,"href":"https:\/\/www.europesays.com\/fr\/wp-json\/wp\/v2\/comments?post=81381"}],"version-history":[{"count":0,"href":"https:\/\/www.europesays.com\/fr\/wp-json\/wp\/v2\/posts\/81381\/revisions"}],"wp:featuredmedia":[{"embeddable":true,"href":"https:\/\/www.europesays.com\/fr\/wp-json\/wp\/v2\/media\/81382"}],"wp:attachment":[{"href":"https:\/\/www.europesays.com\/fr\/wp-json\/wp\/v2\/media?parent=81381"}],"wp:term":[{"taxonomy":"category","embeddable":true,"href":"https:\/\/www.europesays.com\/fr\/wp-json\/wp\/v2\/categories?post=81381"},{"taxonomy":"post_tag","embeddable":true,"href":"https:\/\/www.europesays.com\/fr\/wp-json\/wp\/v2\/tags?post=81381"}],"curies":[{"name":"wp","href":"https:\/\/api.w.org\/{rel}","templated":true}]}}