{"id":8139,"date":"2025-04-07T15:12:17","date_gmt":"2025-04-07T15:12:17","guid":{"rendered":"https:\/\/www.europesays.com\/fr\/8139\/"},"modified":"2025-04-07T15:12:17","modified_gmt":"2025-04-07T15:12:17","slug":"football-le-president-de-lille-tacle-lol-sur-les-cas-nuamah-et-almada","status":"publish","type":"post","link":"https:\/\/www.europesays.com\/fr\/8139\/","title":{"rendered":"Football. Le pr\u00e9sident de Lille tacle l\u2019OL sur les cas Nuamah et Almada"},"content":{"rendered":"<p>Lille s\u2019est ajout\u00e9 \u00e0 la liste des clubs de Ligue 1 ayant \u00e9mis une r\u00e9serve concernant <a href=\"https:\/\/www.leprogres.fr\/sport\/2025\/01\/20\/ol-toujouse-consteste-la-qualification-de-thiago-almada\" target=\"_blank\" rel=\"nofollow noopener\">la qualification de Thiago Almada,<\/a> pr\u00eat\u00e9 gratuitement par Botafogo dans le cadre de la multi-propri\u00e9t\u00e9 de John Textor.<\/p>\n<p>Samedi, apr\u00e8s la d\u00e9faite du LOSC face \u00e0 l\u2019OL (2-1), le pr\u00e9sident lillois Olivier L\u00e9tang a \u00e9galement exprim\u00e9 des r\u00e9serves au sujet du cas d\u2019<a href=\"https:\/\/www.leprogres.fr\/p\/ernest-nuamah-footballeur-international-ghaneen\" target=\"_blank\" rel=\"nofollow noopener\">Ernest Nuamah<\/a>.<\/p>\n<p>  \u00ab\u00a0C\u2019est particulier\u00a0\u00bb<\/p>\n<p>\u00ab\u00a0Je n\u2019ai pas envie d\u2019\u00e9taler cela sur la place publique, mais il s\u2019est pass\u00e9 deux choses en deux ans qui ne sont pas acceptables, a-t-il tanc\u00e9. Le transfert de Nuamah, l\u2019an dernier, pour 25\u00a0millions d\u2019euros, en est un exemple. Il a \u00e9t\u00e9 achet\u00e9 par un club (Molenbeek) dont le budget s\u2019\u00e9l\u00e8ve \u00e0 seulement huit millions d\u2019euros, c\u2019est particulier. Ils se font pr\u00eater un joueur (<a href=\"https:\/\/www.leprogres.fr\/p\/thiago-almada\" target=\"_blank\" rel=\"nofollow noopener\">Thiago Almada<\/a>) dont la valeur est de 30\u00a0millions d\u2019euros. J\u2019ai d\u00e9cid\u00e9 que c\u2019\u00e9tait quelque chose que nous ne devions pas accepter dans notre comp\u00e9tition et il faut que les organes comp\u00e9tents en soient conscients \u00e9galement.\u00a0\u00bb<\/p>\n","protected":false},"excerpt":{"rendered":"Lille s\u2019est ajout\u00e9 \u00e0 la liste des clubs de Ligue 1 ayant \u00e9mis une r\u00e9serve concernant la qualification&hellip;\n","protected":false},"author":2,"featured_media":8140,"comment_status":"","ping_status":"","sticky":false,"template":"","format":"standard","meta":{"footnotes":""},"categories":[2815],"tags":[1111,11,2757,1777,674,63,1011,27,811,1307,2428,2756,12,2755,25,2429,517],"class_list":{"0":"post-8139","1":"post","2":"type-post","3":"status-publish","4":"format-standard","5":"has-post-thumbnail","7":"category-lille","8":"tag-actu","9":"tag-actualites","10":"tag-edition-lyon-villeurbanne","11":"tag-eu","12":"tag-europe","13":"tag-football","14":"tag-fr","15":"tag-france","16":"tag-hauts-de-france","17":"tag-lille","18":"tag-lyon","19":"tag-lyon-bassin","20":"tag-news","21":"tag-ol-olympique-lyonnais-football","22":"tag-republique-francaise","23":"tag-rhone","24":"tag-sport"},"share_on_mastodon":{"url":"https:\/\/pubeurope.com\/@fr\/114297329601060594","error":""},"_links":{"self":[{"href":"https:\/\/www.europesays.com\/fr\/wp-json\/wp\/v2\/posts\/8139","targetHints":{"allow":["GET"]}}],"collection":[{"href":"https:\/\/www.europesays.com\/fr\/wp-json\/wp\/v2\/posts"}],"about":[{"href":"https:\/\/www.europesays.com\/fr\/wp-json\/wp\/v2\/types\/post"}],"author":[{"embeddable":true,"href":"https:\/\/www.europesays.com\/fr\/wp-json\/wp\/v2\/users\/2"}],"replies":[{"embeddable":true,"href":"https:\/\/www.europesays.com\/fr\/wp-json\/wp\/v2\/comments?post=8139"}],"version-history":[{"count":0,"href":"https:\/\/www.europesays.com\/fr\/wp-json\/wp\/v2\/posts\/8139\/revisions"}],"wp:featuredmedia":[{"embeddable":true,"href":"https:\/\/www.europesays.com\/fr\/wp-json\/wp\/v2\/media\/8140"}],"wp:attachment":[{"href":"https:\/\/www.europesays.com\/fr\/wp-json\/wp\/v2\/media?parent=8139"}],"wp:term":[{"taxonomy":"category","embeddable":true,"href":"https:\/\/www.europesays.com\/fr\/wp-json\/wp\/v2\/categories?post=8139"},{"taxonomy":"post_tag","embeddable":true,"href":"https:\/\/www.europesays.com\/fr\/wp-json\/wp\/v2\/tags?post=8139"}],"curies":[{"name":"wp","href":"https:\/\/api.w.org\/{rel}","templated":true}]}}