{"id":81393,"date":"2025-05-07T08:23:08","date_gmt":"2025-05-07T08:23:08","guid":{"rendered":"https:\/\/www.europesays.com\/fr\/81393\/"},"modified":"2025-05-07T08:23:08","modified_gmt":"2025-05-07T08:23:08","slug":"marine-tondelier-denonce-la-strategie-de-diversion-consistant-a-dire-que-le-mal-incarne-cest-melenchon-et-lfi","status":"publish","type":"post","link":"https:\/\/www.europesays.com\/fr\/81393\/","title":{"rendered":"Marine Tondelier d\u00e9nonce la \u00abstrat\u00e9gie de diversion consistant \u00e0 dire que le mal incarn\u00e9, c\u2019est M\u00e9lenchon et LFI\u00bb"},"content":{"rendered":"<p>                             Par Hicham Zemrani<\/p>\n<p>                Il y a 31 minutes<\/p>\n<p>\u00a0\u00bb<br \/>\n        data-script=\u00a0\u00bbhttps:\/\/static.lefigaro.fr\/widget-video\/short-ttl\/video\/index.js\u00a0\u00bb<br \/>\n    &gt;<\/p>\n<p>Invit\u00e9e sur France 2, la secr\u00e9taire nationale des \u00c9cologistes est revenue sur la publication d\u2019un livre enqu\u00eate sur le parti de gauche radicale.<\/p>\n<p class=\"fig-paragraph\">\u00abJe vais te mettre la dose que tu m\u00e9rites.\u00bb Dans\u00a0<a href=\"http:\/\/www.lefigaro.fr\/politique\/la-meute-un-livre-enquete-pointe-les-derives-du-systeme-melenchon-20250506\" data-fig-type=\"NewsFlash\" data-gtm-custom-categorie=\"navigation\" data-gtm-custom-action=\"crossclick\" data-gtm-custom-label=\"Contextuel\" data-gtm-event=\"customEventSPE\" data-fig-domain=\"LEFIGARO\" target=\"_blank\" rel=\"noopener\">La Meute<\/a>, un livre enqu\u00eate sur les d\u00e9rives de La France insoumise (LFI), deux journalistes d\u00e9voilent ce message que Jean-Luc M\u00e9lenchon aurait envoy\u00e9 \u00e0 Marine Tondelier. Invit\u00e9e sur France 2, la secr\u00e9taire nationale des \u00c9cologistes a confirm\u00e9 avoir re\u00e7u ce texto, pr\u00e9cisant toutefois que son contenu exact \u00e9tait\u00a0: \u00abOn va te renvoyer la dose que tu m\u00e9rites.\u00bb Bien qu\u2019elle n\u2019ait pas encore lu l\u2019ouvrage, la leader des Verts \u00abn\u2019apprend rien de nouveau sous le soleil\u00bb.<\/p>\n<p class=\"fig-paragraph\">M\u00eame si elle ne reprend pas \u00e0 son compte les termes employ\u00e9s par le communiste Fabien Roussel, qui a compar\u00e9 LFI \u00e0 une \u00absecte\u00bb, Marine Tondelier \u00abne trouve pas que c\u2019est comme \u00e7a que devrait fonctionner un parti politique\u00bb. \u00abIl est net que\u00a0<a href=\"http:\/\/www.lefigaro.fr\/vox\/societe\/albert-zennou-quand-les-ecologistes-font-de-l-anticapitalisme-et-de-la-defense-des-minorites-leurs-matrices-ideologiques-20250425\" data-fig-type=\"Article\" data-gtm-custom-categorie=\"navigation\" data-gtm-custom-action=\"crossclick\" data-gtm-custom-label=\"Contextuel\" data-gtm-event=\"customEventSPE\" data-fig-domain=\"LEFIGARO\" target=\"_blank\" rel=\"noopener\">Les \u00c9cologistes<\/a> \u00a0ont fait un choix diff\u00e9rent de fonctionnement, de m\u00e9thode, de style et d\u2019\u00e9tat d\u2019esprit\u00bb, a-t-elle revendiqu\u00e9, avant de souligner que \u00abla forme fait partie du fond\u00bb.<\/p>\n<p>\u00abTravailler avec tout le monde\u00bb<\/p>\n<p class=\"fig-paragraph\">La conseill\u00e8re municipale d\u2019H\u00e9nin-Beaumont (Nord) a toutefois relativement \u00e9pargn\u00e9 son alli\u00e9, appelant \u00e0 \u00ab faire attention \u00e0 ce relativisme o\u00f9 LFI serait accus\u00e9e de tous les maux\u00bb. Marine Tondelier a \u00e9galement point\u00e9 du doigt la \u00abstrat\u00e9gie de diversion qui consiste \u00e0 dire que le mal incarn\u00e9 en France, c\u2019est M\u00e9lenchon et LFI\u00bb. Pour Marine Tondelier, il ne faut pas se d\u00e9tourner du principal adversaire, \u00e0 savoir le Rassemblement national. \u00abL\u2019habitabilit\u00e9 m\u00eame de la plan\u00e8te est remise en cause et \u00e0 ce que je sache, ce n\u2019est pas la faute de Jean-Luc M\u00e9lenchon\u00bb, a-t-elle ironis\u00e9.<\/p>\n<p class=\"fig-paragraph\">Fid\u00e8le \u00e0 sa position de \u00abtrait d\u2019union\u00bb entre le Parti socialiste et LFI, la secr\u00e9taire nationale des \u00c9cologistes porte une \u00abligne strat\u00e9gique\u00bb visant \u00e0 \u00abtravailler avec tout le monde\u00bb. Alors que\u00a0<a href=\"http:\/\/www.lefigaro.fr\/politique\/un-bon-candidat-de-premier-tour-mais-le-pire-pour-le-second-comment-melenchon-espere-tuer-le-match-a-gauche-pour-2027-20250501\" data-fig-type=\"Article\" data-gtm-custom-categorie=\"navigation\" data-gtm-custom-action=\"crossclick\" data-gtm-custom-label=\"Contextuel\" data-gtm-event=\"customEventSPE\" data-fig-domain=\"LEFIGARO\" target=\"_blank\" rel=\"noopener\">Jean-Luc M\u00e9lenchon<\/a>\u00a0se pr\u00e9pare \u00e0 \u00eatre candidat en 2027, la leader des Verts a reproch\u00e9 aux Insoumis de ne pas vouloir \u00abbosser\u00bb avec le reste de la gauche. \u00abUne candidature commune est possible, a affirm\u00e9 Marine Tondelier. Les \u00c9cologistes seront fid\u00e8les \u00e0 leur promesse de cet \u00e9t\u00e9.\u00bb<\/p>\n","protected":false},"excerpt":{"rendered":"Par Hicham Zemrani Il y a 31 minutes \u00a0\u00bb data-script=\u00a0\u00bbhttps:\/\/static.lefigaro.fr\/widget-video\/short-ttl\/video\/index.js\u00a0\u00bb &gt; Invit\u00e9e sur France 2, la secr\u00e9taire nationale&hellip;\n","protected":false},"author":2,"featured_media":81394,"comment_status":"","ping_status":"","sticky":false,"template":"","format":"standard","meta":{"footnotes":""},"categories":[4],"tags":[47,1058,1054,1059,1060,1055,11,1057,118,1011,27,1061,303,4729,12,1062,25,656,104,1056,809],"class_list":{"0":"post-81393","1":"post","2":"type-post","3":"status-publish","4":"format-standard","5":"has-post-thumbnail","7":"category-france","8":"tag-actualite","9":"tag-actualite-education","10":"tag-actualite-france","11":"tag-actualite-justice","12":"tag-actualite-securite","13":"tag-actualite-societe","14":"tag-actualites","15":"tag-education","16":"tag-faits-divers","17":"tag-fr","18":"tag-france","19":"tag-immigration","20":"tag-justice","21":"tag-marine-tondelier","22":"tag-news","23":"tag-polemique","24":"tag-republique-francaise","25":"tag-securite","26":"tag-societe","27":"tag-societe-francaise","28":"tag-violence"},"share_on_mastodon":{"url":"https:\/\/pubeurope.com\/@fr\/114465590759692576","error":""},"_links":{"self":[{"href":"https:\/\/www.europesays.com\/fr\/wp-json\/wp\/v2\/posts\/81393","targetHints":{"allow":["GET"]}}],"collection":[{"href":"https:\/\/www.europesays.com\/fr\/wp-json\/wp\/v2\/posts"}],"about":[{"href":"https:\/\/www.europesays.com\/fr\/wp-json\/wp\/v2\/types\/post"}],"author":[{"embeddable":true,"href":"https:\/\/www.europesays.com\/fr\/wp-json\/wp\/v2\/users\/2"}],"replies":[{"embeddable":true,"href":"https:\/\/www.europesays.com\/fr\/wp-json\/wp\/v2\/comments?post=81393"}],"version-history":[{"count":0,"href":"https:\/\/www.europesays.com\/fr\/wp-json\/wp\/v2\/posts\/81393\/revisions"}],"wp:featuredmedia":[{"embeddable":true,"href":"https:\/\/www.europesays.com\/fr\/wp-json\/wp\/v2\/media\/81394"}],"wp:attachment":[{"href":"https:\/\/www.europesays.com\/fr\/wp-json\/wp\/v2\/media?parent=81393"}],"wp:term":[{"taxonomy":"category","embeddable":true,"href":"https:\/\/www.europesays.com\/fr\/wp-json\/wp\/v2\/categories?post=81393"},{"taxonomy":"post_tag","embeddable":true,"href":"https:\/\/www.europesays.com\/fr\/wp-json\/wp\/v2\/tags?post=81393"}],"curies":[{"name":"wp","href":"https:\/\/api.w.org\/{rel}","templated":true}]}}