{"id":81403,"date":"2025-05-07T08:28:09","date_gmt":"2025-05-07T08:28:09","guid":{"rendered":"https:\/\/www.europesays.com\/fr\/81403\/"},"modified":"2025-05-07T08:28:09","modified_gmt":"2025-05-07T08:28:09","slug":"asnl-si-lopportunite-dune-montee-en-l1-se-presente-nous-investirons-pour-la-saisir-les-actionnaires-de-nancy-sexpriment-apres-la-montee-en-ligue-2","status":"publish","type":"post","link":"https:\/\/www.europesays.com\/fr\/81403\/","title":{"rendered":"ASNL &#8211; \u00ab Si l\u2019opportunit\u00e9 d\u2019une mont\u00e9e en L1 se pr\u00e9sente, nous investirons pour la saisir \u00bb : les actionnaires de Nancy s&rsquo;expriment apr\u00e8s la mont\u00e9e en Ligue 2"},"content":{"rendered":"<p style=\"text-align: justify;\">.C\u2019est une petite anomalie qui perdurait depuis trois ans, mais tout est rentr\u00e9 dans l\u2019ordre en ce mois de mai 2025. Apr\u00e8s avoir pass\u00e9 quelques saisons en <strong>National<\/strong>, l\u2019AS <strong>Nancy<\/strong> Lorraine revient en\u00a0<strong>Ligue 2<\/strong> par la grande porte, avec le titre de champion de N1 2025-2026 ! Un exploit qui n\u2019est pas \u00e0 banaliser et qui signifie peut-\u00eatre que des joueurs meilleurs sont \u00e0 venir pour le club au chardon, qui a bien failli visiter le N2 ou finir encore plus bas en 2023\u2026<\/p>\n<p style=\"text-align: justify;\">\u00c0 lire aussi &gt;&gt;\u00a0<a href=\"https:\/\/maligue2.fr\/2025\/05\/03\/nancy-pablo-correa-on-a-annonce-lobjectif-ligue-2-des-le-depart-sans-se-cacher\/\" target=\"_blank\" rel=\"noopener\">Nancy \u2013 Pablo Correa : \u00ab On a annonc\u00e9 l\u2019objectif Ligue 2 d\u00e8s le d\u00e9part, sans se cacher \u00bb<\/a><\/p>\n<p style=\"text-align: justify;\">S\u2019il est parfois d\u00e9cri\u00e9 par les supporters, le pr\u00e9sident et actionnaire du club nanc\u00e9ien <strong>Krishen Sud<\/strong> compte bien rester au club. Malgr\u00e9 la crise \u00e9conomique connue par les clubs de football professionnels en France, l\u2019homme d\u2019affaires a communiqu\u00e9 ses ambitions et celles de son partenaire <strong>Chien Lee<\/strong>, ne cachant pas son souhait de voir l\u2019ASNL se m\u00ealer \u00e0 une \u00e9ventuelle course \u00e0 la mont\u00e9e en Ligue 1 en 2025-2026, qui n\u00e9cessiterait plus d\u2019investissements qu\u2019actuellement. Pour l\u2019heure, obtenir le maintien sans d\u00e9penser \u00e0 outrance serait d\u00e9j\u00e0 une bonne chose, indique-t-il \u00e0 ses supporters.<\/p>\n<blockquote class=\"twitter-tweet\">\n<p dir=\"ltr\" lang=\"fr\">Krishen Sud &amp; Chien Lee s\u2019adressent \u00e0 vous apr\u00e8s la mont\u00e9e en Ligue 2 \ud83d\udd34\u26aa<\/p>\n<p>\u27a1\ufe0fLe communiqu\u00e9 est \u00e0 lire ici : <a href=\"https:\/\/t.co\/vlJtmt1EGR\">https:\/\/t.co\/vlJtmt1EGR<\/a><a href=\"https:\/\/twitter.com\/hashtag\/ASNL?src=hash&amp;ref_src=twsrc%5Etfw\" target=\"_blank\" rel=\"noopener\">#ASNL<\/a> I <a href=\"https:\/\/twitter.com\/hashtag\/AMBITION?src=hash&amp;ref_src=twsrc%5Etfw\" target=\"_blank\" rel=\"noopener\">#AMBITION<\/a> I <a href=\"https:\/\/twitter.com\/hashtag\/ENGAGEMENT?src=hash&amp;ref_src=twsrc%5Etfw\" target=\"_blank\" rel=\"noopener\">#ENGAGEMENT<\/a> <a href=\"https:\/\/t.co\/2WYaZThjMr\">pic.twitter.com\/2WYaZThjMr<\/a><\/p>\n<p>\u2014 AS Nancy-Lorraine (@asnlofficiel) <a href=\"https:\/\/twitter.com\/asnlofficiel\/status\/1920015887379075191?ref_src=twsrc%5Etfw\" target=\"_blank\" rel=\"noopener\">May 7, 2025<\/a><\/p>\n<\/blockquote>\n<p><strong>Le communiqu\u00e9 officiel de Chien Lee et Krishen Sud, actionnaires de l\u2019ASNL :<\/strong><\/p>\n<p style=\"text-align: justify;\">\u00ab \u00c0 tous les supporters de l\u2019AS Nancy Lorraine,<\/p>\n<p style=\"text-align: justify;\">Apr\u00e8s trois saisons difficiles en National 1, le club a enfin obtenu sa mont\u00e9e en Ligue 2. Ce succ\u00e8s est le fruit du travail de l\u2019ensemble des salari\u00e9s et collaborateurs du club, aussi bien sur le plan sportif que sur le plan administratif. Nous tenons \u00e9galement \u00e0 remercier les joueurs, dont l\u2019implication a \u00e9t\u00e9 essentielle dans cette mont\u00e9e.<\/p>\n<p style=\"text-align: justify;\">Comme nous l\u2019avons d\u00e9j\u00e0 exprim\u00e9 \u00e0 plusieurs reprises, l\u2019AS Nancy Lorraine est un club trop important pour \u00e9voluer en National 1. Notre ambition reste de le voir retrouver sa place en Ligue 1, l\u00e0 o\u00f9 le club m\u00e9rite d\u2019\u00eatre. La mont\u00e9e sera c\u00e9l\u00e9br\u00e9e le 16 mai au stade Marcel-Picot. Nous esp\u00e9rons vous y retrouver nombreux pour partager ce moment avec nous, plus d\u2019informations vous seront communiqu\u00e9es prochainement.<\/p>\n<p style=\"text-align: justify;\">C\u00f4t\u00e9 sportif, la pr\u00e9paration de la saison 2025-2026 a d\u00e9but\u00e9 depuis le mois de mars. Le budget est finalis\u00e9 et les postes \u00e0 renforcer ont \u00e9t\u00e9 identifi\u00e9s. Nous tenons \u00e0 pr\u00e9server une forme de continuit\u00e9 et comptons maintenir le c\u0153ur de cette \u00e9quipe, ainsi que Pablo et son staff. Restez attentifs : plusieurs annonces de joueurs seront faites dans les prochaines semaines. Nous travaillons \u00e9galement \u00e0 renforcer l\u2019\u00e9quipe r\u00e9serve, avec l\u2019objectif clair de former des joueurs capables d\u2019int\u00e9grer le groupe professionnel.<\/p>\n<p style=\"text-align: justify;\">C\u00f4t\u00e9 administratif, la situation en National 1 a \u00e9t\u00e9 particuli\u00e8rement difficile pour un club dot\u00e9 d\u2019infrastructures comme les n\u00f4tres. Nous avons d\u00fb faire des efforts importants pour r\u00e9duire les co\u00fbts, ce qui a malheureusement n\u00e9cessit\u00e9 deux r\u00e9organisations internes. Comme vous le savez, le football fran\u00e7ais traverse une p\u00e9riode compliqu\u00e9e, marqu\u00e9e notamment par les incertitudes autour des droits TV et les difficult\u00e9s rencontr\u00e9es par de nombreux clubs vis-\u00e0-vis de la DNCG.<\/p>\n<p style=\"text-align: justify;\">Dans ce contexte, il est essentiel de faire preuve de rigueur financi\u00e8re pour garantir la p\u00e9rennit\u00e9 du club. Nous y sommes pleinement engag\u00e9s. L\u2019ASNL figurera parmi les clubs les plus solides financi\u00e8rement en Ligue 2, ce qui nous permettra d\u2019attirer des joueurs talentueux.<\/p>\n<p><strong>Voici nos principaux objectifs pour la saison 2025-2026 :<\/strong><\/p>\n<ul style=\"text-align: justify;\">\n<li>Constituer une \u00e9quipe comp\u00e9titive, capable d\u2019assurer le maintien en Ligue 2. Si l\u2019opportunit\u00e9 d\u2019une mont\u00e9e en Ligue 1 se pr\u00e9sente, nous investirons pour la saisir.<\/li>\n<li>G\u00e9rer les op\u00e9rations du club en limitant les pertes d\u2019exploitation et en maintenant une discipline financi\u00e8re.<\/li>\n<li>Offrir une meilleure exp\u00e9rience les jours de match.<\/li>\n<\/ul>\n<p style=\"text-align: justify;\">Nous souhaitons remercier toutes celles et ceux qui nous ont soutenus. Nicolas Holveck, revenu dans son club de c\u0153ur. Les maires Klein et Feron, nos partenaires, et bien s\u00fbr vous, nos supporters. Comme nous aimons le rappeler, ce club appartient \u00e0 Nancy et \u00e0 ses supporters, nous n\u2019en sommes que les gardiens.<\/p>\n<p class=\"s7\" style=\"text-align: justify;\">Allez\u00a0Nancy\u00a0!<\/p>\n<p class=\"s7\" style=\"text-align: justify;\">Krishen Sud et Chien Lee. \u00bb<\/p>\n<p>\t\t<script async src=\"https:\/\/platform.twitter.com\/widgets.js\" charset=\"utf-8\"><\/script><\/p>\n","protected":false},"excerpt":{"rendered":".C\u2019est une petite anomalie qui perdurait depuis trois ans, mais tout est rentr\u00e9 dans l\u2019ordre en ce mois&hellip;\n","protected":false},"author":2,"featured_media":81404,"comment_status":"","ping_status":"","sticky":false,"template":"","format":"standard","meta":{"footnotes":""},"categories":[9635],"tags":[1111,11,18886,1777,674,1011,27,775,16030,1702,12,25],"class_list":{"0":"post-81403","1":"post","2":"type-post","3":"status-publish","4":"format-standard","5":"has-post-thumbnail","7":"category-nancy","8":"tag-actu","9":"tag-actualites","10":"tag-chien-lee","11":"tag-eu","12":"tag-europe","13":"tag-fr","14":"tag-france","15":"tag-grand-est","16":"tag-krishen-sud","17":"tag-nancy","18":"tag-news","19":"tag-republique-francaise"},"share_on_mastodon":{"url":"https:\/\/pubeurope.com\/@fr\/114465610434115230","error":""},"_links":{"self":[{"href":"https:\/\/www.europesays.com\/fr\/wp-json\/wp\/v2\/posts\/81403","targetHints":{"allow":["GET"]}}],"collection":[{"href":"https:\/\/www.europesays.com\/fr\/wp-json\/wp\/v2\/posts"}],"about":[{"href":"https:\/\/www.europesays.com\/fr\/wp-json\/wp\/v2\/types\/post"}],"author":[{"embeddable":true,"href":"https:\/\/www.europesays.com\/fr\/wp-json\/wp\/v2\/users\/2"}],"replies":[{"embeddable":true,"href":"https:\/\/www.europesays.com\/fr\/wp-json\/wp\/v2\/comments?post=81403"}],"version-history":[{"count":0,"href":"https:\/\/www.europesays.com\/fr\/wp-json\/wp\/v2\/posts\/81403\/revisions"}],"wp:featuredmedia":[{"embeddable":true,"href":"https:\/\/www.europesays.com\/fr\/wp-json\/wp\/v2\/media\/81404"}],"wp:attachment":[{"href":"https:\/\/www.europesays.com\/fr\/wp-json\/wp\/v2\/media?parent=81403"}],"wp:term":[{"taxonomy":"category","embeddable":true,"href":"https:\/\/www.europesays.com\/fr\/wp-json\/wp\/v2\/categories?post=81403"},{"taxonomy":"post_tag","embeddable":true,"href":"https:\/\/www.europesays.com\/fr\/wp-json\/wp\/v2\/tags?post=81403"}],"curies":[{"name":"wp","href":"https:\/\/api.w.org\/{rel}","templated":true}]}}