{"id":81416,"date":"2025-05-07T08:36:10","date_gmt":"2025-05-07T08:36:10","guid":{"rendered":"https:\/\/www.europesays.com\/fr\/81416\/"},"modified":"2025-05-07T08:36:10","modified_gmt":"2025-05-07T08:36:10","slug":"grenoble-une-nouvelle-protestation-contre-le-projet-doleoduc-en-afrique","status":"publish","type":"post","link":"https:\/\/www.europesays.com\/fr\/81416\/","title":{"rendered":"Grenoble. Une nouvelle protestation contre le projet d\u2019ol\u00e9oduc en Afrique"},"content":{"rendered":"<p>Ce n\u2019est pas la premi\u00e8re fois que des mouvements sont organis\u00e9s \u00e0 Grenoble contre EACOP. EACOP, c\u2019est <a href=\"https:\/\/www.ledauphine.com\/economie\/2023\/07\/10\/le-megaprojet-de-totalenergies-en-ouganda-un-desastre-pour-la-population-selon-hrw\" target=\"_blank\" rel=\"noopener\">le projet d\u2019ol\u00e9oduc chauff\u00e9 de 1443 km en Ouganda et Tanzanie,<\/a> qui, au-del\u00e0 d\u2019impacts environnementaux majeurs, \u00ab\u00a0implique l\u2019expropriation totale ou partielle de 118\u00a0000 personnes\u00a0\u00bb expliquaient ce mercredi les manifestants.<\/p>\n<p>Cette manifestation \u00ab\u00a0intervient le jour m\u00eame de l\u2019assembl\u00e9e g\u00e9n\u00e9rale des actionnaires de Schneider Electric \u00e0 Issy-les-Moulineaux, rappelle l\u2019un des membres du mouvement. Et nous avons choisi Minatec pour les liens de Schneider avec le CEA\u00a0\u00bb. Et de poursuivre\u00a0: \u00ab\u00a0Schneider Electric est une entreprise qui se revendique leader mondial d\u2019une transition \u201cverte et inclusive\u201d. Or, elle prend pleinement part au projet EACOP qui est un scandale d\u2019un point de vue social et \u00e9cologique\u00a0\u00bb.<\/p>\n<p>Schneider Electric <a href=\"https:\/\/www.ledauphine.com\/economie\/2023\/10\/23\/isere-grenoble-accusee-d-ecocide-et-d-hypocrite-schneider-electric-s-en-defend\" target=\"_blank\" rel=\"noopener\">se d\u00e9fendait il y a deux ans<\/a> assurant que sa priorit\u00e9 consistait \u00e0 \u00ab\u00a0d\u00e9velopper et d\u00e9ployer des solutions digitales qui acc\u00e9l\u00e8rent la transition \u00e9nerg\u00e9tique, tout en contribuant \u00e0 faire acc\u00e9der \u00e0 l\u2019\u00e9nergie chacun sur la plan\u00e8te [\u2026] Aux clients du secteur de l\u2019\u00e9nergie qui sont engag\u00e9s dans cette transition, nous fournissons les technologies visant \u00e0 accro\u00eetre la s\u00e9curit\u00e9 des personnes, \u00e0 s\u00e9curiser les process, \u00e0 minimiser les risques environnementaux et les \u00e9missions de gaz \u00e0 effet de serre. C\u2019est \u00e0 ce titre que Schneider Electric fournit au projet EA Cop des \u00e9quipements pour la supervision et la s\u00e9curit\u00e9 de l\u2019installation ainsi que son infrastructure \u00e9lectrique.\u00bb<\/p>\n<p class=\"note\">Lutte &amp; Contemplation est un collectif souhaitant porter une voix chr\u00e9tienne dans les luttes \u00e9cologiques et sociales<\/p>\n","protected":false},"excerpt":{"rendered":"Ce n\u2019est pas la premi\u00e8re fois que des mouvements sont organis\u00e9s \u00e0 Grenoble contre EACOP. EACOP, c\u2019est le&hellip;\n","protected":false},"author":2,"featured_media":81417,"comment_status":"","ping_status":"","sticky":false,"template":"","format":"standard","meta":{"footnotes":""},"categories":[9566],"tags":[1111,11,2430,9671,112,436,1777,674,1011,27,2731,2732,12,1800,5140,25],"class_list":{"0":"post-81416","1":"post","2":"type-post","3":"status-publish","4":"format-standard","5":"has-post-thumbnail","7":"category-grenoble","8":"tag-actu","9":"tag-actualites","10":"tag-auvergne-rhone-alpes","11":"tag-conflit-social","12":"tag-edition-grenoble-agglomeration","13":"tag-environnement","14":"tag-eu","15":"tag-europe","16":"tag-fr","17":"tag-france","18":"tag-grenoble","19":"tag-grenoble-bassin","20":"tag-news","21":"tag-pollution","22":"tag-rechauffement-climatique","23":"tag-republique-francaise"},"share_on_mastodon":{"url":"https:\/\/pubeurope.com\/@fr\/114465641840417309","error":""},"_links":{"self":[{"href":"https:\/\/www.europesays.com\/fr\/wp-json\/wp\/v2\/posts\/81416","targetHints":{"allow":["GET"]}}],"collection":[{"href":"https:\/\/www.europesays.com\/fr\/wp-json\/wp\/v2\/posts"}],"about":[{"href":"https:\/\/www.europesays.com\/fr\/wp-json\/wp\/v2\/types\/post"}],"author":[{"embeddable":true,"href":"https:\/\/www.europesays.com\/fr\/wp-json\/wp\/v2\/users\/2"}],"replies":[{"embeddable":true,"href":"https:\/\/www.europesays.com\/fr\/wp-json\/wp\/v2\/comments?post=81416"}],"version-history":[{"count":0,"href":"https:\/\/www.europesays.com\/fr\/wp-json\/wp\/v2\/posts\/81416\/revisions"}],"wp:featuredmedia":[{"embeddable":true,"href":"https:\/\/www.europesays.com\/fr\/wp-json\/wp\/v2\/media\/81417"}],"wp:attachment":[{"href":"https:\/\/www.europesays.com\/fr\/wp-json\/wp\/v2\/media?parent=81416"}],"wp:term":[{"taxonomy":"category","embeddable":true,"href":"https:\/\/www.europesays.com\/fr\/wp-json\/wp\/v2\/categories?post=81416"},{"taxonomy":"post_tag","embeddable":true,"href":"https:\/\/www.europesays.com\/fr\/wp-json\/wp\/v2\/tags?post=81416"}],"curies":[{"name":"wp","href":"https:\/\/api.w.org\/{rel}","templated":true}]}}