{"id":81422,"date":"2025-05-07T08:39:12","date_gmt":"2025-05-07T08:39:12","guid":{"rendered":"https:\/\/www.europesays.com\/fr\/81422\/"},"modified":"2025-05-07T08:39:12","modified_gmt":"2025-05-07T08:39:12","slug":"souffelweyersheim-un-programme-exceptionnel-pour-celebrer-les-80-ans-de-la-liberation","status":"publish","type":"post","link":"https:\/\/www.europesays.com\/fr\/81422\/","title":{"rendered":"Souffelweyersheim. Un programme exceptionnel pour c\u00e9l\u00e9brer les 80 ans de la Lib\u00e9ration"},"content":{"rendered":"<p>Pour le 80e anniversaire de la Lib\u00e9ration, la municipalit\u00e9 de Souffelweyersheim fait les choses en grand en organisant des moments immersifs exceptionnels. Rendez-vous est donn\u00e9 aux habitants \u00e0 17\u00a0h\u00a030 autour du monument aux morts devant l\u2019\u00e9glise. Les musiciens de l\u2019OHSouffel, et tous les \u00e9l\u00e8ves de l\u2019\u00e9cole de musique de Souffelweyersheim (\u00c9mus), sous la direction de Martine Simon, interpr\u00e9teront notamment l\u2019Ode \u00e0 la joie et la Marseillaise. Les enfants des \u00e9coles liront des textes.<\/p>\n<p>Ensuite, le cort\u00e8ge se dirigera vers l\u2019espace des Sept arpents o\u00f9 un concert immersif de l\u2019OHSouffel, avec projection d\u2019images d\u2019\u00e9poque sur \u00e9cran g\u00e9ant, se tiendra dans l\u2019espace sportif.<\/p>\n<p>Des vid\u00e9os in\u00e9dites ont \u00e9t\u00e9 r\u00e9cup\u00e9r\u00e9es par <a href=\"https:\/\/www.dna.fr\/edition-haguenau-wissembourg\/2020\/03\/19\/quand-l-alsace-a-t-elle-ete-vraiment-liberee-le-9-fevrier-ou-le-19-mars-1945\" target=\"_blank\" rel=\"nofollow noopener\">l\u2019historienne Lise Pommois<\/a> directement \u00e0 Washington. Une Jeep Willis originale de la Seconde Guerre mondiale pr\u00eat\u00e9e par le MMparc de La Wantzenau d\u00e9corera la salle.<\/p>\n<p>  Le concert retransmis sur \u00e9cran g\u00e9ant en direct<\/p>\n<p>Le concert s\u2019articulera autour de pi\u00e8ces qui plongeront les spectateurs au c\u0153ur de la Seconde Guerre mondiale, dans un cheminement historique, de l\u2019Occupation <a href=\"https:\/\/www.dna.fr\/edition-strasbourg\/edition-strasbourg\/liberation-de-strasbourg\" target=\"_blank\" rel=\"nofollow noopener\">\u00e0 la Lib\u00e9ration<\/a> : le Chant des partisans avec les cuivres de l\u2019\u00c9mus, Hommage aux r\u00e9sistants, Liste de Schindler, Moonlight S\u00e9r\u00e9nade, Marche Lorraine.<\/p>\n<p>Ce contenu est bloqu\u00e9 car vous n&rsquo;avez pas accept\u00e9 les cookies et autres traceurs.<\/p>\n<p>En cliquant sur \u00ab J\u2019accepte \u00bb, les cookies et autres traceurs seront d\u00e9pos\u00e9s et vous pourrez visualiser les contenus  (<a href=\"\" class=\"consentModule_policy\" target=\"_blank\" title=\"Consulter la politique de protection des donn\u00e9es du fournisseur\">plus d&rsquo;informations<\/a>).<\/p>\n<p>En cliquant sur \u00ab J\u2019accepte tous les cookies \u00bb, vous autorisez des d\u00e9p\u00f4ts de cookies et autres traceurs pour le stockage de vos donn\u00e9es sur nos sites et applications \u00e0 des fins de personnalisation et de ciblage publicitaire.<\/p>\n<p class=\"consentModule_secondaryText\">Vous gardez la possibilit\u00e9 de retirer votre consentement \u00e0 tout moment en consultant notre <a href=\"https:\/\/www.dna.fr\/protection-des-donnees\" target=\"_blank\" title=\"Consulter notre politique de protection des donn\u00e9es\" rel=\"nofollow noopener\">politique de protection des donn\u00e9es<\/a>. <br \/>&#13;<br \/>\n            <a href=\"https:\/\/www.dna.fr\/societe\/2025\/05\/07\/javascript:Didomi.notice.show()\" class=\"consentModule_cmp\" rel=\"nofollow noopener\" target=\"_blank\">G\u00e9rer mes choix<\/a>&#13;\n        <\/p>\n<p>&#13;<br \/>\n                        J&rsquo;accepte&#13;<br \/>\n            J&rsquo;accepte tous les cookies&#13;\n        <\/p>\n<p>Deux auteurs sp\u00e9cialistes de la Seconde Guerre mondiale seront pr\u00e9sents pour pr\u00e9senter et d\u00e9dicacer leurs livres\u00a0: Marc Schaefer, auteur de Le Violon de la Baltique \u2013 r\u00e9cit d\u2019un <a href=\"https:\/\/www.dna.fr\/societe\/2022\/08\/25\/l-incorporation-de-force-5-questions-en-5-minutes\" target=\"_blank\" rel=\"nofollow noopener\">Malgr\u00e9-nous<\/a>, et Lise Pommois, autrice de Temp\u00eate sur les Vosges du Nord (chronique de l\u2019hiver 44-45) et de tr\u00e8s nombreux autres ouvrages. Lise Pommois est connue aux \u00c9tats-Unis comme l\u2019historienne de la 7e arm\u00e9e. Elle a exploit\u00e9 les archives militaires de Washington et a assist\u00e9 \u00e0 de nombreuses r\u00e9unions de v\u00e9t\u00e9rans am\u00e9ricains.<\/p>\n<p>Cette soir\u00e9e exceptionnelle est coordonn\u00e9e par Maylis Fr\u00e9billot, responsable de la communication \u00e0 la mairie et Pierre Simon, conseiller municipal.<\/p>\n<p class=\"note\">Comm\u00e9moration des 80 ans de la Lib\u00e9ration et de la Victoire du 8\u00a0mai 1945 au Monument aux morts \u00e0 jeudi 8\u00a0mai \u00e0 17\u00a0h\u00a030, place du G\u00e9n\u00e9ral-de-Gaulle \u00e0 Souffelweyersheim. Cort\u00e8ge \u00e0 18\u00a0h vers l\u2019espace des Sept arpents. Concert immersif de l\u2019OHSouffel avec des \u00e9l\u00e8ves de l\u2019\u00c9mus \u00e0 18\u00a0h\u00a030 dans l\u2019espace sportif des sept arpents. Places assises. Entr\u00e9e libre<\/p>\n","protected":false},"excerpt":{"rendered":"Pour le 80e anniversaire de la Lib\u00e9ration, la municipalit\u00e9 de Souffelweyersheim fait les choses en grand en organisant&hellip;\n","protected":false},"author":2,"featured_media":81423,"comment_status":"","ping_status":"","sticky":false,"template":"","format":"standard","meta":{"footnotes":""},"categories":[2820],"tags":[1111,11,2880,1777,674,107,1011,27,775,937,12,25,104,16322,640,3265],"class_list":{"0":"post-81422","1":"post","2":"type-post","3":"status-publish","4":"format-standard","5":"has-post-thumbnail","7":"category-strasbourg","8":"tag-actu","9":"tag-actualites","10":"tag-edition-strasbourg","11":"tag-eu","12":"tag-europe","13":"tag-fil-info","14":"tag-fr","15":"tag-france","16":"tag-grand-est","17":"tag-histoire","18":"tag-news","19":"tag-republique-francaise","20":"tag-societe","21":"tag-souffelweyersheim","22":"tag-strasbourg","23":"tag-strasbourg-nord"},"share_on_mastodon":{"url":"https:\/\/pubeurope.com\/@fr\/114465653574028040","error":""},"_links":{"self":[{"href":"https:\/\/www.europesays.com\/fr\/wp-json\/wp\/v2\/posts\/81422","targetHints":{"allow":["GET"]}}],"collection":[{"href":"https:\/\/www.europesays.com\/fr\/wp-json\/wp\/v2\/posts"}],"about":[{"href":"https:\/\/www.europesays.com\/fr\/wp-json\/wp\/v2\/types\/post"}],"author":[{"embeddable":true,"href":"https:\/\/www.europesays.com\/fr\/wp-json\/wp\/v2\/users\/2"}],"replies":[{"embeddable":true,"href":"https:\/\/www.europesays.com\/fr\/wp-json\/wp\/v2\/comments?post=81422"}],"version-history":[{"count":0,"href":"https:\/\/www.europesays.com\/fr\/wp-json\/wp\/v2\/posts\/81422\/revisions"}],"wp:featuredmedia":[{"embeddable":true,"href":"https:\/\/www.europesays.com\/fr\/wp-json\/wp\/v2\/media\/81423"}],"wp:attachment":[{"href":"https:\/\/www.europesays.com\/fr\/wp-json\/wp\/v2\/media?parent=81422"}],"wp:term":[{"taxonomy":"category","embeddable":true,"href":"https:\/\/www.europesays.com\/fr\/wp-json\/wp\/v2\/categories?post=81422"},{"taxonomy":"post_tag","embeddable":true,"href":"https:\/\/www.europesays.com\/fr\/wp-json\/wp\/v2\/tags?post=81422"}],"curies":[{"name":"wp","href":"https:\/\/api.w.org\/{rel}","templated":true}]}}