{"id":81428,"date":"2025-05-07T08:42:08","date_gmt":"2025-05-07T08:42:08","guid":{"rendered":"https:\/\/www.europesays.com\/fr\/81428\/"},"modified":"2025-05-07T08:42:08","modified_gmt":"2025-05-07T08:42:08","slug":"les-orages-vont-encore-sabattre-sur-les-alpes-maritimes-et-nice-les-previsions","status":"publish","type":"post","link":"https:\/\/www.europesays.com\/fr\/81428\/","title":{"rendered":"Les orages vont encore s&rsquo;abattre sur les Alpes-Maritimes et Nice, les pr\u00e9visions"},"content":{"rendered":"<p>            Par<br \/>\n        <strong><br \/>\n            <a href=\"https:\/\/actu.fr\/auteur\/ugo-maillard\" title=\"Consulter tous les articles de Ugo Maillard\" target=\"_blank\" rel=\"noopener\">Ugo Maillard<\/a><br \/>\n        <\/strong><\/p>\n<p>        Publi\u00e9 le<\/p>\n<p>            7 mai 2025 \u00e0 9h43        <\/p>\n<p>Les journ\u00e9es se suivent et se ressemblent dans le ciel de la C\u00f4te d\u2019Azur. Depuis le <a href=\"https:\/\/actu.fr\/provence-alpes-cote-d-azur\/nice_06088\/nice-frappee-par-les-orages-les-alpes-maritimes-places-en-alerte-par-meteo-france_62594204.html\" target=\"_blank\" rel=\"noopener\">lundi\u00a05<\/a>, le d\u00e9partement des <a href=\"https:\/\/actu.fr\/provence-alpes-cote-d-azur\/alpes-maritimes_06\" target=\"_blank\" rel=\"noopener\">Alpes-Maritimes<\/a> est, quotidiennement, plac\u00e9 en<strong> vigilance jaune aux orages<\/strong>, par M\u00e9t\u00e9o France.<\/p>\n<p class=\" wall-content\">La journ\u00e9e de ce mercredi 7\u00a0mai 2025 ne fait pas exception puisque la foudre est de nouveau sur le littoral et l\u2019arri\u00e8re-pays ni\u00e7ois.<\/p>\n<p class=\" wall-content\">Voici les pr\u00e9visions pour les prochaines heures.<\/p>\n<p>Des orages d\u00e8s la matin\u00e9e<\/p>\n<p class=\" wall-content\">Selon les donn\u00e9es du service officiel de la m\u00e9t\u00e9orologie et de la climatologie en France, les premiers orages seront attendus d\u00e8s la matin\u00e9e de ce mercredi.<\/p>\n<p class=\" wall-content\">Sur toutes les communes du d\u00e9partement allant de <a href=\"https:\/\/actu.fr\/nice\/\" target=\"_blank\" rel=\"noopener\">Nice<\/a> \u00e0 Tende en passant par Villars-sur-Var, la foudre est annonc\u00e9e. Seule diff\u00e9rence, le littoral devrait \u00eatre \u00e9pargn\u00e9 par les averses tandis que les habitants du nord des Alpes-Maritimes constateront <strong>quelques gouttes de pluie<\/strong>.<\/p>\n<p>Vid\u00e9os : en ce moment sur Actu<\/p>\n<p class=\" wall-content\">Cette apr\u00e8s-midi, les orages gagneront en intensit\u00e9 et les averses se d\u00e9placeront jusqu\u2019aux villes c\u00f4ti\u00e8res.<\/p>\n<p>Une accalmie pour les prochains jours\u2009?<\/p>\n<p class=\" wall-content\">Malgr\u00e9 une incertitude de saison, M\u00e9t\u00e9o France indique que le jeudi\u00a08 et le vendredi\u00a09 devraient \u00eatre des journ\u00e9es ensoleill\u00e9es sur les Alpes-Maritimes avec seulement quelques nuages.<\/p>\n<p class=\" wall-content\">Malheureusement, la pluie et les orages pourraient faire le retour d\u00e8s la journ\u00e9e de samedi.<\/p>\n<p class=\" wall-content\">Suivez toute l\u2019actualit\u00e9 de vos villes et m\u00e9dias favoris en vous inscrivant \u00e0 <a href=\"https:\/\/moncompte.actu.fr\" title=\"D\u00e9couvez Mon Actu\" rel=\"nofollow noopener\" data-trk=\"{&quot;cta&quot;:{&quot;action&quot;:&quot;https:\\\/\\\/moncompte.actu.fr&quot;,&quot;category&quot;:&quot;mon compte&quot;,&quot;from&quot;:&quot;article footer&quot;,&quot;name&quot;:&quot;Mon actu&quot;,&quot;type&quot;:&quot;cta&quot;}}\" target=\"_blank\">Mon Actu<\/a>.<\/p>\n","protected":false},"excerpt":{"rendered":"Par Ugo Maillard Publi\u00e9 le 7 mai 2025 \u00e0 9h43 Les journ\u00e9es se suivent et se ressemblent dans&hellip;\n","protected":false},"author":2,"featured_media":81429,"comment_status":"","ping_status":"","sticky":false,"template":"","format":"standard","meta":{"footnotes":""},"categories":[2819],"tags":[1111,11,1777,674,1011,27,2487,2357,12,2401,4594,882,25],"class_list":{"0":"post-81428","1":"post","2":"type-post","3":"status-publish","4":"format-standard","5":"has-post-thumbnail","7":"category-nice","8":"tag-actu","9":"tag-actualites","10":"tag-eu","11":"tag-europe","12":"tag-fr","13":"tag-france","14":"tag-meteo","15":"tag-meteo-france","16":"tag-news","17":"tag-nice","18":"tag-orages","19":"tag-provence-alpes-cote-dazur","20":"tag-republique-francaise"},"share_on_mastodon":{"url":"https:\/\/pubeurope.com\/@fr\/114465665694436553","error":""},"_links":{"self":[{"href":"https:\/\/www.europesays.com\/fr\/wp-json\/wp\/v2\/posts\/81428","targetHints":{"allow":["GET"]}}],"collection":[{"href":"https:\/\/www.europesays.com\/fr\/wp-json\/wp\/v2\/posts"}],"about":[{"href":"https:\/\/www.europesays.com\/fr\/wp-json\/wp\/v2\/types\/post"}],"author":[{"embeddable":true,"href":"https:\/\/www.europesays.com\/fr\/wp-json\/wp\/v2\/users\/2"}],"replies":[{"embeddable":true,"href":"https:\/\/www.europesays.com\/fr\/wp-json\/wp\/v2\/comments?post=81428"}],"version-history":[{"count":0,"href":"https:\/\/www.europesays.com\/fr\/wp-json\/wp\/v2\/posts\/81428\/revisions"}],"wp:featuredmedia":[{"embeddable":true,"href":"https:\/\/www.europesays.com\/fr\/wp-json\/wp\/v2\/media\/81429"}],"wp:attachment":[{"href":"https:\/\/www.europesays.com\/fr\/wp-json\/wp\/v2\/media?parent=81428"}],"wp:term":[{"taxonomy":"category","embeddable":true,"href":"https:\/\/www.europesays.com\/fr\/wp-json\/wp\/v2\/categories?post=81428"},{"taxonomy":"post_tag","embeddable":true,"href":"https:\/\/www.europesays.com\/fr\/wp-json\/wp\/v2\/tags?post=81428"}],"curies":[{"name":"wp","href":"https:\/\/api.w.org\/{rel}","templated":true}]}}