{"id":81444,"date":"2025-05-07T08:50:09","date_gmt":"2025-05-07T08:50:09","guid":{"rendered":"https:\/\/www.europesays.com\/fr\/81444\/"},"modified":"2025-05-07T08:50:09","modified_gmt":"2025-05-07T08:50:09","slug":"un-reseau-de-villes-partenaires-en-europe-et-dans-le-monde-les-relations-internationales-votre-mairie","status":"publish","type":"post","link":"https:\/\/www.europesays.com\/fr\/81444\/","title":{"rendered":"Un r\u00e9seau de villes partenaires en Europe et dans le monde \/ Les relations internationales \/ Votre Mairie"},"content":{"rendered":"<p>La fin de la Seconde Guerre mondiale a engendr\u00e9 un important processus de rapprochement et de r\u00e9conciliation entre les pays europ\u00e9ens et les villes qui ont mis en place des \u00ab\u00a0serments de jumelage\u00a0\u00bb, \u00e0 haute port\u00e9e symbolique. Il s&rsquo;agissait dans un premier temps d&rsquo;ouvrir les voies du dialogue et des rencontres interculturelles, d\u00e9marches qui ont contribu\u00e9 au d\u00e9veloppement d&rsquo;une coop\u00e9ration europ\u00e9enne d\u00e9centralis\u00e9e.<\/p>\n<p>\nEn 1958, Cologne (Allemagne), Esch-Sur-Alzette (Luxembourg), Li\u00e8ge (Belgique), Rotterdam (Pays-Bas), Turin (Italie) et Lille d\u00e9cid\u00e8rent de se jumeler, dans l&rsquo;esprit pr\u00e9curseur de la construction europ\u00e9enne.<br \/>Depuis 1958, la Ville de Lille a multipli\u00e9 et diversifi\u00e9 ses zones de coop\u00e9ration et le r\u00e9seau s&rsquo;est enrichi de relations partenariales avec Leeds (Royaume-uni) en 1968, Saint-Louis (S\u00e9n\u00e9gal) en 1978, Kharkiv (Ukraine) en 1978 (renouvel\u00e9 en 1998 apr\u00e8s l\u2019ind\u00e9pendance de l\u2019Ukraine), Valladolid (Espagne) en 1987, Erfurt (Allemagne) en 1988 (renouvel\u00e9 apr\u00e8s la chute du mur de Berlin), Naplouse (Palestine) en 1998, Oujda (Maroc) en 2005, Tlemcen (Alg\u00e9rie) en 2013, Wroc\u0142aw (Pologne) en 2013, et Daegu (Cor\u00e9e du Sud) en 2019. En 2008, la ville s&rsquo;int\u00e8gre pleinement au sein du nouveau territoire de l&rsquo;Eurom\u00e9tropole : Lille-Kortrijk-Tournai, premier de son genre en Europe.<\/p>\n<p><strong>Des actions dans le monde<\/strong><\/p>\n<p>\nGr\u00e2ce \u00e0 ses partenariats solidaires et \u00e0 une action en r\u00e9seaux, Lille participe \u00e0 l\u2019innovation territoriale, et d\u00e9veloppe des projets de terrain impliquant acteurs et citoyens Lillois et de ses villes partenaires.<br \/>Ces coop\u00e9rations permettent \u00e0 Lille et \u00e0 ses partenaires de :<\/p>\n<ul class=\"listPuce\">\n<li>Favoriser la mobilit\u00e9, le plurilinguisme, la rencontre des cultures europ\u00e9ennes et mondiales ;<\/li>\n<li>Promouvoir une citoyennet\u00e9 europ\u00e9enne et mondiale active dans la mise en \u0153uvre des objectifs de d\u00e9veloppement durable ;<\/li>\n<li>D\u00e9velopper l&#8217;emploi et les \u00e9changes \u00e9conomiques ;<\/li>\n<li>Renforcer la cr\u00e9ativit\u00e9 et l&rsquo;innovation ;<\/li>\n<li>R\u00e9aliser des projets de coop\u00e9ration dans le cadre de programmes europ\u00e9ens et internationaux.<\/li>\n<\/ul>\n<p><strong>Lille \u2013 Cologne <\/strong><strong>3 juillet 1958<\/strong><\/p>\n<p>            <img src-full=\"\/var\/www\/storage\/images\/mediatheque\/mairie-de-lille\/n1\/votre-mairie\/les-relations-internationales\/images\/villes-partenaires\/le-rheinpark-dom-de-cologne-c-dieter-jacobi-koelntourismus-gmbh\/3754092-1-fre-FR\/Le-Rheinpark-Dom-de-Cologne-C-Dieter-Jacobi-KoelnTourismus-GmbH.jpg\" data-caption-full=\" \u00a9 Dieter Jacobi - KoelnTourismus\" width=\"768\" height=\"512\" alt=\"Le Rheinpark Dom de Cologne \" title=\"Le Rheinpark Dom de Cologne \" class=\"align-\"\/>\n    <\/p>\n<p>Centre culturel du Land de Rh\u00e9nanie-du-Nord-Westphalie, Cologne est l\u2019une des 6 villes signataires avec Lille du \u00ab\u00a0Serment de Jumelage\u00a0\u00bb de 1958, \u00e9galement appel\u00e9 \u00ab\u00a0multipartenariat\u00a0\u00bb. Les deux villes encouragent les \u00e9changes dans les domaines de l\u2019\u00e9ducation, du sport et de la culture et travaillent ensemble pour la construction d\u2019une citoyennet\u00e9 europ\u00e9enne active. Lille et Cologne sont toutes deux signataires du Pacte des Maires s\u2019engageant \u00e0 aller au-del\u00e0 de l\u2019objectif europ\u00e9en de r\u00e9duction de 20% des \u00e9missions de CO2. Cologne a \u00e9galement sign\u00e9 l\u2019<a href=\"https:\/\/www.lille.fr\/Votre-Mairie\/Lille-en-bref\/Economie-culture-et-sport\/La-culture-durable-partagee#:~:text=Ensemble%2C%20ces%20villes%20%C5%93uvrent%20%C3%A0,moins%20carbon%C3%A9e%20et%20plus%20inclusive%20%C2%BB.\" target=\"_blank\" class=\"lien_interne\" rel=\"nofollow noopener\">Appel \u00e0 Agir de la Ville de Lille<\/a> pour une Culture moins carbon\u00e9e et plus inclusive.<\/p>\n<p>\u00a0\u00a0 <a href=\"http:\/\/www.stadt-koeln.de\/\" target=\"_self\" class=\"lien_interne\" rel=\"nofollow noopener\">&gt;&gt; Site de la Ville de Cologne<\/a><\/p>\n<p><strong>Lille\u00a0<\/strong>\u2013\u00a0<strong>Esch-sur-Alzette <\/strong><strong>3 juillet 1958<\/strong><\/p>\n<p>            <img src-full=\"\/var\/www\/storage\/images\/mediatheque\/mairie-de-lille\/n1\/votre-mairie\/les-relations-internationales\/images\/villes-partenaires\/l-hotel-de-ville-d-esch-sur-alzette-c-commune-d-esch-sur-alzette\/3754104-1-fre-FR\/L-Hotel-de-Ville-d-Esch-sur-Alzette-C-Commune-d-Esch-sur-Alzette.jpg\" data-caption-full=\"\u00a9 Commune d'Esch-sur-Alzette \" width=\"768\" height=\"514\" alt=\"L'H\u00f4tel de Ville d'Esch-sur-Alzette \" title=\"L'H\u00f4tel de Ville d'Esch-sur-Alzette \" class=\"align-\"\/>\n    <\/p>\n<p>Deuxi\u00e8me ville du Luxembourg, capitale des \u00ab\u00a0Terres Rouges\u00a0\u00bb, Esch-sur-Alzette fait \u00e9galement partie des 6 villes aux c\u00f4t\u00e9s de Lille signataires du \u00ab\u00a0Serment de Jumelage\u00a0\u00bb de 1958. Riches de leur pass\u00e9 industriel, les deux villes partagent des enjeux communs tels que la valorisation de leur patrimoine industriel et l\u2019h\u00e9ritage d\u2019une capitale europ\u00e9enne de la culture. Marqu\u00e9e par l\u2019int\u00e9gration europ\u00e9enne, la coop\u00e9ration entre les deux municipalit\u00e9s s\u2019articule autour de projets de mobilit\u00e9s pour les jeunes, les artistes et les sportifs, et les \u00e9changes d\u2019expertise entre services techniques des deux villes.<\/p>\n<p>\u00a0<a href=\"https:\/\/esch.lu\/\" target=\"_self\" class=\"lien_interne\" rel=\"nofollow noopener\">&gt;&gt; Site de la Ville de Esch-sur-Alzette<\/a><\/p>\n<p><strong>Lille \u2013 Li\u00e8ge <\/strong><strong>3 juillet 1958<\/strong><\/p>\n<p>            <img src-full=\"\/var\/www\/storage\/images\/mediatheque\/mairie-de-lille\/n1\/votre-mairie\/les-relations-internationales\/images\/villes-partenaires\/l-opera-royal-de-wallonie-c-jean-pierre-ers-urbanisme-ville-de-liege\/3754088-1-fre-FR\/L-opera-royal-de-Wallonie-C-Jean-Pierre-Ers-Urbanisme-Ville-de-Liege.jpg\" data-caption-full=\"\u00a9 Jean-Pierre Ers - Urbanisme - Ville de Li\u00e8ge \" width=\"768\" height=\"438\" alt=\"L'op\u00e9ra royal de Wallonie \" title=\"L'op\u00e9ra royal de Wallonie \" class=\"align-\"\/>\n    <\/p>\n<p>Zone de rencontre entre trois Etats, c\u2019est \u00e0 Li\u00e8ge que fut sign\u00e9 le partenariat r\u00e9unissant Lille, Li\u00e8ge, Cologne, Turin, Rotterdam et Esch-sur-Alzette \u00e0 l\u2019image des 6 pays fondateurs de la Communaut\u00e9 Economique Europ\u00e9enne. Villes \u00e0 l\u2019h\u00e9ritage industriel, l\u2019\u00e9change de savoir-faire est l\u2019un des enjeux principaux de la coop\u00e9ration entre Lille et Li\u00e8ge. Coop\u00e9rant sur des questions d\u2019urbanisme, de d\u00e9veloppement durable, de jeunesse et d\u2019\u00e9galit\u00e9 femme-homme, les deux villes sont \u00e9galement signataires de l\u2019Appel \u00e0 Agir pour une Culture moins carbon\u00e9e et plus inclusive.<\/p>\n<p><a href=\"http:\/\/www.liege.be\/\" target=\"_self\" class=\"lien_interne\" rel=\"nofollow noopener\">&gt;&gt; Site de la Ville de Li\u00e8ge<\/a><\/p>\n<p><strong>Lille \u2013 Rotterdam<\/strong><strong>3 juillet 1958<\/strong><\/p>\n<p>            <img src-full=\"\/var\/www\/storage\/images\/mediatheque\/mairie-de-lille\/n1\/votre-mairie\/les-relations-internationales\/images\/villes-partenaires\/kubus\/3754096-1-fre-FR\/Kubus.jpg\" data-caption-full=\"\u00a9 Iris Van Den Broek\" width=\"768\" height=\"512\" alt=\"Kubus \" title=\"Kubus \" class=\"align-\"\/>\n    <\/p>\n<p>Premier port d\u2019Europe, lieu phare de l\u2019art contemporain, reconnue pour son architecture et capitale n\u00e9erlandaise de l\u2019urbanisme, Rotterdam entretient des liens \u00e9troits avec Lille. C\u2019est d\u2019ailleurs Rem Koolhaas, architecte rotterdamois, qui a dessin\u00e9 le quartier Euralille. Faisant de la culture et de l\u2019inclusion des enjeux centraux de leur coop\u00e9ration, Lille et Rotterdam sont \u00e9galement toutes deux signataires de l\u2019Appel \u00e0 Agir pour une Culture mois carbon\u00e9e et plus inclusive.<\/p>\n<p>\u00a0<a href=\"http:\/\/www.rotterdam.nl\/\" target=\"_self\" class=\"lien_interne\" rel=\"nofollow noopener\">&gt;&gt; Site de la Ville de Rotterdam<\/a><\/p>\n<p><strong>Lille \u2013 Turin <\/strong><strong>3 juillet 1958<\/strong><\/p>\n<p>            <img src-full=\"\/var\/www\/storage\/images\/mediatheque\/mairie-de-lille\/n1\/votre-mairie\/les-relations-internationales\/images\/villes-partenaires\/turin-piazza-san-carlo-c-enrico-aretini\/3754112-1-fre-FR\/Turin-Piazza-San-Carlo-C-Enrico-Aretini.jpg\" data-caption-full=\"\u00a9 Enrico Aretini \" width=\"768\" height=\"423\" alt=\"Piazza San Carlo Turin\" title=\"Piazza San Carlo Turin\" class=\"align-\"\/>\n    <\/p>\n<p>Jumel\u00e9e depuis 1958, Lille et Turin sont d\u2019anciennes villes industrielles devenues creusets d\u2019innovations et de modernit\u00e9 apr\u00e8s avoir accueilli deux prestigieux \u00e9v\u00e8nements : \u00ab\u00a0Capitale europ\u00e9enne de la Culture\u00a0\u00bb (Lille 2004) et les \u00ab\u00a0Jeux Olympiques d\u2019Hiver\u00a0\u00bb (Turin 2006). Aujourd\u2019hui, elles s\u2019engagent ensemble pour un d\u00e9veloppement \u00e9conomique et social durable, solidaire et inclusif et soutiennent les \u00e9changes artistiques, p\u00e9dagogiques, et sportifs. Les deux villes sont \u00e9galement signataires de l\u2019Appel \u00e0 agir pour une Culture moins carbon\u00e9e et plus inclusive.<\/p>\n<p><a href=\"http:\/\/www.comune.torino.it\/\" target=\"_self\" class=\"lien_interne\" rel=\"nofollow noopener\">&gt;&gt; Site de la Ville de Turin<\/a><\/p>\n<p><strong>Lille \u2013 Leeds <\/strong><strong>15 octobre 1968<\/strong><\/p>\n<p>            <img src-full=\"\/var\/www\/storage\/images\/mediatheque\/mairie-de-lille\/n1\/votre-mairie\/les-relations-internationales\/images\/villes-partenaires\/leeds-canal-south-bank-c-carl-milner-photography-for-lcc\/3754108-1-fre-FR\/Leeds-Canal-South-Bank-C-Carl-Milner-Photography-for-LCC.jpg\" data-caption-full=\"\u00a9 Carl Milner Photography for LCC\" width=\"768\" height=\"512\" alt=\"Leeds Canal, South Bank \" title=\"Leeds Canal, South Bank \" class=\"align-\"\/>\n    <\/p>\n<p>\nLeeds est connue pour la grande place donn\u00e9e \u00e0 la culture et \u00e0 l\u2019\u00e9ducation. Partenaires depuis 1968, Lille et Leeds sont deux villes de tradition industrielle, ouvertes et enrichies par l&rsquo;immigration. Elles ont su apprendre l&rsquo;une de l&rsquo;autre, se r\u00e9inventer et se projeter dans l&rsquo;avenir \u00e0 partir de leur patrimoine humain, dans un m\u00eame souci de solidarit\u00e9 et de promotion du bien vivre ensemble. <br \/>Leur partenariat a \u00e9t\u00e9 renouvel\u00e9 le 1er octobre 1988 et des \u00e9changes culturels, \u00e9ducatifs et citoyens se poursuivent. Ils incluent notamment la mobilit\u00e9 de jeunes en service civique international. Leeds a accueilli en d\u00e9cembre 2024 le Forum des maires franco-britanniques, auquel ont particip\u00e9 des repr\u00e9sentants de la Ville de Lille.<\/p>\n<p><a href=\"http:\/\/www.leeds.gov.uk\/\" target=\"_self\" class=\"lien_interne\" rel=\"nofollow noopener\">&gt;&gt; Site de la Ville de Leeds<\/a><\/p>\n<p><strong>Lille \u2013 Kharkiv<\/strong>\u00a0<strong>1978,\u00a0<\/strong>renouvel\u00e9 en\u00a0<strong>1998<\/strong><\/p>\n<p>            <img src-full=\"\/var\/www\/storage\/images\/mediatheque\/mairie-de-lille\/n1\/votre-mairie\/les-relations-internationales\/images\/villes-partenaires\/ukraine_kharkiv-c-vassyl-golosnyi\/3754120-1-fre-FR\/Ukraine_Kharkiv-C-Vassyl-Golosnyi.jpg\" data-caption-full=\"\u00a9 Vassyl Golosnyi\" width=\"768\" height=\"512\" alt=\"Ukraine_Kharkiv\" title=\"Ukraine_Kharkiv\" class=\"align-\"\/>\n    <\/p>\n<p>\nLe jumelage de Lille et de Kharkiv, sign\u00e9 en 1978 alors que la ville appartenait encore \u00e0 l&rsquo;Union sovi\u00e9tique, a \u00e9t\u00e9 renouvel\u00e9 en juin 1998 apr\u00e8s l\u2019ind\u00e9pendance de l\u2019Ukraine (1991) et est venu marquer une volont\u00e9 d&rsquo;ouverture vers l&rsquo;Est de l&rsquo;Europe.<br \/>Laur\u00e9ate du \u00ab\u00a0Prix de l\u2019Europe\u00a0\u00bb\u00a0en 2010, Kharkiv est situ\u00e9e au nord-est de l&rsquo;Ukraine. Les \u00e9changes entre Kharkiv et Lille se caract\u00e9risent par des relations privil\u00e9gi\u00e9es entre plusieurs \u00e9tablissements d&rsquo;enseignement et un accompagnement des autorit\u00e9s locales dans le processus d\u2019int\u00e9gration \u00e0 l\u2019Union Europ\u00e9enne.<br \/>Depuis le d\u00e9but de l\u2019invasion russe, les \u00e9changes entre Lille et Kharkiv s\u2019orientent vers l\u2019accueil de r\u00e9fugi\u00e9s \u00e0 Lille, l\u2019organisation de s\u00e9jours de r\u00e9pit pour des jeunes de la Ville de Kharkiv, l\u2019accueil d\u2019artistes ukrainiens en r\u00e9sidence, l\u2019envoi de groupes \u00e9lectrog\u00e8nes pour alimenter des b\u00e2timents municipaux et la r\u00e9flexion autour de projets de reconstruction.<\/p>\n<p><a href=\"http:\/\/www.kharkov.ua\/index-e.phtml\" target=\"_self\" class=\"lien_interne\" rel=\"nofollow noopener\">&gt;&gt; Site de la Ville de Kharkiv<\/a><\/p>\n<p><strong>Lille \u2013 Saint-Louis <\/strong><strong>28 novembre 1978<\/strong><\/p>\n<p>            <img src-full=\"\/var\/www\/storage\/images\/mediatheque\/mairie-de-lille\/n1\/votre-mairie\/les-relations-internationales\/images\/villes-partenaires\/saint-louis-guet-ndar-embarcation-au-quartier-guetndar-c-ville-de-lille\/3754084-1-fre-FR\/Saint-Louis-Guet-Ndar-Embarcation-au-quartier-GuetNdar-C-Ville-de-Lille.jpg\" data-caption-full=\"\u00a9 Ville de Lille \" width=\"768\" height=\"512\" alt=\" Embarcation au quartier GuetNdar Saint Louis du Senegal\" title=\" Embarcation au quartier GuetNdar Saint Louis du Senegal\" class=\"align-\"\/>\n    <\/p>\n<p>\nLa ville de Saint-Louis est situ\u00e9e sur une \u00eele \u00e0 l&#8217;embouchure du fleuve S\u00e9n\u00e9gal : son plan urbain r\u00e9gulier, son syst\u00e8me de quais et son architecture coloniale caract\u00e9ristique conf\u00e8rent \u00e0 Saint-Louis sa qualit\u00e9 particuli\u00e8re et son identit\u00e9. Son patrimoine architectural et culturel est tel que Saint-Louis est class\u00e9e depuis 2000 au patrimoine mondial de l\u2019humanit\u00e9 par l\u2019UNESCO. La ville est une destination touristique importante et accueille \u00e9galement de nombreux \u00e9v\u00e8nements culturels de dimension internationale.<br \/>La coop\u00e9ration avec Saint-Louis du S\u00e9n\u00e9gal, ville jumel\u00e9e avec Lille depuis 1978, a toujours \u00e9t\u00e9 un des \u00e9l\u00e9ments forts des relations de partenariat que la Ville de Lille d\u00e9veloppe \u00e0 l\u2019international.<br \/>Depuis presque un demi-si\u00e8cle, les \u00e9changes entre les deux villes ont permis la mise en place de nombreux projets. La diversit\u00e9 des acteurs Lillois \u00a0impliqu\u00e9s (Ville de Lille, universit\u00e9s, h\u00f4pitaux, associations, conseils de quartiers, \u00e9tablissements scolaires\u2026) et la connaissance r\u00e9ciproque entre les deux villes permettent de travailler sur des th\u00e9matiques tr\u00e8s vari\u00e9es, allant de la sant\u00e9 \u00e0 la culture, en passant par le soutien au d\u00e9veloppement \u00e9conomique et la transition \u00e9nerg\u00e9tique, ainsi que la coop\u00e9ration universitaire et la mobilit\u00e9 des jeunes.<\/p>\n<p><a href=\"http:\/\/www.saintlouisdusenegal.com\/\" target=\"_self\" class=\"lien_interne\" rel=\"nofollow noopener\">&gt;&gt; Site de la Ville de Saint-Louis<\/a><\/p>\n<p><strong>Lille \u2013 Valladolid <\/strong><strong>12 mai 1987<\/strong><\/p>\n<p>            <img src-full=\"\/var\/www\/storage\/images\/mediatheque\/mairie-de-lille\/n1\/votre-mairie\/les-relations-internationales\/images\/villes-partenaires\/l-academie-de-valladolid-c-luis-laforga-ville-de-valladolid\/3754116-1-fre-FR\/L-Academie-de-Valladolid-C-Luis-Laforga-Ville-de-Valladolid.jpg\" data-caption-full=\"\u00a9 Luis Laforga Ville de Valladolid\" width=\"768\" height=\"568\" alt=\"L'Acad\u00e9mie de Valladolid\" title=\"L'Acad\u00e9mie de Valladolid\" class=\"align-\"\/>\n    <\/p>\n<p>Partenaires depuis 1987 suite \u00e0 l\u2019adh\u00e9sion \u00e0 l\u2019UE de l&rsquo;Espagne, Valladolid et Lille sont deux anciennes villes industrielles ayant r\u00e9ussi leurs reconversions \u00e9conomiques. Grandes villes \u00e9tudiantes, les activit\u00e9s partenariales se centrent sur les \u00e9changes linguistiques et culturels.<\/p>\n<p><a href=\"http:\/\/www.valladolid.es\/fr\" target=\"_self\" class=\"lien_interne\" rel=\"nofollow noopener\">&gt;&gt; Site de la Ville de Valladolid<\/a><\/p>\n<p><strong>Lille \u2013 Erfurt\u00a0<\/strong><strong>1988, renouvel\u00e9 en 1998<\/strong><\/p>\n<p>            <img src-full=\"\/var\/www\/storage\/images\/mediatheque\/mairie-de-lille\/n1\/votre-mairie\/les-relations-internationales\/images\/villes-partenaires\/la-mairie-d-erfurt-sur-le-fischmarkt-marche-aux-poissons-c-ville-d-erfurt\/3754100-1-fre-FR\/La-Mairie-d-Erfurt-sur-le-Fischmarkt-Marche-aux-poissons-C-Ville-d-Erfurt.jpg\" data-caption-full=\"\u00a9 Ville d'Erfurt \" width=\"768\" height=\"512\" alt=\"La Mairie d'Erfurt sur le \u00abFischmarkt\u00bb (March\u00e9 aux poissons\" title=\"La Mairie d'Erfurt sur le \u00abFischmarkt\u00bb (March\u00e9 aux poissons\" class=\"align-\"\/>\n    <\/p>\n<p>Lille et Erfurt deviennent partenaires en 1988 alors qu\u2019Erfurt faisait partie de la R\u00e9publique D\u00e9mocratique Allemande. Apr\u00e8s la chute du Mur de Berlin en 1989, les deux villes renouvellent leur partenariat en 1998 et ont continu\u00e9 \u00e0 travailler ensemble pendant les processus de r\u00e9unification et d\u2019int\u00e9gration europ\u00e9enne. Aujourd\u2019hui, elles continuent \u00e0 coop\u00e9rer sur des projets de promotion linguistiques et culturels et de pr\u00e9servation du patrimoine, et favorisent les \u00e9changes citoyens entre acteurs des deux territoires.<\/p>\n<p><a href=\"http:\/\/www.erfurt.de\/ef\/de\/\" target=\"_self\" class=\"lien_interne\" rel=\"nofollow noopener\">&gt;&gt; Site de la Ville de Erfurt<\/a><\/p>\n<p><strong>Lille \u2013 Naplouse<\/strong><strong>6 juin 1998<\/strong><\/p>\n<p>            <img src-full=\"\/var\/www\/storage\/images\/mediatheque\/mairie-de-lille\/n1\/votre-mairie\/les-relations-internationales\/images\/villes-partenaires\/ciel-de-naplouse-c-ville-de-lille\/3754983-1-fre-FR\/Ciel-de-Naplouse-C-Ville-de-Lille.jpg\" data-caption-full=\"\u00a9 Ville de Lille \" width=\"768\" height=\"576\" alt=\"Ciel de Naplouse\" title=\"Ciel de Naplouse\" class=\"align-\"\/>\n    <\/p>\n<p>\nFond\u00e9e par les romains au 1er si\u00e8cle de notre \u00e8re sous le nom de Flavia Neapolis, la ville de Naplouse (Nablus en arabe) a successivement connu, au fil des si\u00e8cles, des dominations arabe, crois\u00e9e, ottomane, britannique, jordanienne et isra\u00e9lienne. Depuis les accords d\u2019Oslo, la ville fait partie des villes en zone A, sous contr\u00f4le palestinien exclusif, administr\u00e9es par l\u2019Autorit\u00e9 Palestinienne. Situ\u00e9e \u00e0 environ 60 kilom\u00e8tres au nord de J\u00e9rusalem, elle est l\u2019une des plus grandes villes de Cisjordanie. Elle est aussi une capitale d\u00e9mographique avec une population sup\u00e9rieur \u00e0 200 000 habitants, faisant partie des plus jeunes de Palestine. La ville accueille d\u2019ailleurs la plus grande Universit\u00e9 de Cisjordanie, l\u2019Universit\u00e9 nationale An-Najah, et ses 22 000 \u00e9tudiants.<br \/>Les Villes de Lille et de Naplouse se sont jumel\u00e9es le 6 juin 1998 lors d\u2019une r\u00e9union extraordinaire du Conseil municipal \u00e0 Lille.<br \/>La Ville de Lille soutient de nombreux projets dans diff\u00e9rents domaines impliquant les acteurs lillois et nabulsis, allant du d\u00e9veloppement urbain durable, \u00e0 la culture et au patrimoine, l\u2019\u00e9ducation ou encore la sant\u00e9. Ces projets ont pour objectif de renforcer les capacit\u00e9s locales, la connaissance mutuelle, les liens d&rsquo;amiti\u00e9 entre les citoyens des deux cit\u00e9s, tout en soutenant le d\u00e9veloppement durable des deux territoires, notamment par l&rsquo;\u00e9change de savoir-faire et une coop\u00e9ration d\u2019acteurs \u00e0 acteurs. Depuis 2022, les deux Villes se sont engag\u00e9es dans la mise en \u0153uvre du projet du \u201cNablus Boulevard\u201d cofinanc\u00e9 par l\u2019Agence de D\u00e9veloppement Durable et qui a pour objectif la r\u00e9habilitation d\u2019une ancienne centrale \u00e9lectrique \u00e0 Naplouse.<\/p>\n<p>\u00c0 la suite des repr\u00e9sailles de 2023, la Ville de Lille est rest\u00e9e solidaire avec sa ville jumelle par l\u2019envoi d\u2019aides humanitaires d\u2019urgences et la demande de reconnaissance de l\u2019\u00e9tat de Palestine.<\/p>\n<p><a href=\"http:\/\/www.nablus.org\/\" target=\"_self\" class=\"lien_interne\" rel=\"nofollow noopener\">&gt;&gt; Site de la Ville de Naplouse<\/a><\/p>\n<p><strong>Lille \u2013 Oujda<\/strong><strong>27 juillet 2005<\/strong><\/p>\n<p>            <img src-full=\"\/var\/www\/storage\/images\/mediatheque\/mairie-de-lille\/n1\/votre-mairie\/les-relations-internationales\/images\/villes-partenaires\/oujda-c-digital-garden\/3754016-1-fre-FR\/Oujda-C-Digital-Garden.jpg\" data-caption-full=\"Oujda \u00a9 Digital Garden\" width=\"605\" height=\"400\" alt=\"Oujda \u00a9 Digital Garden\" title=\"Oujda \u00a9 Digital Garden\" class=\"align-\"\/>\n    <\/p>\n<p>\nOujda, capitale de la r\u00e9gion de l&rsquo;Oriental, est situ\u00e9e au Nord-Est du Maroc. Fond\u00e9e au X\u1d49 si\u00e8cle, elle a \u00e9t\u00e9 historiquement tr\u00e8s disput\u00e9e, d\u00e9truite puis reconstruite \u00e0 de multiples reprises, du fait de sa position strat\u00e9gique. Marqu\u00e9e au gr\u00e9 des si\u00e8cles par les influences des dynasties r\u00e9gnant successivement sur l\u2019Afrique du Nord, les d\u00e9placements des populations arabo-andalouses puis nord-africaines et ses \u00e9changes pass\u00e9s nombreux avec l\u2019Alg\u00e9rie, la ville a un patrimoine culturel et linguistique model\u00e9 par sa riche histoire et ses habitants d\u2019hier et d\u2019aujourd\u2019hui.<br \/>Li\u00e9es par leurs habitants et des mouvements historiques de leurs citoyens, la Ville de Lille et la Commune d\u2019Oujda signent un accord de jumelage en 2005. Depuis cet accord, la coop\u00e9ration entre les deux Villes n\u2019a cess\u00e9 de s\u2019\u00e9toffer et a permis la mise en \u0153uvre de nombreux projets innovants dans les domaines du d\u00e9veloppement durable et de la lutte contre le changement climatique, de la culture ou encore de la mobilit\u00e9 des jeunes et de la coop\u00e9ration universitaire.<br \/>La volont\u00e9 d&rsquo;impliquer le public et de faciliter les rencontres et le dialogue entre les deux rives de la M\u00e9diterran\u00e9e a pris forme d\u00e8s les premi\u00e8res actions du jumelage avec plusieurs manifestations culturelles d\u2019envergure fond\u00e9es sur la collaboration entre citoyens des deux villes (Oujda By Lille, Lille \u00e0 Oujda, Oujda capitale arabe de la culture&#8230;).<\/p>\n<p>Lille et Oujda c\u00e9l\u00e8brent le 20\u00e8me anniversaire de leur coop\u00e9ration du 13 au 15 juin 2025.<\/p>\n<p><a href=\"https:\/\/www.communeoujda.ma\/\" target=\"_self\" class=\"lien_interne\" rel=\"nofollow noopener\">&gt;&gt; Site de la Ville d\u2019Oujda<\/a>\u00a0<\/p>\n<p><strong>Lille \u2013 Wroc\u0142aw <\/strong><strong>4 octobre 2013<\/strong><\/p>\n<p><strong>            <img src-full=\"\/var\/www\/storage\/images\/mediatheque\/mairie-de-lille\/n1\/votre-mairie\/les-relations-internationales\/images\/villes-partenaires\/wroclaw-vu-d-en-haut-c-ville-de-wroclaw\/3754080-1-fre-FR\/Wroclaw-vu-d-en-haut-C-Ville-de-Wroclaw.jpg\" data-caption-full=\"\u00a9 Ville de Wroclaw \" width=\"768\" height=\"506\" alt=\"Wroclaw Pologne vu d'en haut\" title=\"Wroclaw Pologne vu d'en haut\" class=\"align-\"\/><br \/>\n    <\/strong><\/p>\n<p>\nLille et sa r\u00e9gion sont historiquement li\u00e9es \u00e0 la Pologne : 1\/8e de la population du Nord Pas de Calais est en effet issue d&rsquo;une immigration polonaise venue, dans les ann\u00e9es 1920 et 1930, contribuer \u00e0 la construction de notre territoire.\u00a0Pour donner de nouvelles perspectives \u00e0 ce puissant attachement, Lille et Wroc\u0142aw se sont engag\u00e9es en 2009 dans une relation fraternelle pour \u00eatre ensuite officiellement villes jumel\u00e9es le 4 octobre 2013 lors de la signature d\u2019un accord de coop\u00e9ration.<br \/>Partageant une histoire commune autour de la capitale europ\u00e9enne de la culture, les deux villes ont depuis toujours d\u00e9velopp\u00e9 de nombreux \u00e9changes culturels impliquant les acteurs de leurs territoires. La coop\u00e9ration entre les deux villes s\u2019enrichit d\u2019ann\u00e9e en ann\u00e9e par des projets autour de l\u2019\u00e9ducation et de la coop\u00e9ration universitaire, du d\u00e9veloppement durable, et derni\u00e8rement \u00e0 travers un projet d\u2019\u00e9change des pratiques sur les questions d\u2019inclusion et d\u2019accessibilit\u00e9 des biblioth\u00e8ques.<\/p>\n<p><a href=\"http:\/\/www.wroclaw.pl\/\" target=\"_self\" class=\"lien_interne\" rel=\"nofollow noopener\">&gt;&gt; Site de la Ville de Wroc\u0142aw<\/a><\/p>\n<p><strong>Lille \u2013 Tlemcen <\/strong><strong>2013<\/strong><\/p>\n<p>            <img src-full=\"\/var\/www\/storage\/images\/mediatheque\/mairie-de-lille\/n1\/votre-mairie\/les-relations-internationales\/images\/villes-partenaires\/tlemcen_-c-daniel-rapaich_dicom_villedelille\/3753987-1-fre-FR\/Tlemcen_-C-Daniel-Rapaich_DICOM_VilledeLille.png\" data-caption-full=\"\u00a9 Daniel Rapaich_DICOM_Ville de Lille\" width=\"768\" height=\"510\" alt=\"Tlemcen en Alg\u00e9rie\" title=\"Tlemcen en Alg\u00e9rie\" class=\"align-\"\/>\n    <\/p>\n<p>\nVille d\u2019art et d\u2019histoire, situ\u00e9e au Nord-Ouest de l\u2019Alg\u00e9rie et proche de la fronti\u00e8re avec le Maroc, Tlemcen est une ville riche d\u2019influences amazighes, arabes, hispano-mauresques, ottomanes\u2026 L\u2019activit\u00e9 culturelle y est rythm\u00e9e notamment gr\u00e2ce \u00e0 ses biblioth\u00e8ques, ses centres culturels, son mus\u00e9e, ses th\u00e9\u00e2tres et ses associations. Surnomm\u00e9e la \u00ab\u00a0Perle du Maghreb\u00a0\u00bb, elle a \u00e9t\u00e9 choisie Capitale de la Culture Islamique en 2011.<br \/>Les Villes de Lille et de Tlemcen sont jumel\u00e9es depuis f\u00e9vrier 2013, une coop\u00e9ration qui s\u2019est impos\u00e9e au regard des liens anciens et multiples qui unissent les habitants des deux territoires, de leurs patrimoines, de leurs d\u00e9veloppements \u00e9conomiques et urbains et des influences culturelles diverses qui leurs ont conf\u00e9r\u00e9 les titres respectifs de \u00ab\u00a0capitale europ\u00e9enne de la culture\u00a0\u00bb et \u00ab capitale de l\u2019art arabo \u2013 mauresque \u00bb \/ \u00ab\u00a0capitale de la culture islamique\u00a0\u00bb.<br \/>Leur partenariat est anim\u00e9 d\u2019ambitions partag\u00e9es autour de la cr\u00e9ation d\u2019espaces de mobilisation pour les acteurs de la soci\u00e9t\u00e9 civile favorisant le dialogue interculturel et la solidarit\u00e9 tout en participant au d\u00e9veloppement local \u00e0 travers la formation professionnelle, le d\u00e9veloppement durable, la coop\u00e9ration m\u00e9dicale et sanitaire, la culture et le patrimoine, et la coop\u00e9ration universitaire. En novembre 2023, la Ville de Lille a c\u00e9l\u00e9br\u00e9 les 10 ans de la coop\u00e9ration avec la Ville de Tlemcen \u00e0 l\u2019occasion de plusieurs \u00e9v\u00e8nements organis\u00e9s dans le cadre du Festival des Solidarit\u00e9s Internationales de Lille.<\/p>\n<p><a href=\"http:\/\/www.tlemcen-dz.com\/\" target=\"_self\" class=\"lien_interne\" rel=\"nofollow noopener\">&gt;&gt; Site de la Ville de Tlemcen<\/a><\/p>\n<p><strong>Lille \u2013 Daegu <\/strong><strong>Partenaire associ\u00e9 de coop\u00e9ration \u2013 8 novembre 2019 <\/strong><\/p>\n<p>Une histoire \u00e9conomique partag\u00e9e, dot\u00e9s d\u2019industries du textiles, l\u2019h\u00e9bergement sur les deux territoires de multiples p\u00f4les d\u2019excellence dans diff\u00e9rents domaines, et les liens qui existent entre les acteurs des deux territoires propulsent Lille et sa m\u00e9tropole et Daegu et sa m\u00e9tropole \u00e0 signer un partenariat de coop\u00e9ration en 2019 pour favoriser les \u00e9changes \u00e9conomiques, culturels, scientifiques et universitaires, et partager leurs savoirs faire envers le d\u00e9veloppement durable, l\u2019emploi des jeunes, et les villes du future.\u00a0<\/p>\n<p><a href=\"https:\/\/www.daegu.go.kr\/english\/index.do\" target=\"_self\" class=\"lien_interne\" rel=\"nofollow noopener\">&gt;&gt; Site de la Ville de Daegu<\/a><\/p>\n","protected":false},"excerpt":{"rendered":"La fin de la Seconde Guerre mondiale a engendr\u00e9 un important processus de rapprochement et de r\u00e9conciliation entre&hellip;\n","protected":false},"author":2,"featured_media":81445,"comment_status":"","ping_status":"","sticky":false,"template":"","format":"standard","meta":{"footnotes":""},"categories":[2815],"tags":[1111,11,4763,1777,674,1011,27,811,1307,5415,12,25],"class_list":{"0":"post-81444","1":"post","2":"type-post","3":"status-publish","4":"format-standard","5":"has-post-thumbnail","7":"category-lille","8":"tag-actu","9":"tag-actualites","10":"tag-agenda","11":"tag-eu","12":"tag-europe","13":"tag-fr","14":"tag-france","15":"tag-hauts-de-france","16":"tag-lille","17":"tag-mairie","18":"tag-news","19":"tag-republique-francaise"},"share_on_mastodon":{"url":"https:\/\/pubeurope.com\/@fr\/114465696830569251","error":""},"_links":{"self":[{"href":"https:\/\/www.europesays.com\/fr\/wp-json\/wp\/v2\/posts\/81444","targetHints":{"allow":["GET"]}}],"collection":[{"href":"https:\/\/www.europesays.com\/fr\/wp-json\/wp\/v2\/posts"}],"about":[{"href":"https:\/\/www.europesays.com\/fr\/wp-json\/wp\/v2\/types\/post"}],"author":[{"embeddable":true,"href":"https:\/\/www.europesays.com\/fr\/wp-json\/wp\/v2\/users\/2"}],"replies":[{"embeddable":true,"href":"https:\/\/www.europesays.com\/fr\/wp-json\/wp\/v2\/comments?post=81444"}],"version-history":[{"count":0,"href":"https:\/\/www.europesays.com\/fr\/wp-json\/wp\/v2\/posts\/81444\/revisions"}],"wp:featuredmedia":[{"embeddable":true,"href":"https:\/\/www.europesays.com\/fr\/wp-json\/wp\/v2\/media\/81445"}],"wp:attachment":[{"href":"https:\/\/www.europesays.com\/fr\/wp-json\/wp\/v2\/media?parent=81444"}],"wp:term":[{"taxonomy":"category","embeddable":true,"href":"https:\/\/www.europesays.com\/fr\/wp-json\/wp\/v2\/categories?post=81444"},{"taxonomy":"post_tag","embeddable":true,"href":"https:\/\/www.europesays.com\/fr\/wp-json\/wp\/v2\/tags?post=81444"}],"curies":[{"name":"wp","href":"https:\/\/api.w.org\/{rel}","templated":true}]}}