{"id":81450,"date":"2025-05-07T08:53:07","date_gmt":"2025-05-07T08:53:07","guid":{"rendered":"https:\/\/www.europesays.com\/fr\/81450\/"},"modified":"2025-05-07T08:53:07","modified_gmt":"2025-05-07T08:53:07","slug":"ca-me-fait-de-la-peine","status":"publish","type":"post","link":"https:\/\/www.europesays.com\/fr\/81450\/","title":{"rendered":"\u00c7a me fait de la peine"},"content":{"rendered":"<p>            Par<br \/>\n        <strong><br \/>\n            <a href=\"https:\/\/actu.fr\/auteur\/theo-zuili\" title=\"Consulter tous les articles de Th\u00e9o Zuili\" rel=\"nofollow noopener\" target=\"_blank\">Th\u00e9o Zuili<\/a><br \/>\n        <\/strong><\/p>\n<p>        Publi\u00e9 le<\/p>\n<p>            7 mai 2025 \u00e0 10h46        <\/p>\n<p>Cela fait 36 ans que Gilles d\u00e9charge ses cageots de fruits et l\u00e9gumes sur les quais de Sa\u00f4ne, dans le 2e arrondissement de <a href=\"https:\/\/actu.fr\/auvergne-rhone-alpes\/lyon_69123\" rel=\"nofollow noopener\" target=\"_blank\">Lyon<\/a>. Install\u00e9 comme ses parents avant lui au <strong>march\u00e9 Saint-Antoine<\/strong>, ce producteur de Thurins (Rh\u00f4ne) voit les choses changer. Et pas toujours pour le meilleur.<br \/>La plupart des commer\u00e7ants \u00e9voquent <strong>une baisse g\u00e9n\u00e9rale de fr\u00e9quentation<\/strong>, li\u00e9e au pouvoir d\u2019achat et <a href=\"https:\/\/actu.fr\/auvergne-rhone-alpes\/lyon_69123\/lyon-deux-heures-pour-traverser-la-ville-les-ambulanciers-craquent-et-denoncent_62460413.html\" rel=\"nofollow noopener\" target=\"_blank\">aux probl\u00e8mes de circulation et de travaux<\/a>. Mais l\u2019espoir reste accroch\u00e9 aux \u00e9tals.<\/p>\n<p>\u00ab\u00a0On perd 30 \u00e0 40 % de chiffre\u00a0\u00bb<\/p>\n<p class=\" wall-content\">\u00ab\u00a0Ceux qui viennent en voiture, c\u2019\u00e9taient souvent les bons clients. Ceux qui remplissaient leur coffre. Aujourd\u2019hui, ils ne peuvent plus acc\u00e9der\u00a0\u00bb, soupire-t-il. En semaine, entre les travaux, les rues coup\u00e9es et les gal\u00e8res de stationnement, <strong>beaucoup renoncent<\/strong>.<\/p>\n<p class=\" wall-content\">R\u00e9sultat : une baisse de fr\u00e9quentation autant entre les \u00e9tals que sur les emplacements. \u00ab\u00a0On perd 30 \u00e0 40 % de chiffre. Moi, <strong>\u00e7a me fait de la peine<\/strong>, car j\u2019aime beaucoup ce march\u00e9. J\u2019aimerais rester. Mais je m\u2019inqui\u00e8te surtout pour ma fille, qui doit reprendre avec son compagnon\u2026\u00a0\u00bb<\/p>\n<p>\u00ab\u00a0On tient bon le week-end\u00a0\u00bb<\/p>\n<p class=\" wall-content\">Le march\u00e9 Saint-Antoine attire depuis plus de 120 ans restaurateurs, riverains et curieux. Sa situation exceptionnelle sur les quais, entre Bellecour et Terreaux, en fait un lieu de passage mais aussi de contournement, au c\u0153ur des d\u00e9bats sur la circulation \u00e0 Lyon et notamment du <a href=\"https:\/\/actu.fr\/auvergne-rhone-alpes\/lyon_69123\/lyon-il-est-temps-d-ecouter-jean-michel-aulas-attaque-un-projet-phare-des-ecologistes_62491398.html\" rel=\"nofollow noopener\" target=\"_blank\">r\u00e9am\u00e9nagement de la rue Grenette<\/a>.<\/p>\n<p class=\" wall-content\">Danielle, fid\u00e8le exposante depuis trente ans, vend de la volaille et de l\u2019agneau \u00e0 ses clients habitu\u00e9s. Elle aussi \u00e9voque une chute : \u00ab\u00a0La semaine, c\u2019est tr\u00e8s calme. Mais on tient bon le week-end, particuli\u00e8rement vendredi, samedi et dimanche. <strong>On ne va pas s\u2019arr\u00eater<\/strong>, on a une client\u00e8le fid\u00e8le.\u00a0\u00bb<\/p>\n<p>Une jeune g\u00e9n\u00e9ration pleine d\u2019espoir<\/p>\n<p class=\" wall-content\">Malgr\u00e9 les difficult\u00e9s, l\u2019espoir persiste. Notamment chez les jeunes. Matt\u00e9o, agriculteur et beau-fils de Gilles, refuse de c\u00e9der au d\u00e9couragement : \u00ab\u00a0C\u2019est juste une p\u00e9riode, <strong>les gens vont revenir.<\/strong> Depuis six \u00e0 sept ans, sur les quais, on ne sait plus comment s\u2019y prendre, mais tout va revenir \u00e0 la normale et nous allons reprendre tranquillement, entre jeunes, \u00e7a ira tr\u00e8s bien apr\u00e8s !\u00a0\u00bb<\/p>\n<p class=\" wall-content\">La client\u00e8le aussi \u00e9volue : dans les habitudes, plus de v\u00e9los et moins de voitures. \u00ab\u00a0Il faut croire que <strong>c\u2019est pour le meilleur<\/strong>. Moi, personnellement, j\u2019esp\u00e8re un peu moins de voitures. Apr\u00e8s, quand on veut se d\u00e9placer, on r\u00e2le un peu aussi\u2026 Est-ce que ce n\u2019est pas le Fran\u00e7ais en soit ?\u00a0\u00bb, glisse Margot, restauratrice et fid\u00e8le du march\u00e9 depuis six ans.\u00a0<\/p>\n<p class=\" wall-content\">Elle reste optimiste : \u00ab\u00a0C\u2019est <strong>de plus en plus qualitatif<\/strong>, je trouve. Il y a moins d\u2019exposants, c\u2019est vrai. Mais on reste \u00e0 Lyon, en centre-ville, les gens ne d\u00e9sertent pas les appartements et ont toujours besoin de s\u2019alimenter. En plus, avec la tendance d\u2019aller de plus en plus vers les produits frais\u2026\u00a0\u00bb<\/p>\n<p>Un march\u00e9 r\u00e9silient malgr\u00e9 tout<\/p>\n<p class=\" wall-content\">\u00ab\u00a0Il va survivre\u00a0\u00bb, glisse Margot. Danielle non plus, n\u2019a pas de doute : \u00ab\u00a0C\u2019est un march\u00e9 ancien et qui a une certaine r\u00e9putation\u2026 Il tiendra, je pense.\u00a0\u00bb<\/p>\n<blockquote class=\"tiktok-embed\" cite=\"https:\/\/www.tiktok.com\/@actulyon\/video\/7501622011794345238\" data-video-id=\"7501622011794345238\" data-embed-from=\"oembed\" style=\"max-width:605px; min-width:325px;\"><p>\n<a target=\"_blank\" title=\"@actulyon\" href=\"https:\/\/www.tiktok.com\/@actulyon?refer=embed\" rel=\"nofollow noopener\">@actulyon<\/a> <\/p>\n<p>Circulation, travaux, pouvoir d\u2019achat\u2026 dans ce march\u00e9 r\u00e9put\u00e9 de Lyon, les commer\u00e7ants s\u2019inqui\u00e8tent \ud83d\udc49 <a title=\"fyp\" target=\"_blank\" href=\"https:\/\/www.tiktok.com\/tag\/fyp?refer=embed\" rel=\"nofollow noopener\">#fyp<\/a> <a title=\"lyon\" target=\"_blank\" href=\"https:\/\/www.tiktok.com\/tag\/lyon?refer=embed\" rel=\"nofollow noopener\">#lyon<\/a> <a title=\"actu\" target=\"_blank\" href=\"https:\/\/www.tiktok.com\/tag\/actu?refer=embed\" rel=\"nofollow noopener\">#actu<\/a> <a title=\"actulyon\" target=\"_blank\" href=\"https:\/\/www.tiktok.com\/tag\/actulyon?refer=embed\" rel=\"nofollow noopener\">#actulyon<\/a><\/p>\n<p> <a target=\"_blank\" title=\"\u266c Beautiful Minimal Tech House - Yuki Takasaki\" href=\"https:\/\/www.tiktok.com\/music\/Beautiful-Minimal-Tech-House-6817446812849276930?refer=embed\" rel=\"nofollow noopener\">\u266c Beautiful Minimal Tech House \u2013 Yuki Takasaki<\/a> <\/p>\n<\/blockquote>\n<p class=\" wall-content\">Tous ne sont pas d\u2019accord sur les causes : pouvoir d\u2019achat, accessibilit\u00e9, climat politique, \u00e9volution des pratiques alimentaires\u2026 Mais tous s\u2019accordent sur une chose : le march\u00e9 Saint-Antoine<strong> ne doit pas dispara\u00eetre<\/strong>.<\/p>\n<p class=\" wall-content\">Suivez toute l\u2019actualit\u00e9 de vos villes et m\u00e9dias favoris en vous inscrivant \u00e0 <a href=\"https:\/\/moncompte.actu.fr\" title=\"D\u00e9couvez Mon Actu\" rel=\"nofollow noopener\" data-trk=\"{&quot;cta&quot;:{&quot;action&quot;:&quot;https:\\\/\\\/moncompte.actu.fr&quot;,&quot;category&quot;:&quot;mon compte&quot;,&quot;from&quot;:&quot;article footer&quot;,&quot;name&quot;:&quot;Mon actu&quot;,&quot;type&quot;:&quot;cta&quot;}}\" target=\"_blank\">Mon Actu<\/a>.<\/p>\n<p>                    <script async src=\"\/\/www.tiktok.com\/embed.js\"><\/script><\/p>\n","protected":false},"excerpt":{"rendered":"Par Th\u00e9o Zuili Publi\u00e9 le 7 mai 2025 \u00e0 10h46 Cela fait 36 ans que Gilles d\u00e9charge ses&hellip;\n","protected":false},"author":2,"featured_media":81451,"comment_status":"","ping_status":"","sticky":false,"template":"","format":"standard","meta":{"footnotes":""},"categories":[1889],"tags":[1111,11,258,2430,3542,1777,674,1011,27,2428,2089,12,25,104],"class_list":{"0":"post-81450","1":"post","2":"type-post","3":"status-publish","4":"format-standard","5":"has-post-thumbnail","7":"category-lyon","8":"tag-actu","9":"tag-actualites","10":"tag-alimentation","11":"tag-auvergne-rhone-alpes","12":"tag-circulation","13":"tag-eu","14":"tag-europe","15":"tag-fr","16":"tag-france","17":"tag-lyon","18":"tag-marche","19":"tag-news","20":"tag-republique-francaise","21":"tag-societe"},"share_on_mastodon":{"url":"https:\/\/pubeurope.com\/@fr\/114465708880574871","error":""},"_links":{"self":[{"href":"https:\/\/www.europesays.com\/fr\/wp-json\/wp\/v2\/posts\/81450","targetHints":{"allow":["GET"]}}],"collection":[{"href":"https:\/\/www.europesays.com\/fr\/wp-json\/wp\/v2\/posts"}],"about":[{"href":"https:\/\/www.europesays.com\/fr\/wp-json\/wp\/v2\/types\/post"}],"author":[{"embeddable":true,"href":"https:\/\/www.europesays.com\/fr\/wp-json\/wp\/v2\/users\/2"}],"replies":[{"embeddable":true,"href":"https:\/\/www.europesays.com\/fr\/wp-json\/wp\/v2\/comments?post=81450"}],"version-history":[{"count":0,"href":"https:\/\/www.europesays.com\/fr\/wp-json\/wp\/v2\/posts\/81450\/revisions"}],"wp:featuredmedia":[{"embeddable":true,"href":"https:\/\/www.europesays.com\/fr\/wp-json\/wp\/v2\/media\/81451"}],"wp:attachment":[{"href":"https:\/\/www.europesays.com\/fr\/wp-json\/wp\/v2\/media?parent=81450"}],"wp:term":[{"taxonomy":"category","embeddable":true,"href":"https:\/\/www.europesays.com\/fr\/wp-json\/wp\/v2\/categories?post=81450"},{"taxonomy":"post_tag","embeddable":true,"href":"https:\/\/www.europesays.com\/fr\/wp-json\/wp\/v2\/tags?post=81450"}],"curies":[{"name":"wp","href":"https:\/\/api.w.org\/{rel}","templated":true}]}}