{"id":81452,"date":"2025-05-07T08:54:14","date_gmt":"2025-05-07T08:54:14","guid":{"rendered":"https:\/\/www.europesays.com\/fr\/81452\/"},"modified":"2025-05-07T08:54:14","modified_gmt":"2025-05-07T08:54:14","slug":"laurent-wauquiez-porte-un-coup-a-luniversite-lyon-2-la-polemique-continue-de-gonfler","status":"publish","type":"post","link":"https:\/\/www.europesays.com\/fr\/81452\/","title":{"rendered":"Laurent Wauquiez porte un coup \u00e0 l&rsquo;Universit\u00e9 Lyon-2, la pol\u00e9mique continue de gonfler"},"content":{"rendered":"<p>            Par<br \/>\n        <strong><br \/>\n            <a href=\"https:\/\/actu.fr\/auteur\/theo-zuili\" title=\"Consulter tous les articles de Th\u00e9o Zuili\" target=\"_blank\" rel=\"noopener\">Th\u00e9o Zuili<\/a><br \/>\n        <\/strong><\/p>\n<p>        Publi\u00e9 le<\/p>\n<p>            7 mai 2025 \u00e0 10h45        <\/p>\n<p>La tension monte encore d\u2019un cran autour de <a href=\"https:\/\/actu.fr\/auvergne-rhone-alpes\/lyon_69123\/lyon-des-remous-de-plus-en-plus-violents-a-l-universite-la-justice-ouvre-une-enquete_62538994.html\" target=\"_blank\" rel=\"noopener\">l\u2019Universit\u00e9 Lyon-2<\/a>. Invit\u00e9 sur Europe 1 ce mercredi 7 mai 2025, le d\u00e9put\u00e9 Les R\u00e9publicains <a href=\"https:\/\/actu.fr\/tag\/laurent-wauquiez\" target=\"_blank\" rel=\"noopener\">Laurent Wauquiez<\/a> a annonc\u00e9 que la R\u00e9gion Auvergne-Rh\u00f4ne-Alpes <strong>cessait imm\u00e9diatement de financer l\u2019\u00e9tablissement<\/strong> universitaire, en raison de ce qu\u2019il qualifie de \u00ab\u00a0d\u00e9rives islamo-gauchistes\u00a0\u00bb.<\/p>\n<p class=\" wall-content\">\u00ab\u00a0Je me bats pour qu\u2019on impose une inspection ind\u00e9pendante, pour que nous braquions les projecteurs sur ce qu\u2019il se passe \u00e0 Lyon-2\u00a0\u00bb, a-t-il d\u00e9clar\u00e9.<\/p>\n<p>Des propos pol\u00e9miques \u00e0 l\u2019origine de la d\u00e9cision<\/p>\n<p class=\" wall-content\">Cette d\u00e9claration intervient au lendemain de la d\u00e9mission de Willy Beauvallet-Haddad, vice-pr\u00e9sident de Lyon-2 et ma\u00eetre de conf\u00e9rences. Ce dernier est accus\u00e9 par plusieurs figures politiques et syndicats \u00e9tudiants de droite d\u2019avoir tenu <strong>des propos favorables au Hezbollah libanais<\/strong>, consid\u00e9r\u00e9 comme organisation terroriste par l\u2019Union europ\u00e9enne.<\/p>\n<p class=\" wall-content\">Le ministre de l\u2019Enseignement sup\u00e9rieur <a href=\"https:\/\/actu.fr\/auvergne-rhone-alpes\/lyon_69123\/une-nouvelle-polemique-eclate-a-l-universite-lyon-2-le-ministre-de-l-enseignement-choque_62601006.html\" target=\"_blank\" rel=\"noopener\">a signal\u00e9 \u00e0 la justice ces propos<\/a> \u00ab\u00a0qui peuvent relever de l\u2019apologie du terrorisme\u00a0\u00bb attribu\u00e9s \u00e0 l\u2019universitaire. Il s\u2019agit notamment d\u2019un message Facebook, relay\u00e9 par le syndicat \u00e9tudiant UNI. Willy Beauvallet-Haddad y d\u00e9crit Hassan Nasrallah, ex-chef du Hezbollah, comme une \u00ab\u00a0figure fraternelle\u00a0\u00bb.<\/p>\n<p class=\" wall-content\">Willy Beauvallet-Haddad a ni\u00e9 avoir voulu faire l\u2019apologie du terrorisme, affirmant dans un mail \u00e0 ses coll\u00e8gues qu\u2019il faisait l\u2019objet d\u2019une \u00ab\u00a0campagne de d\u00e9nigrement\u00a0\u00bb en lien avec ses prises de position sur la situation au Proche-Orient. Son compte Facebook a depuis \u00e9t\u00e9 supprim\u00e9.<\/p>\n<p>Vid\u00e9os : en ce moment sur ActuUne rupture assum\u00e9e par la R\u00e9gion<\/p>\n<p class=\" wall-content\"><a href=\"https:\/\/actu.fr\/politique\/fabrice-pannekoucke-succede-a-laurent-wauquiez-qui-est-le-nouveau-president-d-aura_61570370.html\" target=\"_blank\" rel=\"noopener\">Fabrice Pannekoucke<\/a>, successeur de Laurent Wauquiez \u00e0 la t\u00eate de la R\u00e9gion, a confirm\u00e9 la suspension des subventions r\u00e9gionales \u00e0 l\u2019universit\u00e9 :<\/p>\n<blockquote class=\"ac-article-quote wall-content\">\n<p>Avec Laurent Wauquiez, nous suspendons toutes les aides de la R\u00e9gion \u00e0 l\u2019Universit\u00e9 Lyon-2, qui s\u2019enfonce dans des d\u00e9rives inacceptables en c\u00e9dant aux pressions de l\u2019extr\u00eame gauche universitaire. Ces renoncements compromettent gravement le pluralisme et la libert\u00e9 acad\u00e9miques.<\/p>\n<p>    <strong>Fabrice Pannekoucke<\/strong><br \/>\n        Pr\u00e9sident de la R\u00e9gion Auvergne-Rh\u00f4ne-Alpes    <\/p><\/blockquote>\n<p class=\" wall-content\">\n<p class=\" wall-content\">Le montant total des aides concern\u00e9es<strong> n\u2019a pas \u00e9t\u00e9 pr\u00e9cis\u00e9<\/strong>.<\/p>\n<p>Un contexte explosif \u00e0 Lyon-2<\/p>\n<p class=\" wall-content\">Toute cette pol\u00e9mique est partie d\u2019un fait marquant, d\u00e9but avril : un groupe de personnes encagoul\u00e9es <a href=\"https:\/\/actu.fr\/auvergne-rhone-alpes\/lyon_69123\/lyon-un-professeur-chasse-en-plein-cours-par-des-militants-cagoules-enquete-ouverte_62471539.html\" target=\"_blank\" rel=\"noopener\">avait interrompu le cours de Fabrice Balanche<\/a>, sp\u00e9cialiste du Moyen-Orient, en le qualifiant de \u00ab\u00a0raciste\u00a0\u00bb et de \u00ab\u00a0sioniste\u00a0\u00bb.<\/p>\n<p class=\" wall-content\">L\u2019universitaire, connu pour ses prises de position critiques envers une certaine gauche radicale, avait quitt\u00e9 la salle. Une enqu\u00eate pour \u00ab\u00a0entrave \u00e0 la fonction d\u2019enseignant\u00a0\u00bb est en cours. \u00ab\u00a0Rien ne justifie que des individus menacent un professeur et l\u2019obligent \u00e0 interrompre son cours\u00a0\u00bb, avait r\u00e9agi Elisabeth Borne.<\/p>\n<p class=\" wall-content\">Par la suite, la pr\u00e9sidente de l\u2019universit\u00e9 Isabelle von Bueltzingsloewen <a href=\"https:\/\/actu.fr\/auvergne-rhone-alpes\/lyon_69123\/crise-a-l-universite-de-lyon-gregory-doucet-tape-a-son-tour-du-poing-sur-la-table_62543640.html\" target=\"_blank\" rel=\"noopener\">a elle-m\u00eame re\u00e7u des menaces de mort<\/a>, apr\u00e8s avoir d\u00e9nonc\u00e9 dans une interview <strong>autant les pressions de l\u2019ultragauche que les \u00ab\u00a0paroles complotistes\u00a0\u00bb de Fabrice Balanche<\/strong>. Une seconde enqu\u00eate a \u00e9t\u00e9 ouverte.<\/p>\n<p class=\" wall-content\">Laurent Wauquiez a exprim\u00e9 ce mercredi son soutien \u00e0 Fabrice Balanche, pr\u00e9sent\u00e9 comme un \u00ab\u00a0ami\u00a0\u00bb, et s\u2019est f\u00e9licit\u00e9 de la d\u00e9mission du vice-pr\u00e9sident controvers\u00e9.<\/p>\n<p class=\" wall-content\">Suivez toute l\u2019actualit\u00e9 de vos villes et m\u00e9dias favoris en vous inscrivant \u00e0 <a href=\"https:\/\/moncompte.actu.fr\" title=\"D\u00e9couvez Mon Actu\" rel=\"nofollow noopener\" data-trk=\"{&quot;cta&quot;:{&quot;action&quot;:&quot;https:\\\/\\\/moncompte.actu.fr&quot;,&quot;category&quot;:&quot;mon compte&quot;,&quot;from&quot;:&quot;article footer&quot;,&quot;name&quot;:&quot;Mon actu&quot;,&quot;type&quot;:&quot;cta&quot;}}\" target=\"_blank\">Mon Actu<\/a>.<\/p>\n","protected":false},"excerpt":{"rendered":"Par Th\u00e9o Zuili Publi\u00e9 le 7 mai 2025 \u00e0 10h45 La tension monte encore d\u2019un cran autour de&hellip;\n","protected":false},"author":2,"featured_media":81453,"comment_status":"","ping_status":"","sticky":false,"template":"","format":"standard","meta":{"footnotes":""},"categories":[1889],"tags":[1111,11,2430,1777,674,1011,27,5639,2428,12,25,104],"class_list":{"0":"post-81452","1":"post","2":"type-post","3":"status-publish","4":"format-standard","5":"has-post-thumbnail","7":"category-lyon","8":"tag-actu","9":"tag-actualites","10":"tag-auvergne-rhone-alpes","11":"tag-eu","12":"tag-europe","13":"tag-fr","14":"tag-france","15":"tag-laurent-wauquiez","16":"tag-lyon","17":"tag-news","18":"tag-republique-francaise","19":"tag-societe"},"share_on_mastodon":{"url":"https:\/\/pubeurope.com\/@fr\/114465712589540493","error":""},"_links":{"self":[{"href":"https:\/\/www.europesays.com\/fr\/wp-json\/wp\/v2\/posts\/81452","targetHints":{"allow":["GET"]}}],"collection":[{"href":"https:\/\/www.europesays.com\/fr\/wp-json\/wp\/v2\/posts"}],"about":[{"href":"https:\/\/www.europesays.com\/fr\/wp-json\/wp\/v2\/types\/post"}],"author":[{"embeddable":true,"href":"https:\/\/www.europesays.com\/fr\/wp-json\/wp\/v2\/users\/2"}],"replies":[{"embeddable":true,"href":"https:\/\/www.europesays.com\/fr\/wp-json\/wp\/v2\/comments?post=81452"}],"version-history":[{"count":0,"href":"https:\/\/www.europesays.com\/fr\/wp-json\/wp\/v2\/posts\/81452\/revisions"}],"wp:featuredmedia":[{"embeddable":true,"href":"https:\/\/www.europesays.com\/fr\/wp-json\/wp\/v2\/media\/81453"}],"wp:attachment":[{"href":"https:\/\/www.europesays.com\/fr\/wp-json\/wp\/v2\/media?parent=81452"}],"wp:term":[{"taxonomy":"category","embeddable":true,"href":"https:\/\/www.europesays.com\/fr\/wp-json\/wp\/v2\/categories?post=81452"},{"taxonomy":"post_tag","embeddable":true,"href":"https:\/\/www.europesays.com\/fr\/wp-json\/wp\/v2\/tags?post=81452"}],"curies":[{"name":"wp","href":"https:\/\/api.w.org\/{rel}","templated":true}]}}