{"id":814521,"date":"2026-03-21T14:04:15","date_gmt":"2026-03-21T14:04:15","guid":{"rendered":"https:\/\/www.europesays.com\/fr\/814521\/"},"modified":"2026-03-21T14:04:15","modified_gmt":"2026-03-21T14:04:15","slug":"urgentistes-et-ambulanciers-sopposent-a-une-restructuration-placee-sous-lautorite-des-prefets","status":"publish","type":"post","link":"https:\/\/www.europesays.com\/fr\/814521\/","title":{"rendered":"urgentistes et ambulanciers s\u2019opposent \u00e0 une restructuration plac\u00e9e sous l\u2019autorit\u00e9 des pr\u00e9fets"},"content":{"rendered":"<p>Les deux organisations collaborent quotidiennement mais ont encore des centres d\u2019appels distincts dans 80\u00a0% des d\u00e9partements, et ont chacune leurs r\u00e9seaux d\u2019ambulances, les rouges pour les pompiers, et les blanches pour le Samu, celles des ambulanciers priv\u00e9s et celles du Smur avec un m\u00e9decin \u00e0 bord. Pour certains, cette organisation duale ne peut plus continuer, comme l\u2019affirme Olivier Richefou, pr\u00e9sident de la conf\u00e9rence nationale des services d\u00e9partementaux d\u2019incendie et de secours et pr\u00e9sident du Conseil g\u00e9n\u00e9ral de Mayenne.<\/p>\n<p>Une gestion d\u00e9partementale unifi\u00e9e sous l\u2019\u00e9gide de l\u2019\u00c9tat<\/p>\n<p>\u00ab\u00a0Notre pays marche sur la t\u00eate. Nous sommes en d\u00e9ficit, le co\u00fbt de la dette va exploser, et pour le secours d\u2019urgence on continue d\u2019avoir deux lieux diff\u00e9rents o\u00f9 l\u2019on prend les appels d\u2019urgence\u00a0\u00bb, a expliqu\u00e9 Olivier Richefou mardi lors d\u2019une conf\u00e9rence \u00e0 Secours Expo, un salon du secours d\u2019urgence \u00e0 Paris. \u00ab\u00a0Sur le terrain, on continue d\u2019avoir deux acteurs qui tiennent des permanences, des astreintes et attendent arme au pied pour intervenir\u00a0\u00bb, a-t-il regrett\u00e9.<\/p>\n<p>Le gouvernement de S\u00e9bastien Lecornu veut profiter du projet de loi de d\u00e9centralisation, annonc\u00e9 pour le printemps, pour r\u00e9former le secours d\u2019urgence. Il propose de cr\u00e9er dans chaque d\u00e9partement une \u00ab\u00a0politique publique de secours d\u2019urgence plac\u00e9e sous l\u2019\u00e9gide du pr\u00e9fet\u00a0\u00bb. Lui serait charg\u00e9 de d\u00e9finir \u00ab\u00a0un contrat territorial du secours d\u2019urgence\u00a0\u00bb d\u00e9finissant les responsabilit\u00e9s de chacun, Samu et Smur, pompiers, ambulanciers priv\u00e9s, et associations type Croix-Rouge ou S\u00e9curit\u00e9 civile.<\/p>\n<p>Les pompiers sont favorables \u00e0 cette \u00e9volution. Les secours \u00e0 la personne occupent 87\u00a0% de leurs interventions et ils ont souvent l\u2019impression d\u2019\u00eatre de simples auxiliaires pour les Samu et le syst\u00e8me hospitalier, sans que leurs contraintes ne soient prises en compte, expliquent leurs repr\u00e9sentants. Un de leurs enjeux cl\u00e9s est la d\u00e9termination des lieux de destination des personnes secourues. Les fermetures de petites maternit\u00e9s et de petits h\u00f4pitaux les obligent \u00e0 parcourir davantage de kilom\u00e8tres pour acheminer les patients, allongeant la dur\u00e9e de mobilisation des pompiers volontaires sur les interventions.<\/p>\n<p>Les m\u00e9decins urgentistes r\u00e9ticents<\/p>\n<p>En face, les m\u00e9decins urgentistes des Samu et Smur redoutent de voir le pr\u00e9fet, et \u00e0 travers lui le minist\u00e8re de l\u2019Int\u00e9rieur, prendre le pouvoir de d\u00e9cision final dans l\u2019organisation des moyens de secours dans chaque d\u00e9partement, et remettre en cause leur position centrale dans le dispositif actuel. Pour eux, la priorit\u00e9 doit \u00eatre de r\u00e9viser le r\u00e9f\u00e9rentiel \u00ab\u00a0Suap-Amu\u00a0\u00bb (Secours d\u2019urgence aux personnes &#8211; aide m\u00e9dicale d\u2019urgence), afin de d\u00e9signer de fa\u00e7on plus claire l\u2019acteur le plus adapt\u00e9 pour chaque situation\u00a0: ambulance pompier, ambulance pompier avec infirmier, ambulance priv\u00e9e ou ambulance m\u00e9dicalis\u00e9e du Smur.<\/p>\n","protected":false},"excerpt":{"rendered":"Les deux organisations collaborent quotidiennement mais ont encore des centres d\u2019appels distincts dans 80\u00a0% des d\u00e9partements, et ont&hellip;\n","protected":false},"author":2,"featured_media":814522,"comment_status":"","ping_status":"","sticky":false,"template":"","format":"standard","meta":{"footnotes":""},"categories":[4],"tags":[11,1011,27,12,25],"class_list":{"0":"post-814521","1":"post","2":"type-post","3":"status-publish","4":"format-standard","5":"has-post-thumbnail","7":"category-france","8":"tag-actualites","9":"tag-fr","10":"tag-france","11":"tag-news","12":"tag-republique-francaise"},"share_on_mastodon":{"url":"https:\/\/pubeurope.com\/@fr\/116267546521850288","error":""},"_links":{"self":[{"href":"https:\/\/www.europesays.com\/fr\/wp-json\/wp\/v2\/posts\/814521","targetHints":{"allow":["GET"]}}],"collection":[{"href":"https:\/\/www.europesays.com\/fr\/wp-json\/wp\/v2\/posts"}],"about":[{"href":"https:\/\/www.europesays.com\/fr\/wp-json\/wp\/v2\/types\/post"}],"author":[{"embeddable":true,"href":"https:\/\/www.europesays.com\/fr\/wp-json\/wp\/v2\/users\/2"}],"replies":[{"embeddable":true,"href":"https:\/\/www.europesays.com\/fr\/wp-json\/wp\/v2\/comments?post=814521"}],"version-history":[{"count":0,"href":"https:\/\/www.europesays.com\/fr\/wp-json\/wp\/v2\/posts\/814521\/revisions"}],"wp:featuredmedia":[{"embeddable":true,"href":"https:\/\/www.europesays.com\/fr\/wp-json\/wp\/v2\/media\/814522"}],"wp:attachment":[{"href":"https:\/\/www.europesays.com\/fr\/wp-json\/wp\/v2\/media?parent=814521"}],"wp:term":[{"taxonomy":"category","embeddable":true,"href":"https:\/\/www.europesays.com\/fr\/wp-json\/wp\/v2\/categories?post=814521"},{"taxonomy":"post_tag","embeddable":true,"href":"https:\/\/www.europesays.com\/fr\/wp-json\/wp\/v2\/tags?post=814521"}],"curies":[{"name":"wp","href":"https:\/\/api.w.org\/{rel}","templated":true}]}}