{"id":81466,"date":"2025-05-07T09:01:14","date_gmt":"2025-05-07T09:01:14","guid":{"rendered":"https:\/\/www.europesays.com\/fr\/81466\/"},"modified":"2025-05-07T09:01:14","modified_gmt":"2025-05-07T09:01:14","slug":"malgre-les-attaques-russes-la-fantastique-resilience-du-reseau-electrique-ukrainien","status":"publish","type":"post","link":"https:\/\/www.europesays.com\/fr\/81466\/","title":{"rendered":"Malgr\u00e9 les attaques russes, la fantastique r\u00e9silience du r\u00e9seau \u00e9lectrique ukrainien"},"content":{"rendered":"<p>              <a tabindex=\"-1\" title=\"Boris Mabillard\" href=\"https:\/\/www.letemps.ch\/profil\/boris-mabillard\" target=\"_blank\" rel=\"noopener\"><\/p>\n<p>                    <img decoding=\"async\" src=\"https:\/\/www.europesays.com\/fr\/wp-content\/uploads\/2025\/04\/1743831073_125_small.jpeg\" class=\"lazy\" alt=\"\"\/><\/p>\n<p><\/a>        <\/p>\n<p>    Publi\u00e9 le 07 mai 2025 \u00e0 07:05. \/ Modifi\u00e9 le 07 mai 2025 \u00e0 07:48.<\/p>\n<p> 5 min. de lecture<\/p>\n<p class=\"article__abstract-call-to-action\" data-ariato=\"TrackableElement\" data-trackable-element-type=\"article_abstract_cta\" data-trackable-element-location=\"article_header\" data-trackable-element-id=\"493504\">\n          <a data-event=\"click-&gt;clicked\" href=\"https:\/\/www.letemps.ch\/abonnements\" target=\"_blank\" rel=\"noopener\">Abonnez-vous<\/a> pour acc\u00e9der au r\u00e9sum\u00e9 en 20 secondes.\n        <\/p>\n<p>L\u2019obscurit\u00e9 s\u2019illumine soudain de stries lumineuses et d\u2019\u00e9clairs: la d\u00e9fense antia\u00e9rienne est en action pour abattre les drones russes Shahed qui survolent la banlieue de Kyiv. Sur l\u2019avenue plong\u00e9e dans le noir et quasiment d\u00e9serte \u00e0 l\u2019approche du couvre-feu, une loupiote surmonte l\u2019\u00e9tal minuscule d\u2019Irina qui remballe ses bouquets de fleurs invendus. Un bombardement russe a priv\u00e9 le quartier d\u2019\u00e9lectricit\u00e9, mais les habitants habitu\u00e9s aux coupures ont allum\u00e9 leurs g\u00e9n\u00e9rateurs ou utilisent, comme Irina, des batteries rechargeables. Ievgueni, clou\u00e9 dans son fauteuil roulant, reste sur le carreau, dans l\u2019impossibilit\u00e9 de rentrer chez lui: \u00abL\u2019ascenseur est en panne.\u00bb<\/p>\n<p>Malgr\u00e9 les nombreuses attaques russes sur ses infrastructures civiles, l\u2019Ukraine a pass\u00e9 l\u2019hiver sans que son r\u00e9seau \u00e9lectrique ne s\u2019effondre, se f\u00e9licitait Volodymyr Zelensky au d\u00e9but du mois d\u2019avril. Fort des comp\u00e9tences de l\u2019Ukraine pour maintenir le courant et r\u00e9parer le r\u00e9seau, le pr\u00e9sident ukrainien a propos\u00e9 son aide au pr\u00e9sident du gouvernement espagnol, Pedro S\u00e1nchez, le 28\u00a0avril, alors que la p\u00e9ninsule Ib\u00e9rique \u00e9tait frapp\u00e9e par un black-out sans pr\u00e9c\u00e9dent. \u00abAu fil des ann\u00e9es de guerre et des attaques russes contre notre syst\u00e8me \u00e9nerg\u00e9tique, nous avons acquis une solide exp\u00e9rience pour surmonter tous les d\u00e9fis \u00e9nerg\u00e9tiques, y compris les coupures de courant\u00bb, a d\u00e9clar\u00e9 Volodymyr Zelensky sur X, anciennement Twitter.<\/p>\n<p>    La suite de l&rsquo;article vous int\u00e9resse?<\/p>\n<p>Tout comprendre, mieux s\u2019informer: acc\u00e9dez au meilleur du journalisme suisse avec notre offre combin\u00e9e <b>Le Temps &amp; Heidi.news<\/b>. &#13;\n<\/p>\n<p>Abonnez-vous en quelques clics et payez facilement avec <b>Twint<\/b>.<\/p>\n<p>    <a class=\"button is-secondary\" data-event=\"click-&gt;clicked\" href=\"https:\/\/www.letemps.ch\/abonnements?wall_id=1\" target=\"_blank\" rel=\"noopener\">Je m\u2019abonne<\/a><\/p>\n<p class=\"post-subscribe__login\">\n        Vous avez d\u00e9j\u00e0 un compte ?<br \/>\n        <a class=\"link\" rel=\"nofollow noopener\" href=\"https:\/\/www.letemps.ch\/compte\/connexion?return_to=https%3A%2F%2Fwww.letemps.ch%2Fmonde%2Feurope%2Fla-fantastique-resilience-du-reseau-electrique-ukrainien\" target=\"_blank\">Se connecter<\/a>\n      <\/p>\n","protected":false},"excerpt":{"rendered":"Publi\u00e9 le 07 mai 2025 \u00e0 07:05. \/ Modifi\u00e9 le 07 mai 2025 \u00e0 07:48. 5 min. de&hellip;\n","protected":false},"author":2,"featured_media":81467,"comment_status":"","ping_status":"","sticky":false,"template":"","format":"standard","meta":{"footnotes":""},"categories":[1591],"tags":[11,579,1887,12,301,1885,1886,132,220],"class_list":{"0":"post-81466","1":"post","2":"type-post","3":"status-publish","4":"format-standard","5":"has-post-thumbnail","7":"category-russie","8":"tag-actualites","9":"tag-electricite","10":"tag-federation-de-russie","11":"tag-news","12":"tag-premium","13":"tag-russia","14":"tag-russian-federation","15":"tag-russie","16":"tag-ukraine"},"share_on_mastodon":{"url":"https:\/\/pubeurope.com\/@fr\/114465740242391563","error":""},"_links":{"self":[{"href":"https:\/\/www.europesays.com\/fr\/wp-json\/wp\/v2\/posts\/81466","targetHints":{"allow":["GET"]}}],"collection":[{"href":"https:\/\/www.europesays.com\/fr\/wp-json\/wp\/v2\/posts"}],"about":[{"href":"https:\/\/www.europesays.com\/fr\/wp-json\/wp\/v2\/types\/post"}],"author":[{"embeddable":true,"href":"https:\/\/www.europesays.com\/fr\/wp-json\/wp\/v2\/users\/2"}],"replies":[{"embeddable":true,"href":"https:\/\/www.europesays.com\/fr\/wp-json\/wp\/v2\/comments?post=81466"}],"version-history":[{"count":0,"href":"https:\/\/www.europesays.com\/fr\/wp-json\/wp\/v2\/posts\/81466\/revisions"}],"wp:featuredmedia":[{"embeddable":true,"href":"https:\/\/www.europesays.com\/fr\/wp-json\/wp\/v2\/media\/81467"}],"wp:attachment":[{"href":"https:\/\/www.europesays.com\/fr\/wp-json\/wp\/v2\/media?parent=81466"}],"wp:term":[{"taxonomy":"category","embeddable":true,"href":"https:\/\/www.europesays.com\/fr\/wp-json\/wp\/v2\/categories?post=81466"},{"taxonomy":"post_tag","embeddable":true,"href":"https:\/\/www.europesays.com\/fr\/wp-json\/wp\/v2\/tags?post=81466"}],"curies":[{"name":"wp","href":"https:\/\/api.w.org\/{rel}","templated":true}]}}