{"id":81468,"date":"2025-05-07T09:02:09","date_gmt":"2025-05-07T09:02:09","guid":{"rendered":"https:\/\/www.europesays.com\/fr\/81468\/"},"modified":"2025-05-07T09:02:09","modified_gmt":"2025-05-07T09:02:09","slug":"cest-quoi-storm-1516-cette-campagne-de-desinformation-russe-ayant-frappe-la-france","status":"publish","type":"post","link":"https:\/\/www.europesays.com\/fr\/81468\/","title":{"rendered":"C\u2019est quoi Storm-1516, cette campagne de d\u00e9sinformation russe ayant frapp\u00e9 la France\u00a0?"},"content":{"rendered":"<p>En marge du conflit en <a href=\"https:\/\/www.20minutes.fr\/monde\/ukraine\/\" target=\"_blank\" class=\"color-ultramarine c-link\" rel=\"noopener\">Ukraine<\/a>, une guerre num\u00e9rique s\u00e9vit contre la France. Les autorit\u00e9s fran\u00e7aises d\u00e9noncent en effet une campagne de d\u00e9sinformation russe sophistiqu\u00e9e.<\/p>\n<p>Alors que le ministre des Affaires \u00e9trang\u00e8res <a href=\"https:\/\/www.20minutes.fr\/politique\/jean-noel-barrot\/\" target=\"_blank\" class=\"color-ultramarine c-link\" rel=\"noopener\">Jean-No\u00ebl Barrot<\/a> s\u2019inqui\u00e8te des actions du Kremlin contre les alli\u00e9s de Kiev, 20 Minutes fait le point pour vous sur cette campagne baptis\u00e9e \u00ab\u00a0Storm-1516\u00a0\u00bb.<\/p>\n<ul>\n<li>Quelle est l\u2019ampleur de cette campagne\u00a0?<\/li>\n<\/ul>\n<p>Viginum, l\u2019organisme fran\u00e7ais de lutte contre les ing\u00e9rences num\u00e9riques \u00e9trang\u00e8res, a pass\u00e9 au crible cette campagne connue sous le nom de \u00ab\u00a0Storm-1516\u00a0\u00bb. Il en ressort que pr\u00e8s de 80 op\u00e9rations de d\u00e9sinformation ont \u00e9t\u00e9 men\u00e9es entre fin ao\u00fbt\u00a02023 et d\u00e9but mars\u00a02025 par \u00ab\u00a0des acteurs russes\u00a0\u00bb ciblant principalement le gouvernement ukrainien et les pays soutenant l\u2019Ukraine.<\/p>\n<\/p>\n<ul>\n<li>Comment a r\u00e9agi la France\u00a0?<\/li>\n<\/ul>\n<p>Face \u00e0 ces actions, le ministre fran\u00e7ais des Affaires \u00e9trang\u00e8res n\u2019a pas choisi le ton feutr\u00e9 de la diplomatique, pr\u00e9f\u00e9rant porter des accusations directes. \u00ab\u00a0Le d\u00e9bat public europ\u00e9en est pilonn\u00e9 par des campagnes de d\u00e9sinformation, men\u00e9es par des acteurs russes et relay\u00e9es notamment par l\u2019extr\u00eame droite am\u00e9ricaine\u00a0\u00bb, a d\u00e9clar\u00e9 mardi Jean-No\u00ebl Barrot. \u00ab\u00a0Le mode op\u00e9ratoire Storm-1516, que nous avons mis \u00e0 jour, a vis\u00e9 les \u00e9lections l\u00e9gislatives anticip\u00e9es 2024\u00a0\u00bb en France, a-t-il ajout\u00e9, exhortant les plates-formes qui sont \u00ab\u00a0au courant\u00a0\u00bb \u00e0 \u00ab\u00a0agir\u00a0\u00bb. \u00ab\u00a0Chacun doit \u00eatre vigilant face \u00e0 ces ing\u00e9rences num\u00e9riques \u00e9trang\u00e8res\u00a0\u00bb, a-t-il \u00e9galement soulign\u00e9.<\/p>\n<ul>\n<li>Quelles cons\u00e9quences sur le d\u00e9bat public\u00a0?<\/li>\n<\/ul>\n<p>Selon Viginum, dont le rapport sera publi\u00e9 ce mercredi matin, le mode op\u00e9ratoire est \u00ab\u00a0particuli\u00e8rement complexe, adaptable et efficace pour diffuser des narratifs anti-Ukrainiens et anti-Occidentaux aupr\u00e8s d\u2019audiences occidentales\u00a0\u00bb. L\u2019organisme estime que cette campagne repr\u00e9sente une \u00ab\u00a0menace importante pour le d\u00e9bat public num\u00e9rique, \u00e0 la fois en France et dans l\u2019ensemble des pays europ\u00e9ens\u00a0\u00bb.<\/p>\n<p>\u00ab\u00a0Le Kremlin continue sa guerre informationnelle vis-\u00e0-vis de nous\u00a0\u00bb, d\u00e9nonce pour sa part une source diplomatique. Storm-1516 \u00ab\u00a0constitue une nouvelle preuve de la mauvaise foi\u00a0\u00bb de Moscou et sa \u00ab\u00a0non-volont\u00e9 d\u2019arr\u00eater l\u2019escalade\u00a0\u00bb.<\/p>\n<ul>\n<li>Comment fonctionne Storm-1516\u00a0?<\/li>\n<\/ul>\n<p>La particularit\u00e9 de Storm-1516 est d\u2019utiliser l\u2019<a href=\"https:\/\/www.20minutes.fr\/dossier\/intelligence_artificielle\" target=\"_blank\" class=\"color-ultramarine c-link\" rel=\"noopener\">intelligence artificielle<\/a> pour mettre en sc\u00e8ne des individus \u00e0 visage d\u00e9couvert et le recours \u00e0 des acteurs amateurs contre r\u00e9mun\u00e9ration.<\/p>\n<p><a href=\"https:\/\/www.20minutes.fr\/monde\/ukraine\/\" target=\"_blank\" class=\"c-link c-btn c-btn--primary\" rel=\"noopener\">Notre dossier sur la Guerre en Ukraine<\/a><\/p>\n<p>Viginum \u00e9voque en outre le r\u00f4le d\u2019influenceurs am\u00e9ricains pro-MAGA ou d\u2019influenceurs pro-russes comme le Fran\u00e7ais Adrien Bocquet, \u00ab\u00a0ancien militaire fran\u00e7ais exil\u00e9 en <a href=\"https:\/\/www.20minutes.fr\/monde\/russie\/\" target=\"_blank\" class=\"color-ultramarine c-link\" rel=\"noopener\">Russie<\/a>\u00a0\u00bb pour amplifier la diffusion de fausses informations. Enfin, \u00ab\u00a0un soin particulier est accord\u00e9 au \u00ab\u00a0blanchiment\u00a0\u00bb des contenus\u00a0\u00bb via des m\u00e9dias, notamment africains.<\/p>\n<ul>\n<li>Quel est l\u2019objectif de la Russie\u00a0?<\/li>\n<\/ul>\n<p>Avec ces actions, la Russie veut se donner un avantage suppl\u00e9mentaire en Ukraine. La cible principale de Storm-1516 est le gouvernement ukrainien, \u00ab\u00a0probablement dans l\u2019espoir d\u2019entra\u00eener la suspension de l\u2019aide occidentale\u00a0\u00bb, note le rapport de Viginum.<\/p>\n","protected":false},"excerpt":{"rendered":"En marge du conflit en Ukraine, une guerre num\u00e9rique s\u00e9vit contre la France. Les autorit\u00e9s fran\u00e7aises d\u00e9noncent en&hellip;\n","protected":false},"author":2,"featured_media":81469,"comment_status":"","ping_status":"","sticky":false,"template":"","format":"standard","meta":{"footnotes":""},"categories":[1590],"tags":[47,11,73,1777,674,131,6417,3995,74,12,4125,132,220,133,135,134],"class_list":{"0":"post-81468","1":"post","2":"type-post","3":"status-publish","4":"format-standard","5":"has-post-thumbnail","7":"category-ukraine","8":"tag-actualite","9":"tag-actualites","10":"tag-etats-unis","11":"tag-eu","12":"tag-europe","13":"tag-guerre-en-ukraine","14":"tag-information","15":"tag-intelligence-artificielle-ia","16":"tag-monde","17":"tag-news","18":"tag-numerique","19":"tag-russie","20":"tag-ukraine","21":"tag-video","22":"tag-vladimir-poutine","23":"tag-volodymyr-zelensky"},"share_on_mastodon":{"url":"https:\/\/pubeurope.com\/@fr\/114465744054955488","error":""},"_links":{"self":[{"href":"https:\/\/www.europesays.com\/fr\/wp-json\/wp\/v2\/posts\/81468","targetHints":{"allow":["GET"]}}],"collection":[{"href":"https:\/\/www.europesays.com\/fr\/wp-json\/wp\/v2\/posts"}],"about":[{"href":"https:\/\/www.europesays.com\/fr\/wp-json\/wp\/v2\/types\/post"}],"author":[{"embeddable":true,"href":"https:\/\/www.europesays.com\/fr\/wp-json\/wp\/v2\/users\/2"}],"replies":[{"embeddable":true,"href":"https:\/\/www.europesays.com\/fr\/wp-json\/wp\/v2\/comments?post=81468"}],"version-history":[{"count":0,"href":"https:\/\/www.europesays.com\/fr\/wp-json\/wp\/v2\/posts\/81468\/revisions"}],"wp:featuredmedia":[{"embeddable":true,"href":"https:\/\/www.europesays.com\/fr\/wp-json\/wp\/v2\/media\/81469"}],"wp:attachment":[{"href":"https:\/\/www.europesays.com\/fr\/wp-json\/wp\/v2\/media?parent=81468"}],"wp:term":[{"taxonomy":"category","embeddable":true,"href":"https:\/\/www.europesays.com\/fr\/wp-json\/wp\/v2\/categories?post=81468"},{"taxonomy":"post_tag","embeddable":true,"href":"https:\/\/www.europesays.com\/fr\/wp-json\/wp\/v2\/tags?post=81468"}],"curies":[{"name":"wp","href":"https:\/\/api.w.org\/{rel}","templated":true}]}}