{"id":81474,"date":"2025-05-07T09:05:10","date_gmt":"2025-05-07T09:05:10","guid":{"rendered":"https:\/\/www.europesays.com\/fr\/81474\/"},"modified":"2025-05-07T09:05:10","modified_gmt":"2025-05-07T09:05:10","slug":"le-nouveau-chancelier-friedrich-merz-arrive-a-paris-fragilise-apres-son-camouflet-au-bundestag","status":"publish","type":"post","link":"https:\/\/www.europesays.com\/fr\/81474\/","title":{"rendered":"le nouveau chancelier Friedrich Merz arrive \u00e0 Paris fragilis\u00e9 apr\u00e8s son camouflet au Bundestag"},"content":{"rendered":"<p><img decoding=\"async\" class=\"caas-img caas-lazy has-preview\" src=\"https:\/\/www.europesays.com\/fr\/wp-content\/uploads\/2025\/05\/ad3df45006e6002a633010450dff302b.jpeg\"\/><\/p>\n<p>Apr\u00e8s avoir \u00e9t\u00e9 \u00e9lu dans la douleur, <a data-i13n=\"cpos:1;pos:1\" href=\"https:\/\/fr.news.yahoo.com\/allemagne-friedrich-merz-finalement-%C3%A9lu-142153959.html\" data-ylk=\"slk:Friedrich Merz;cpos:1;pos:1;elm:context_link;itc:0;sec:content-canvas;outcm:mb_qualified_link;_E:mb_qualified_link;ct:story;\" class=\"link  yahoo-link\" target=\"_blank\" rel=\"noopener\">Friedrich Merz<\/a> se rend en chancelier allemand affaibli, ce mercredi 7 mai, \u00e0 Paris puis Varsovie, deux capitales o\u00f9 il esp\u00e8re relancer des relations en souffrance.<\/p>\n<p>Le pr\u00e9sident <a data-i13n=\"cpos:2;pos:1\" href=\"https:\/\/fr.news.yahoo.com\/emmanuel-macron-va-recevoir-pr%C3%A9sident-053029553.html\" data-ylk=\"slk:Emmanuel Macron;cpos:2;pos:1;elm:context_link;itc:0;sec:content-canvas;outcm:mb_qualified_link;_E:mb_qualified_link;ct:story;\" class=\"link  yahoo-link\" target=\"_blank\" rel=\"noopener\">Emmanuel Macron<\/a> l&rsquo;a certes <a data-i13n=\"cpos:3;pos:1\" href=\"https:\/\/fr.news.yahoo.com\/emmanuel-macron-f%C3%A9licite-nouveau-chancelier-152727351.html\" data-ylk=\"slk:f\u00e9licit\u00e9 apr\u00e8s sa nomination;cpos:3;pos:1;elm:context_link;itc:0;sec:content-canvas;outcm:mb_qualified_link;_E:mb_qualified_link;ct:story;\" class=\"link  yahoo-link\" target=\"_blank\" rel=\"noopener\">f\u00e9licit\u00e9 apr\u00e8s sa nomination<\/a> en anticipant un moteur franco-allemand \u00ab\u00a0plus fort que jamais\u00a0\u00bb. Mais l&rsquo;\u00e9lection mardi aux forceps de Friedrich Merz au poste supr\u00eame par les d\u00e9put\u00e9s allemands, apr\u00e8s deux tours de scrutin alors qu&rsquo;il devait s&rsquo;agir d&rsquo;une formalit\u00e9, inqui\u00e8te.<\/p>\n<p>Elle a r\u00e9v\u00e9l\u00e9 au grand jour la fragilit\u00e9 politique du dirigeant conservateur et de sa coalition avec les sociaux-d\u00e9mocrates, sur qui toute l&rsquo;Europe comptait pour remettre l&rsquo;Allemagne au centre du jeu apr\u00e8s des ann\u00e9es de surplace sous l&rsquo;\u00e8re <a data-i13n=\"cpos:4;pos:1\" href=\"https:\/\/fr.news.yahoo.com\/merci-cher-ami-emmanuel-macron-045020973.html\" data-ylk=\"slk:Olaf Scholz;cpos:4;pos:1;elm:context_link;itc:0;sec:content-canvas;outcm:mb_qualified_link;_E:mb_qualified_link;ct:story;\" class=\"link  yahoo-link\" target=\"_blank\" rel=\"noopener\">Olaf Scholz<\/a> et six mois de crise politique int\u00e9rieure.<\/p>\n<p>Un nouveau chancelier \u00ab\u00a0tr\u00e8s europ\u00e9en\u00a0\u00bb<\/p>\n<p>\u00ab\u00a0La situation en Allemagne est un choc politique\u00a0\u00bb, a ass\u00e9n\u00e9 l&rsquo;eurod\u00e9put\u00e9e fran\u00e7aise Val\u00e9rie Hayer sur X. \u00ab\u00a0Une catastrophe absolue\u00a0\u00bb, affirmait une ministre fran\u00e7aise sous couvert d&rsquo;anonymat \u00e0 l&rsquo;AFP.<\/p>\n<p>\u00ab\u00a0Jusqu&rsquo;ici, il avait renvoy\u00e9 l&rsquo;image d&rsquo;un gouvernement soud\u00e9, fort et efficace. Or cela vient brouiller ce message. Cela brouille l&rsquo;image du retour de l&rsquo;Allemagne sur la sc\u00e8ne europ\u00e9enne\u00a0\u00bb, commente Claire Demesmay, chercheuse associ\u00e9e au Centre Marc Bloch de Berlin, dans un entretien avec l&rsquo;AFP.<\/p>\n<p>Comme il est d&rsquo;usage en Allemagne, tout nouveau chancelier effectue sa premi\u00e8re visite officielle \u00e0 l&rsquo;\u00e9tranger en France, puis en Pologne. Mardi soir, Friedrich Merz, qui se rendra aussi vendredi prochain \u00e0 Bruxelles, s&rsquo;est qualifi\u00e9 sur la cha\u00eene NTV de \u00ab\u00a0chancelier tr\u00e8s europ\u00e9en\u00a0\u00bb.<\/p>\n<p>Beaucoup d&rsquo;espoirs du c\u00f4t\u00e9 fran\u00e7ais<\/p>\n<p>Paris nourrit de grands espoirs dans le pr\u00e9sident du parti d\u00e9mocrate-chr\u00e9tien allemand, qui parle ouvertement de renforcer la souverainet\u00e9 europ\u00e9enne, y compris militaire.<\/p>\n<p>Le nouveau gouvernement allemand de coalition promet de \u00ab\u00a0renforcer l&rsquo;amiti\u00e9\u00a0\u00bb aussi bien entre l&rsquo;Allemagne et la France qu&rsquo;avec la Pologne, notamment dans le cadre du \u00ab\u00a0<a data-i13n=\"cpos:5;pos:1\" href=\"https:\/\/www.bfmtv.com\/international\/europe\/allemagne\/sommet-du-triangle-de-weimar-la-contre-offensive-ukrainienne-au-coeur-des-echanges-entre-la-france-l-allemagne-et-la-pologne_VN-202306120812.html\" rel=\"nofollow noopener\" target=\"_blank\" data-ylk=\"slk:Triangle de Weimar;cpos:5;pos:1;elm:context_link;itc:0;sec:content-canvas\" class=\"link \">Triangle de Weimar<\/a>\u00ab\u00a0, ce forum de coop\u00e9ration trilat\u00e9rale entre la France, l&rsquo;Allemagne et la Pologne cr\u00e9\u00e9 en 1991.<\/p>\n<p>\u00ab\u00a0La volont\u00e9 d&rsquo;\u00e9changer avec ces deux pays est clairement l\u00e0\u00a0\u00bb, a not\u00e9 dans un entretien avec l&rsquo;AFP Martin Koopmann, directeur de la fondation Genshagen, bas\u00e9e pr\u00e8s de Berlin et charg\u00e9e de d\u00e9velopper les relations entre ces trois pays. Il souligne n\u00e9anmoins la nature compliqu\u00e9e des relations entre l&rsquo;Allemagne et la Pologne qui, par ailleurs, n&rsquo;est pas dans la zone euro contrairement \u00e0 Paris et Berlin. Le parti nationaliste Droit et Justice (PiS), actuellement dans l&rsquo;opposition, continue de r\u00e9clamer des r\u00e9parations pour les d\u00e9g\u00e2ts et pertes de la Seconde Guerre mondiale \u00e0 l&rsquo;Allemagne.<\/p>\n<p>\u00c0 moins de deux semaines du premier tour de l&rsquo;\u00e9lection pr\u00e9sidentielle polonaise, le 18 mai prochain, ce sujet est particuli\u00e8rement sensible: pour le Premier ministre <a data-i13n=\"cpos:6;pos:1\" href=\"https:\/\/fr.news.yahoo.com\/guerre-ukraine-premier-ministre-polonais-142807982.html\" data-ylk=\"slk:Donald Tusk;cpos:6;pos:1;elm:context_link;itc:0;sec:content-canvas;outcm:mb_qualified_link;_E:mb_qualified_link;ct:story;\" class=\"link  yahoo-link\" target=\"_blank\" rel=\"noopener\">Donald Tusk<\/a>, europ\u00e9en convaincu, il est d\u00e9licat d&rsquo;afficher une trop grande proximit\u00e9 avec le chancelier allemand. Donald Tusk s&rsquo;est d&rsquo;ailleurs content\u00e9 sur X d&rsquo;un bref message de f\u00e9licitations et d&rsquo;un \u00ab\u00a0see you tomorrow in Warsaw\u00a0\u00bb.<\/p>\n<p>Sur les questions de d\u00e9fense et l&rsquo;<a data-i13n=\"cpos:7;pos:1\" href=\"https:\/\/fr.news.yahoo.com\/guerre-ukraine-missile-russe-fait-182802693.html\" data-ylk=\"slk:Ukraine;cpos:7;pos:1;elm:context_link;itc:0;sec:content-canvas;outcm:mb_qualified_link;_E:mb_qualified_link;ct:story;\" class=\"link  yahoo-link\" target=\"_blank\" rel=\"noopener\">Ukraine<\/a>, l&rsquo;hostilit\u00e9 affich\u00e9e par <a data-i13n=\"cpos:8;pos:1\" href=\"https:\/\/fr.news.yahoo.com\/cest-honte-donald-trump-esp%C3%A8re-055124075.html\" data-ylk=\"slk:Donald Trump;cpos:8;pos:1;elm:context_link;itc:0;sec:content-canvas;outcm:mb_qualified_link;_E:mb_qualified_link;ct:story;\" class=\"link  yahoo-link\" target=\"_blank\" rel=\"noopener\">Donald Trump<\/a> et son administration \u00e0 l&rsquo;\u00e9gard de l&rsquo;Europe et les doutes sur le soutien militaire am\u00e9ricain ont fait bouger les lignes en Allemagne.<\/p>\n<p>De profondes divergences<\/p>\n<p>Friedrich Merz est favorable \u00e0 l&rsquo;id\u00e9e de placer son pays, d\u00e9pendant jusqu&rsquo;ici de la protection nucl\u00e9aire am\u00e9ricaine, sous le parapluie fran\u00e7ais et britannique. Ce qui constitue une c\u00e9sure \u00e9norme avec la tradition atlantiste germanique. Il est aussi prudemment ouvert \u00e0 l&rsquo;id\u00e9e de fournir des <a data-i13n=\"cpos:9;pos:1\" href=\"https:\/\/www.bfmtv.com\/economie\/entreprises\/defense\/qu-est-ce-que-le-missile-taurus-au-c-ur-de-l-espionnage-de-generaux-allemands-par-la-russie_AV-202403050564.html\" rel=\"nofollow noopener\" target=\"_blank\" data-ylk=\"slk:missiles longue port\u00e9e Taurus;cpos:9;pos:1;elm:context_link;itc:0;sec:content-canvas\" class=\"link \">missiles longue port\u00e9e Taurus<\/a> \u00e0 Kiev.<\/p>\n<p>D&rsquo;autres divergences traditionnelles entre ces trois pays ne devraient toutefois pas dispara\u00eetre du jour au lendemain.<\/p>\n<p>Berlin a certes assoupli en mars sa r\u00e8gle du \u00ab\u00a0frein \u00e0 l&rsquo;endettement\u00a0\u00bb, qui limite la capacit\u00e9 d&#8217;emprunt du pays pour les d\u00e9penses militaires et pour les r\u00e9gions, mais elle n&rsquo;est pas pr\u00eate \u00e0 donner son feu vert \u00e0 des euro-obligations, promues par la France.<\/p>\n<p>Sur le plan commercial, l&rsquo;Allemagne, nation fortement exportatrice, devrait continuer \u00e0 pousser \u00e0 la signature d&rsquo;accords de libre-\u00e9change, comme celui du Mercosur, tandis que la France, craignant une fronde agricole, y est d\u00e9favorable.<\/p>\n<p>\u00ab\u00a0Sur le plan de la politique \u00e9nerg\u00e9tique, les diff\u00e9rences restent \u00e9galement tr\u00e8s fortes entre les trois pays\u00a0\u00bb, note Martin Koopmann, \u00ab\u00a0m\u00eame si la Pologne commence \u00e0 se tourner vers les renouvelables et la France a fait quelques concessions sur le nucl\u00e9aire\u00a0\u00bb.<\/p>\n<p><a data-i13n=\"cpos:10;pos:1\" href=\"https:\/\/www.bfmtv.com\/international\/europe\/allemagne\/allemagne-le-nouveau-chancelier-friedrich-merz-arrive-a-paris-fragilise-apres-son-camouflet-au-bundestag_AD-202505070327.html#xtor=AL-68\" rel=\"nofollow noopener\" target=\"_blank\" data-ylk=\"slk:Article original publi\u00e9 sur BFMTV.com;cpos:10;pos:1;elm:context_link;itc:0;sec:content-canvas\" class=\"link \">Article original publi\u00e9 sur BFMTV.com<\/a><\/p>\n","protected":false},"excerpt":{"rendered":"Apr\u00e8s avoir \u00e9t\u00e9 \u00e9lu dans la douleur, Friedrich Merz se rend en chancelier allemand affaibli, ce mercredi 7&hellip;\n","protected":false},"author":2,"featured_media":81475,"comment_status":"","ping_status":"","sticky":false,"template":"","format":"standard","meta":{"footnotes":""},"categories":[1587],"tags":[11,672,1804,1805,1803,1777,674,4710,1801,3442,18890,12,13347,1802],"class_list":{"0":"post-81474","1":"post","2":"type-post","3":"status-publish","4":"format-standard","5":"has-post-thumbnail","7":"category-allemagne","8":"tag-actualites","9":"tag-allemagne","10":"tag-bundesrepublik-deutschland","11":"tag-de","12":"tag-deutschland","13":"tag-eu","14":"tag-europe","15":"tag-friedrich-merz","16":"tag-germany","17":"tag-lallemagne","18":"tag-martin-koopmann","19":"tag-news","20":"tag-nouveau-gouvernement","21":"tag-republique-federale-dallemagne"},"share_on_mastodon":{"url":"https:\/\/pubeurope.com\/@fr\/114465755888293949","error":""},"_links":{"self":[{"href":"https:\/\/www.europesays.com\/fr\/wp-json\/wp\/v2\/posts\/81474","targetHints":{"allow":["GET"]}}],"collection":[{"href":"https:\/\/www.europesays.com\/fr\/wp-json\/wp\/v2\/posts"}],"about":[{"href":"https:\/\/www.europesays.com\/fr\/wp-json\/wp\/v2\/types\/post"}],"author":[{"embeddable":true,"href":"https:\/\/www.europesays.com\/fr\/wp-json\/wp\/v2\/users\/2"}],"replies":[{"embeddable":true,"href":"https:\/\/www.europesays.com\/fr\/wp-json\/wp\/v2\/comments?post=81474"}],"version-history":[{"count":0,"href":"https:\/\/www.europesays.com\/fr\/wp-json\/wp\/v2\/posts\/81474\/revisions"}],"wp:featuredmedia":[{"embeddable":true,"href":"https:\/\/www.europesays.com\/fr\/wp-json\/wp\/v2\/media\/81475"}],"wp:attachment":[{"href":"https:\/\/www.europesays.com\/fr\/wp-json\/wp\/v2\/media?parent=81474"}],"wp:term":[{"taxonomy":"category","embeddable":true,"href":"https:\/\/www.europesays.com\/fr\/wp-json\/wp\/v2\/categories?post=81474"},{"taxonomy":"post_tag","embeddable":true,"href":"https:\/\/www.europesays.com\/fr\/wp-json\/wp\/v2\/tags?post=81474"}],"curies":[{"name":"wp","href":"https:\/\/api.w.org\/{rel}","templated":true}]}}