{"id":81488,"date":"2025-05-07T09:13:14","date_gmt":"2025-05-07T09:13:14","guid":{"rendered":"https:\/\/www.europesays.com\/fr\/81488\/"},"modified":"2025-05-07T09:13:14","modified_gmt":"2025-05-07T09:13:14","slug":"xv-de-france-les-arbitres-de-la-tournee-contre-les-all-blacks-en-nouvelle-zelande-devoiles","status":"publish","type":"post","link":"https:\/\/www.europesays.com\/fr\/81488\/","title":{"rendered":"XV de France. Les arbitres de la tourn\u00e9e contre les All Blacks en Nouvelle-Z\u00e9lande d\u00e9voil\u00e9s"},"content":{"rendered":"<p>            Par<br \/>\n        <strong><br \/>\n            <a href=\"https:\/\/actu.fr\/auteur\/thomas-corbet-actu-fr\" title=\"Consulter tous les articles de Thomas Corbet\" rel=\"nofollow noopener\" target=\"_blank\">Thomas Corbet<\/a><br \/>\n        <\/strong><\/p>\n<p>        Publi\u00e9 le<\/p>\n<p>            6 mai 2025 \u00e0 10h18        <\/p>\n<p>Bien que <a href=\"https:\/\/actu.fr\/sports\/rugby\/pro\/apres-romain-ntamack-un-autre-joueur-du-xv-de-france-se-verrait-bien-en-tournee-en-nouvelle-zelande_62508803.html\" rel=\"nofollow noopener\" target=\"_blank\">plusieurs joueurs<\/a> aient annonc\u00e9 vouloir s\u2019envoler pour la <strong>tourn\u00e9e en Nouvelle-Z\u00e9lande<\/strong> cet \u00e9t\u00e9, on ne sait pas encore lesquels y participeront. En revanche, on connait d\u00e9sormais les noms des <strong>arbitres<\/strong> des trois tests matchs du <a href=\"https:\/\/actu.fr\/tag\/xv-de-france\" rel=\"nofollow noopener\" target=\"_blank\">XV de France<\/a> contre les<strong> All Blacks<\/strong>.<\/p>\n<p>XV de France : qui arbitrera les matchs contre les All Blacks<\/p>\n<p class=\" wall-content\">L\u2019arbitre fait partie du jeu, et en ce sens son influence sur le d\u00e9roul\u00e9 du match est ind\u00e9niable. Connaitre un arbitre, afin de s\u2019adapter au mieux \u00e0 son style ou \u00e0 sa sensibilit\u00e9, fait partie de la bonne pr\u00e9paration d\u2019une rencontre.<\/p>\n<p class=\" wall-content\">\u00c0 quelques mois de la tourn\u00e9e en Nouvelle-Z\u00e9lande, le staff des Bleus peut donc d\u2019ores et d\u00e9j\u00e0 se pencher sur le sujet, puisque World Rugby a d\u00e9voil\u00e9 les noms des arbitres des trois tests du XV de France chez les All Blacks.<\/p>\n<p class=\" wall-content\"><strong>Premier test (samedi 5 juillet, Dunedin) :<\/strong><\/p>\n<ul class=\" wall-content\">\n<li>Arbitre : Nic Berry (Australie)<\/li>\n<li>Arbitre assistant 1 : Christophe Ridley (Angleterre)<\/li>\n<li>Arbitre assistant 2 : Takehito Namekawa (Japon)<\/li>\n<li>Arbitre vid\u00e9o : Damon Murphy (Australie)<\/li>\n<\/ul>\n<p class=\" wall-content\"><strong>Deuxi\u00e8me test (samedi 12 juillet, Wellington) :<\/strong><\/p>\n<ul class=\" wall-content\">\n<li>Arbitre : Christophe Ridley (Angleterre)<\/li>\n<li>Arbitre assistant 1 : Nic Berry (Australie)<\/li>\n<li>Arbitre assistant 2 : Takehito Namekawa (Japon)<\/li>\n<li>Arbitre vid\u00e9o : Brett Cronan (Australie)<\/li>\n<\/ul>\n<p class=\" wall-content\"><strong>Troisi\u00e8me test (samedi 19 juillet, Hamilton)<\/strong><\/p>\n<ul class=\" wall-content\">\n<li>Arbitre : Angus Gardner (Australie)<\/li>\n<li>Le reste des officiels n\u2019a pas \u00e9t\u00e9 communiqu\u00e9 \u00e0 ce jour<\/li>\n<\/ul>\n<p>Vid\u00e9os : en ce moment sur ActuL\u2019arbitre d\u2019Angleterre XV \u2013 France A \u00e9galement connu<\/p>\n<p class=\" wall-content\">Ou plut\u00f4t, connue ! C\u2019est en effet l\u2019\u00c9cossaise Hollie Davidson, qui n\u2019en finit plus de gravir les \u00e9chelons, qui sera aux commandes de ce match aux allures ind\u00e9dites.<\/p>\n<p class=\" wall-content\">Elles sera assist\u00e9e de l\u2019Irlandais Eoghan Cross et d\u2019un autre \u00c9cossais, en l\u2019occurrence Sam Grove-White, tandis que Mike Adamson sera \u00e0 la vid\u00e9o.<\/p>\n<p class=\" wall-content\">Suivez toute l\u2019actualit\u00e9 de vos villes et m\u00e9dias favoris en vous inscrivant \u00e0 <a href=\"https:\/\/moncompte.actu.fr\" title=\"D\u00e9couvez Mon Actu\" rel=\"nofollow noopener\" data-trk=\"{&quot;cta&quot;:{&quot;action&quot;:&quot;https:\\\/\\\/moncompte.actu.fr&quot;,&quot;category&quot;:&quot;mon compte&quot;,&quot;from&quot;:&quot;article footer&quot;,&quot;name&quot;:&quot;Mon actu&quot;,&quot;type&quot;:&quot;cta&quot;}}\" target=\"_blank\">Mon Actu<\/a>.<\/p>\n","protected":false},"excerpt":{"rendered":"Par Thomas Corbet Publi\u00e9 le 6 mai 2025 \u00e0 10h18 Bien que plusieurs joueurs aient annonc\u00e9 vouloir s\u2019envoler&hellip;\n","protected":false},"author":2,"featured_media":81489,"comment_status":"","ping_status":"","sticky":false,"template":"","format":"standard","meta":{"footnotes":""},"categories":[1416],"tags":[2305,1011,27,3788,479,1468,60,513],"class_list":{"0":"post-81488","1":"post","2":"type-post","3":"status-publish","4":"format-standard","5":"has-post-thumbnail","7":"category-rugby","8":"tag-all-blacks","9":"tag-fr","10":"tag-france","11":"tag-pro","12":"tag-rugby","13":"tag-rugby-football","14":"tag-sports","15":"tag-xv-de-france"},"share_on_mastodon":{"url":"https:\/\/pubeurope.com\/@fr\/114465787270811831","error":""},"_links":{"self":[{"href":"https:\/\/www.europesays.com\/fr\/wp-json\/wp\/v2\/posts\/81488","targetHints":{"allow":["GET"]}}],"collection":[{"href":"https:\/\/www.europesays.com\/fr\/wp-json\/wp\/v2\/posts"}],"about":[{"href":"https:\/\/www.europesays.com\/fr\/wp-json\/wp\/v2\/types\/post"}],"author":[{"embeddable":true,"href":"https:\/\/www.europesays.com\/fr\/wp-json\/wp\/v2\/users\/2"}],"replies":[{"embeddable":true,"href":"https:\/\/www.europesays.com\/fr\/wp-json\/wp\/v2\/comments?post=81488"}],"version-history":[{"count":0,"href":"https:\/\/www.europesays.com\/fr\/wp-json\/wp\/v2\/posts\/81488\/revisions"}],"wp:featuredmedia":[{"embeddable":true,"href":"https:\/\/www.europesays.com\/fr\/wp-json\/wp\/v2\/media\/81489"}],"wp:attachment":[{"href":"https:\/\/www.europesays.com\/fr\/wp-json\/wp\/v2\/media?parent=81488"}],"wp:term":[{"taxonomy":"category","embeddable":true,"href":"https:\/\/www.europesays.com\/fr\/wp-json\/wp\/v2\/categories?post=81488"},{"taxonomy":"post_tag","embeddable":true,"href":"https:\/\/www.europesays.com\/fr\/wp-json\/wp\/v2\/tags?post=81488"}],"curies":[{"name":"wp","href":"https:\/\/api.w.org\/{rel}","templated":true}]}}