{"id":81490,"date":"2025-05-07T09:14:08","date_gmt":"2025-05-07T09:14:08","guid":{"rendered":"https:\/\/www.europesays.com\/fr\/81490\/"},"modified":"2025-05-07T09:14:08","modified_gmt":"2025-05-07T09:14:08","slug":"insolite-economie-eric-babolat-un-match-de-trois-heures-cest-trop-long-il-y-a-donc-quelque-chose-a-faire-dans-ce-sport-trouver-un-moyen-de-susciter-lenthousiasme","status":"publish","type":"post","link":"https:\/\/www.europesays.com\/fr\/81490\/","title":{"rendered":"Insolite, Economie > Eric Babolat : \u00ab\u00a0Un\u00a0match de trois heures, c&rsquo;est trop long.\u00a0Il y a donc quelque chose \u00e0 faire dans ce sport\u00a0: trouver un moyen de susciter l&rsquo;enthousiasme\u00a0\u00bb"},"content":{"rendered":"<p>Interrog\u00e9 par nos confr\u00e8res <strong>d\u2019Ubitennis,<\/strong> le PDG de la marque fran\u00ad\u00e7aise qui porte son nom et qui \u00e9quipe notam\u00adment Carlos Alcaraz f\u00eate en 2025 les 150 ans de son entre\u00adprise cr\u00e9\u00e9e par sa famille. Selon Eric Babolat, il faudrait penser \u00e0 changer quelque chose pour que les \u00e9motions soient plus pr\u00e9sentes.<\/p>\n<p>\u00ab\u202fUn\u00a0match de trois heures, c\u2019est trop long.\u00a0Il y a donc quelque chose \u00e0 faire dans ce sport\u00a0: trouver un moyen de susciter l\u2019en\u00adthou\u00adsiasme, y compris chez les joueurs eux\u2010m\u00eames, et pas seule\u00adment chez le public. Les fans clas\u00adsique pensent toujours \u00e0 l\u2019\u00e9poque de McEnroe, mais les gens ont appr\u00e9ci\u00e9 cette p\u00e9riode parce que les joueurs ont montr\u00e9 de l\u2019\u00e9mo\u00adtion. Cela fait partie du jeu, et je trouve agr\u00e9able de le voir sous un autre angle, et pas seule\u00adment avec les cham\u00adpions qui jouent et gagnent.\u00a0Sans \u00e9motion, les gens ne s\u2019in\u00adt\u00e9\u00adressent pas\u202f\u00bb<\/p>\n<p>Est\u2010ce que la longueur est un obstacle aux \u00e9motions comme l\u2019ex\u00adplique Eric Babolat, veste d\u00e9bat car quelques fois c\u2019est bien la dur\u00e9e qui rajoute de l\u2019\u00e9motion..<\/p>\n<p class=\"post-published-date\" style=\"color: silver; font-size: 75%; text-align: left;\">Publi\u00e9 le mercredi 7 mai 2025 \u00e0 09:45<\/p>\n","protected":false},"excerpt":{"rendered":"Interrog\u00e9 par nos confr\u00e8res d\u2019Ubitennis, le PDG de la marque fran\u00ad\u00e7aise qui porte son nom et qui \u00e9quipe&hellip;\n","protected":false},"author":2,"featured_media":81491,"comment_status":"","ping_status":"","sticky":false,"template":"","format":"standard","meta":{"footnotes":""},"categories":[1415],"tags":[1744,1011,27,60,1467],"class_list":{"0":"post-81490","1":"post","2":"type-post","3":"status-publish","4":"format-standard","5":"has-post-thumbnail","7":"category-tennis","8":"tag-alcaraz","9":"tag-fr","10":"tag-france","11":"tag-sports","12":"tag-tennis"},"share_on_mastodon":{"url":"https:\/\/pubeurope.com\/@fr\/114465791245465580","error":""},"_links":{"self":[{"href":"https:\/\/www.europesays.com\/fr\/wp-json\/wp\/v2\/posts\/81490","targetHints":{"allow":["GET"]}}],"collection":[{"href":"https:\/\/www.europesays.com\/fr\/wp-json\/wp\/v2\/posts"}],"about":[{"href":"https:\/\/www.europesays.com\/fr\/wp-json\/wp\/v2\/types\/post"}],"author":[{"embeddable":true,"href":"https:\/\/www.europesays.com\/fr\/wp-json\/wp\/v2\/users\/2"}],"replies":[{"embeddable":true,"href":"https:\/\/www.europesays.com\/fr\/wp-json\/wp\/v2\/comments?post=81490"}],"version-history":[{"count":0,"href":"https:\/\/www.europesays.com\/fr\/wp-json\/wp\/v2\/posts\/81490\/revisions"}],"wp:featuredmedia":[{"embeddable":true,"href":"https:\/\/www.europesays.com\/fr\/wp-json\/wp\/v2\/media\/81491"}],"wp:attachment":[{"href":"https:\/\/www.europesays.com\/fr\/wp-json\/wp\/v2\/media?parent=81490"}],"wp:term":[{"taxonomy":"category","embeddable":true,"href":"https:\/\/www.europesays.com\/fr\/wp-json\/wp\/v2\/categories?post=81490"},{"taxonomy":"post_tag","embeddable":true,"href":"https:\/\/www.europesays.com\/fr\/wp-json\/wp\/v2\/tags?post=81490"}],"curies":[{"name":"wp","href":"https:\/\/api.w.org\/{rel}","templated":true}]}}