{"id":81492,"date":"2025-05-07T09:16:11","date_gmt":"2025-05-07T09:16:11","guid":{"rendered":"https:\/\/www.europesays.com\/fr\/81492\/"},"modified":"2025-05-07T09:16:11","modified_gmt":"2025-05-07T09:16:11","slug":"poncharal-espere-que-la-performance-de-vinales-va-booster-bastianini","status":"publish","type":"post","link":"https:\/\/www.europesays.com\/fr\/81492\/","title":{"rendered":"Poncharal esp\u00e8re que la performance de Vi\u00f1ales va booster Bastianini"},"content":{"rendered":"<p>Tous deux d\u00e9butants sur la KTM et dans l&rsquo;\u00e9quipe Tech3, <a href=\"https:\/\/fr.motorsport.com\/driver\/maverick-vinales\/96553\/\" target=\"_blank\" rel=\"noopener\">Maverick Vi\u00f1ales<\/a> et <a href=\"https:\/\/fr.motorsport.com\/driver\/enea-bastianini\/109398\/\" target=\"_blank\" rel=\"noopener\">Enea Bastianini<\/a> ne se sont pas adapt\u00e9s \u00e0 la m\u00eame vitesse. L&rsquo;Espagnol a brill\u00e9 par la rapidit\u00e9 \u00e0 laquelle il a pris ses marques, avec un coup d&rsquo;\u00e9clat rest\u00e9 dans les m\u00e9moires lorsqu&rsquo;il a men\u00e9 le GP du Qatar et pass\u00e9 l&rsquo;arriv\u00e9e deuxi\u00e8me avant de r\u00e9trograder sous le coup d&rsquo;une p\u00e9nalit\u00e9. C&rsquo;\u00e9tait le fruit de progr\u00e8s r\u00e9alis\u00e9s d\u00e8s l&rsquo;Argentine sur ses r\u00e9glages, ayant eu pour effet d&rsquo;am\u00e9liorer sa confiance au guidon et de le mener vers un pilotage de plus en plus efficace.<\/p>\n<p>De l&rsquo;autre c\u00f4t\u00e9 du stand, Enea Bastianini continue \u00e0 se heurter \u00e0 des difficult\u00e9s qu&rsquo;il juge inchang\u00e9es. Lui qui se donnait <a href=\"https:\/\/fr.motorsport.com\/motogp\/news\/bastianini-trois-quatre-courses-competitif-ktm\/10692836\/\" target=\"_self\" rel=\"noopener\">trois ou quatre courses pour \u00eatre comp\u00e9titif<\/a>, il n&rsquo;y est pas encore. Austin lui a apport\u00e9 une lueur d&rsquo;espoir, lorsqu&rsquo;il s&rsquo;est dit pour la premi\u00e8re fois <a href=\"https:\/\/fr.motorsport.com\/motogp\/news\/bastianini-premiere-fois-harmonie-ktm-austin\/10709185\/\" target=\"_self\" rel=\"noopener\">\u00ab\u00a0en harmonie\u00a0\u00bb avec la RC16<\/a>, mais les Grands Prix suivants l&rsquo;ont ramen\u00e9 \u00e0 sa r\u00e9alit\u00e9 du moment, celle d&rsquo;un perp\u00e9tuel retour au point de d\u00e9part. Il d\u00e9bute les week-ends dans la douleur avant de conna\u00eetre des progr\u00e8s continus jusqu&rsquo;\u00e0 la course, mais sans avoir l&rsquo;impression d&rsquo;\u00e9lever son niveau durablement.<\/p>\n<p>Lire aussi :<\/p>\n<p>Avec la mise en parall\u00e8le de ces deux situations, Herv\u00e9 Poncharal esp\u00e8re que Bastianini pourra s&rsquo;inspirer de la dynamique positive lanc\u00e9e par son co\u00e9quipier. Un espoir qui n&rsquo;est pas totalement gratuit, car le patron de l&rsquo;\u00e9quipe Tech3 per\u00e7oit aussi des signaux encourageants dans la performance de l&rsquo;Italien et croise les doigts pour un d\u00e9clic prochain.<\/p>\n<p>\u00ab\u00a0Maverick a sign\u00e9 le deuxi\u00e8me meilleur tour \u00e0 Doha, derri\u00e8re <a href=\"https:\/\/fr.motorsport.com\/driver\/marc-marquez\/92646\/\" target=\"_blank\" rel=\"noopener\">Marc M\u00e1rquez<\/a>. Enea a \u00e9t\u00e9 le deuxi\u00e8me pilote KTM le plus rapide dans la course du Qatar, en termes de temps au tour, et il \u00e9tait proche de Maverick de ce point de vue-l\u00e0\u00a0\u00bb, analyse Herv\u00e9 Poncharal dans une interview pour <a href=\"https:\/\/www.gpone.com\/it\/2025\/05\/06\/motogp\/poncharal-speriamo-che-vinales-dia-una-spinta-mentale-a-bastianini.html\" target=\"_blank\" rel=\"noopener\">GPOne<\/a>.<\/p>\n<p>\u00ab\u00a0Mais Enea a eu des probl\u00e8mes pour r\u00e9aliser un tour rapide depuis le d\u00e9but de la saison. Pour le moment, nous ne savons pas encore exactement ce que nous devons lui donner pour l&rsquo;aider \u00e0 progresser dans les essais. En course, il a d\u00e9j\u00e0 termin\u00e9 deux fois neuvi\u00e8me et une fois septi\u00e8me. Sur la distance, il s&rsquo;am\u00e9liore \u00e9norm\u00e9ment.\u00a0\u00bb<\/p>\n<p>\u00ab\u00a0Maverick est entr\u00e9 trois fois de suite en Q2, le time attack fonctionne pour lui. Enea a des sensations assez bonnes en course, mais si on part 17e ou 20e, la course est d\u00e9j\u00e0 perdue. D\u00e9sormais, on sait d\u00e8s le vendredi soir comment va se d\u00e9rouler le week-end et si Enea n&rsquo;est pas directement en Q2, on sait qu&rsquo;il va avoir deux jours difficiles devant lui.\u00a0\u00bb<\/p>\n<p>   <img decoding=\"async\" draggable=\"false\" src=\"https:\/\/www.europesays.com\/fr\/wp-content\/uploads\/2025\/05\/herve-poncharal-team-principal.jpg\" alt=\"Herv\u00e9 Poncharal. Team principal de KTM Tech 3\" width=\"1200\" height=\"800\" loading=\"lazy\"\/> <\/p>\n<p class=\"title\">Herv\u00e9 Poncharal s&rsquo;enthousiasme pour les r\u00e9centes performances de Maverick Vi\u00f1ales.<\/p>\n<p class=\"photographer\">Photo de : KTM Images<\/p>\n<p>\u00ab\u00a0L&rsquo;objectif \u00e0 pr\u00e9sent est donc de placer Enea dans le top 10 le vendredi, pour ensuite affronter les deux courses avec de bonnes perspectives. Tous les pilotes vous diront que si vous \u00eates bien plac\u00e9 en qualifications, la course se d\u00e9roule d&rsquo;une mani\u00e8re compl\u00e8tement diff\u00e9rente, c&rsquo;est un tout autre monde.\u00a0\u00bb<\/p>\n<p>\u00ab\u00a0Esp\u00e9rons que les derni\u00e8res prestations de Maverick boostent aussi Enea mentalement. Le tournant pourrait demander du temps et un peu plus de travail avec son chef m\u00e9canicien Alberto Giribuola. Mais souvenons-nous des deux premiers Grands Prix de Maverick : apr\u00e8s la Tha\u00eflande et l&rsquo;Argentine, il n&rsquo;\u00e9tait pas facile de tirer une conclusion positive de ses performances avec la KTM. Et soudain, il s&rsquo;est am\u00e9lior\u00e9 drastiquement.\u00a0\u00bb<\/p>\n<p>Lire aussi :<\/p>\n<p>En dehors de son co\u00e9quipier, ce sont aussi les autres pilotes KTM qui sont aujourd&rsquo;hui domin\u00e9s par Maverick Vi\u00f1ales. Les gros points perdus \u00e0 Losail lorsqu&rsquo;il a \u00e9t\u00e9 sanctionn\u00e9 lui valent de figurer au dernier rang de ce petit groupe au championnat, cependant <a href=\"https:\/\/fr.motorsport.com\/motogp\/news\/vinales-meilleur-pilote-ktm-jerez\/10717578\/\" target=\"_self\" rel=\"noopener\">Jerez a confirm\u00e9 ce qu&rsquo;il avait montr\u00e9 au Qatar<\/a> puisqu&rsquo;il s&rsquo;est qualifi\u00e9 sixi\u00e8me pour la deuxi\u00e8me fois de suite et qu&rsquo;il a fini le Grand Prix quatri\u00e8me apr\u00e8s une septi\u00e8me place en sprint. \u00c0 chaque fois, il pilotait la premi\u00e8re KTM du classement.<\/p>\n<p>\u00ab\u00a0La performance de Maverick \u00e0 Doha et \u00e0 Jerez a montr\u00e9 aux autres pilotes KTM que notre moto a beaucoup de potentiel\u00a0\u00bb, observe Herv\u00e9 Poncharal. \u00ab\u00a0Maverick a \u00e9t\u00e9 le pilote du week-end \u00e0 Losail ! Il a montr\u00e9 au monde entier et aux trois autres pilotes qu&rsquo;il est possible de se battre au sommet avec la RC16. Nous continuons donc \u00e0 travailler. Les autres pilotes KTM voient d\u00e9sormais qu&rsquo;il est possible d&rsquo;obtenir plus qu&rsquo;un simple top 10. Ils peuvent d\u00e9sormais viser des objectifs plus \u00e9lev\u00e9s.\u00a0\u00bb<\/p>\n<p>Dans cet article<\/p>\n<p>    L\u00e9na Buffa\n<\/p>\n<p>    MotoGP\n<\/p>\n<p>    Maverick Vi\u00f1ales\n<\/p>\n<p>    Enea Bastianini\n<\/p>\n<p>    Tech 3\n<\/p>\n<p>Soyez le premier inform\u00e9 et souscrivez aux alertes mails pour recevoir les infos en temps r\u00e9el<\/p>\n<p>    S&rsquo;abonner aux alertes de news<\/p>\n","protected":false},"excerpt":{"rendered":"Tous deux d\u00e9butants sur la KTM et dans l&rsquo;\u00e9quipe Tech3, Maverick Vi\u00f1ales et Enea Bastianini ne se sont&hellip;\n","protected":false},"author":2,"featured_media":81493,"comment_status":"","ping_status":"","sticky":false,"template":"","format":"standard","meta":{"footnotes":""},"categories":[1413],"tags":[3377,1011,27,5712,1457,1456,1458,60,3374],"class_list":{"0":"post-81492","1":"post","2":"type-post","3":"status-publish","4":"format-standard","5":"has-post-thumbnail","7":"category-moto","8":"tag-enea-bastianini","9":"tag-fr","10":"tag-france","11":"tag-maverick-viu00f1ales","12":"tag-moto","13":"tag-motocycle","14":"tag-motogp","15":"tag-sports","16":"tag-tech-3"},"share_on_mastodon":{"url":"https:\/\/pubeurope.com\/@fr\/114465799161938947","error":""},"_links":{"self":[{"href":"https:\/\/www.europesays.com\/fr\/wp-json\/wp\/v2\/posts\/81492","targetHints":{"allow":["GET"]}}],"collection":[{"href":"https:\/\/www.europesays.com\/fr\/wp-json\/wp\/v2\/posts"}],"about":[{"href":"https:\/\/www.europesays.com\/fr\/wp-json\/wp\/v2\/types\/post"}],"author":[{"embeddable":true,"href":"https:\/\/www.europesays.com\/fr\/wp-json\/wp\/v2\/users\/2"}],"replies":[{"embeddable":true,"href":"https:\/\/www.europesays.com\/fr\/wp-json\/wp\/v2\/comments?post=81492"}],"version-history":[{"count":0,"href":"https:\/\/www.europesays.com\/fr\/wp-json\/wp\/v2\/posts\/81492\/revisions"}],"wp:featuredmedia":[{"embeddable":true,"href":"https:\/\/www.europesays.com\/fr\/wp-json\/wp\/v2\/media\/81493"}],"wp:attachment":[{"href":"https:\/\/www.europesays.com\/fr\/wp-json\/wp\/v2\/media?parent=81492"}],"wp:term":[{"taxonomy":"category","embeddable":true,"href":"https:\/\/www.europesays.com\/fr\/wp-json\/wp\/v2\/categories?post=81492"},{"taxonomy":"post_tag","embeddable":true,"href":"https:\/\/www.europesays.com\/fr\/wp-json\/wp\/v2\/tags?post=81492"}],"curies":[{"name":"wp","href":"https:\/\/api.w.org\/{rel}","templated":true}]}}