{"id":81500,"date":"2025-05-07T09:20:09","date_gmt":"2025-05-07T09:20:09","guid":{"rendered":"https:\/\/www.europesays.com\/fr\/81500\/"},"modified":"2025-05-07T09:20:09","modified_gmt":"2025-05-07T09:20:09","slug":"jignorais-quil-pouvait-se-droguer","status":"publish","type":"post","link":"https:\/\/www.europesays.com\/fr\/81500\/","title":{"rendered":"J\u2019ignorais qu\u2019il pouvait se droguer !"},"content":{"rendered":"<p>Discret depuis sa condamnation en f\u00e9vrier dernier \u00e0 un an de prison avec sursis pour violences conjugales sur une ex-compagne, St\u00e9phane Plaza est revenu au c\u0153ur de l\u2019actualit\u00e9 mardi. Le pr\u00e9sentateur de Maison \u00e0 vendre (M6) a en effet \u00e9t\u00e9 interpell\u00e9 chez lui par la police dans le cadre d\u2019une enqu\u00eate pour trafic de stup\u00e9fiants. La r\u00e9action des proches de St\u00e9phane Plaza \u00e0 son interpellation Soup\u00e7onn\u00e9 d\u2019\u00eatre un client r\u00e9gulier d\u2019un r\u00e9seau de trafic de drogues, St\u00e9phane Plaza a \u00e9t\u00e9 plac\u00e9 en garde \u00e0 vue avant de ressortir libre quelques heures plus tard. Selon Le Parisien\/Aujourd\u2019hui en France , un gramme de cocaine et une pipe destin\u00e9e \u00e0 l\u2019usage de cette drogue auraient \u00e9t\u00e9 retrouv\u00e9s lors de la perquisition chez celui qui clamait, lors de son proc\u00e8s, ne jamais avoir consomm\u00e9 de drogues. Cette nouvelle affaire surprend d\u2019ailleurs certains de ses proches qui confirment la version de l\u2019animateur. \u00a0\u00bb St\u00e9phane a eu des probl\u00e8mes d\u2018exc\u00e8s d\u2018alcool mais jamais de drogue\u00a0\u00bb , assure, au Parisien\/Aujourd\u2019hui en France, une proche de l\u2019ancien homme de fort de M6. Cette derni\u00e8re ne cache pas d\u2019ailleurs qu\u2019elle trouve \u00ab\u00a0bizarre \u00a0\u00bb cette affaire. M\u00eame incompr\u00e9hension du c\u00f4t\u00e9 d\u2019un autre \u00a0\u00bb compagnon de route du pr\u00e9sentateur de Maison \u00e0 vendre\u00a0\u00bb. \u00a0\u00bb J\u2019ignorais qu\u2019il pouvait se droguer \u00ab\u00a0, avoue-t-il ainsi. Mais cette affaire ne surprend pas tous les proches de l\u2019animateur. \u00a0\u00bb On n\u2019a pas \u00e9t\u00e9 \u00e9tonn\u00e9 en d\u00e9couvrant cette information\u00a0\u00bb , affirme ainsi un de ses anciens coll\u00e8gues. \u00c0 lire \u00e9galement St\u00e9phane Plaza interpell\u00e9 \u00e0 son domicile : une enqu\u00eate pour trafic de stup\u00e9fiants en cours Le mal-\u00eatre de St\u00e9phane Plaza depuis sa condamnation Certains membres de l\u2019entourage du meilleur ami de Karine Le Marchand ne cache pas que la r\u00e9cente condamnation de St\u00e9phane Plaza a \u00e9branl\u00e9 le com\u00e9dien, animateur et agent immobilier. \u00a0\u00bb Il va mal. Il est totalement d\u00e9sesp\u00e9r\u00e9 depuis sa condamnation. Au fond du trou, surench\u00e9rit un proche. Il ne pensait pas \u00eatre si lourdement condamn\u00e9 et esp\u00e9rait que l\u2019affaire allait faire pschitt\u00a0\u00bb , assure ainsi une connaissance de celui qui a fait appel de sa condamnation. Il avait d\u2019ailleurs pris la parole quelques jours apr\u00e8s le verdict pour rassurer les agences membres de son r\u00e9seau ; agences qui ont depuis la possibilit\u00e9 de changer de nom pour ne plus \u00eatre associ\u00e9es \u00e0 celui de St\u00e9phane Plaza . \u00a0\u00bb Je serai blanchi. (\u2026) Je suis conscient que la m\u00e9diatisation de cette affaire vous est tr\u00e8s p\u00e9nible, je ferai tout pour pr\u00e9server le r\u00e9seau des attaques dont je suis la cible\u00a0\u00bb , a-t-il \u00e9crit dans un message envoy\u00e9 aux franchis\u00e9s du r\u00e9seau St\u00e9phane Plaza Immobilier. \u00c0 lire \u00e9galement St\u00e9phane Plaza condamn\u00e9 : un nouveau nom pour son r\u00e9seau immobilier vient d\u2019\u00eatre propos\u00e9<\/p>\n","protected":false},"excerpt":{"rendered":"Discret depuis sa condamnation en f\u00e9vrier dernier \u00e0 un an de prison avec sursis pour violences conjugales sur&hellip;\n","protected":false},"author":2,"featured_media":81501,"comment_status":"","ping_status":"","sticky":false,"template":"","format":"standard","meta":{"footnotes":""},"categories":[1359],"tags":[18893,58,59,1011,27,5413,973,7221,18892,7164],"class_list":{"0":"post-81500","1":"post","2":"type-post","3":"status-publish","4":"format-standard","5":"has-post-thumbnail","7":"category-people","8":"tag-compagnon-de-route","9":"tag-divertissement","10":"tag-entertainment","11":"tag-fr","12":"tag-france","13":"tag-karine-le-marchand","14":"tag-people","15":"tag-stephane-plaza","16":"tag-trafic-de-drogues","17":"tag-trafic-de-stupefiants"},"share_on_mastodon":{"url":"https:\/\/pubeurope.com\/@fr\/114465816713222609","error":""},"_links":{"self":[{"href":"https:\/\/www.europesays.com\/fr\/wp-json\/wp\/v2\/posts\/81500","targetHints":{"allow":["GET"]}}],"collection":[{"href":"https:\/\/www.europesays.com\/fr\/wp-json\/wp\/v2\/posts"}],"about":[{"href":"https:\/\/www.europesays.com\/fr\/wp-json\/wp\/v2\/types\/post"}],"author":[{"embeddable":true,"href":"https:\/\/www.europesays.com\/fr\/wp-json\/wp\/v2\/users\/2"}],"replies":[{"embeddable":true,"href":"https:\/\/www.europesays.com\/fr\/wp-json\/wp\/v2\/comments?post=81500"}],"version-history":[{"count":0,"href":"https:\/\/www.europesays.com\/fr\/wp-json\/wp\/v2\/posts\/81500\/revisions"}],"wp:featuredmedia":[{"embeddable":true,"href":"https:\/\/www.europesays.com\/fr\/wp-json\/wp\/v2\/media\/81501"}],"wp:attachment":[{"href":"https:\/\/www.europesays.com\/fr\/wp-json\/wp\/v2\/media?parent=81500"}],"wp:term":[{"taxonomy":"category","embeddable":true,"href":"https:\/\/www.europesays.com\/fr\/wp-json\/wp\/v2\/categories?post=81500"},{"taxonomy":"post_tag","embeddable":true,"href":"https:\/\/www.europesays.com\/fr\/wp-json\/wp\/v2\/tags?post=81500"}],"curies":[{"name":"wp","href":"https:\/\/api.w.org\/{rel}","templated":true}]}}