{"id":81506,"date":"2025-05-07T09:23:09","date_gmt":"2025-05-07T09:23:09","guid":{"rendered":"https:\/\/www.europesays.com\/fr\/81506\/"},"modified":"2025-05-07T09:23:09","modified_gmt":"2025-05-07T09:23:09","slug":"absent-du-jury-final-adrien-dement-avoir-abandonne-koh-lanta","status":"publish","type":"post","link":"https:\/\/www.europesays.com\/fr\/81506\/","title":{"rendered":"absent du jury final, Adrien d\u00e9ment avoir abandonn\u00e9 \u00abKoh-Lanta\u00bb"},"content":{"rendered":"<p>\u00c9limin\u00e9 lors du conseil du 23e jour du jeu d\u2019aventures de TF1, l\u2019Aixois de 24 ans aurait pu \u00eatre rep\u00each\u00e9 24 heures plus tard. Mais il a \u00e9t\u00e9 renvoy\u00e9 en France pour \u00abraison m\u00e9dicale\u00bb. Un motif que l\u2019int\u00e9ress\u00e9 conteste.<\/p>\n<p class=\"fig-paragraph\">Dans\u00a0<a href=\"https:\/\/tvmag.lefigaro.fr\/programme-tv\/programme\/koh-lanta-f1586033741\" target=\"_blank\" rel=\"noopener\" data-gtm-custom-categorie=\"navigation\" data-gtm-custom-action=\"crossclick\" data-gtm-custom-label=\"Contextuel\" data-gtm-event=\"customEventSPE\"><strong>\u00ab Koh-Lanta\u00a0\u00bb<\/strong><\/a>, un abandon m\u00e9dical permet au dernier candidat \u00e9limin\u00e9 de revenir dans l\u2019aventure. L\u2019automne dernier aux Philippines, dans le cadre du tournage de l\u2019\u00e9dition <strong>\u00ab La revanche des 4 terres\u00a0\u00bb<\/strong>, Medhi a ainsi pu profiter\u00a0<a href=\"https:\/\/tvmag.lefigaro.fr\/programme-tv\/tele-realite\/abandon-d-allan-dans-koh-lanta-ces-20-anciens-candidats-qui-meriteraient-une-seconde-chance-20250311?tblci=GiDGCpADP60zMCA5FKyc6RC8hUD9SLup3WJLaF8drJ34ayDwzEYondK95f_PuoQ9\" target=\"_blank\" data-fig-type=\"Article\" rel=\"noopener\" data-gtm-custom-categorie=\"navigation\" data-gtm-custom-action=\"crossclick\" data-gtm-custom-label=\"Contextuel\" data-gtm-event=\"customEventSPE\" data-fig-domain=\"TVMAG\">de la blessure d\u2019Allan<\/a>\u00a0pour r\u00e9int\u00e9grer le jeu. Quelques jours plus tard, c\u2019est\u00a0<a href=\"https:\/\/tvmag.lefigaro.fr\/programme-tv\/tele-realite\/une-douleur-fulgurante-frederic-de-koh-lanta-rapatrie-en-urgence-en-france-apres-sa-blessure-20250430?tblci=GiDGCpADP60zMCA5FKyc6RC8hUD9SLup3WJLaF8drJ34ayDwzEYondK95f_PuoQ9\" target=\"_blank\" data-fig-type=\"Article\" rel=\"noopener\" data-gtm-custom-categorie=\"navigation\" data-gtm-custom-action=\"crossclick\" data-gtm-custom-label=\"Contextuel\" data-gtm-event=\"customEventSPE\" data-fig-domain=\"TVMAG\">Fr\u00e9d\u00e9ric qui a \u00e9t\u00e9 contraint \u00e0 l\u2019abandon m\u00e9dical<\/a>\u00a0\u00e0 la suite du parcours du combattant.<\/p>\n<p class=\"fig-paragraph\">Si les aventuriers \u00e9limin\u00e9s avant la r\u00e9unification retournent en France quelques jours apr\u00e8s l\u2019extinction de leur flambeau par\u00a0<a href=\"http:\/\/tvmag.lefigaro.fr\/programme-tv\/tele-realite\/origines-secrets-de-fabrication-collection-de-denis-brogniart-la-belle-histoire-du-totem-de-koh-lanta-20250304\" target=\"_blank\" data-fig-type=\"Article\" rel=\"noopener\" data-gtm-custom-categorie=\"navigation\" data-gtm-custom-action=\"crossclick\" data-gtm-custom-label=\"Contextuel\" data-gtm-event=\"customEventSPE\" data-fig-domain=\"TVMAG\">Denis Brogniart<\/a>, ceux qui sortent \u00e0 partir de la r\u00e9unification ont toujours un r\u00f4le \u00e0 jouer. En marge de la comp\u00e9tition, ils rejoignent la r\u00e9sidence du jury final et pr\u00e9parent l\u2019ultime conseil du 40e jour o\u00f9 ils auront \u00e0 d\u00e9partager les deux finalistes de la saison.<\/p>\n<p>    Louise et Jessica dans la r\u00e9sidence du jury final de \u00ab Koh-Lanta, la revanche des 4 terres\u00a0\u00bb<br \/>\n                Capture \u00e9cran TF1<\/p>\n<p class=\"fig-body-link\">\n            \u00c0 lire aussi<br \/>\n        <a class=\"fig-body-link__link\" href=\"http:\/\/tvmag.lefigaro.fr\/programme-tv\/tele-realite\/qui-est-adrien-bernaert-le-phenomene-de-koh-lanta-la-revanche-des-4-terres-20250422\" target=\"_blank\" data-fig-type=\"Article\" rel=\"noopener\" data-gtm-custom-categorie=\"navigation\" data-gtm-custom-action=\"crossclick\" data-gtm-custom-label=\"Contextuel\" data-gtm-event=\"customEventSPE\" data-fig-domain=\"TVMAG\">Qui est Adrien Bernaert, alias \u00abBeber en gal\u00e8re\u00bb, le ph\u00e9nom\u00e8ne de \u00abKoh-Lanta, la revanche des 4 terres\u00bb<br \/>\n    <\/a>\n<\/p>\n<blockquote class=\"fig-quote&#10;    \">\n<p class=\"fig-quote__text\">\u00ab Le non-retour d\u2019Adrien dans le jeu ne rel\u00e8ve pas d\u2019une d\u00e9cision de la production mais du corps m\u00e9dical pr\u00e9sent sur le tournage\u00a0\u00bb<\/p>\n<p>            ALP, producteur de \u00ab Koh-Lanta\u00a0\u00bb\n    <\/p><\/blockquote>\n<p class=\"fig-paragraph\">Lorsque Fr\u00e9d\u00e9ric se blesse \u00e0 l\u2019\u00e9paule et doit \u00eatre rapatri\u00e9 en France pour y \u00eatre hospitalis\u00e9,\u00a0<a href=\"http:\/\/tvmag.lefigaro.fr\/programme-tv\/tele-realite\/je-vais-l-offrir-a-ma-mere-le-coup-de-bluff-savoureux-de-maxime-dans-koh-lanta-20250416\" target=\"_blank\" data-fig-type=\"Article\" rel=\"noopener\" data-gtm-custom-categorie=\"navigation\" data-gtm-custom-action=\"crossclick\" data-gtm-custom-label=\"Contextuel\" data-gtm-event=\"customEventSPE\" data-fig-domain=\"TVMAG\"><strong>Maxime<\/strong><\/a> \u00a0et Adrien sont les premiers membres du jury final. Le premier a \u00e9t\u00e9 sacrifi\u00e9 par les ambassadeurs durant le 22e jour de l\u2019aventure tandis que le second a \u00e9t\u00e9 sorti au terme du conseil du 23e jour. \u00ab Adrien ne reviendra pas pour raison m\u00e9dicale. Il ne participera pas non plus au jury final\u00a0\u00bb, a annonc\u00e9 Denis Brogniart aux candidats le matin du 25e jour avant de faire revenir Maxime.<\/p>\n<p class=\"fig-paragraph\">Pour l\u2019Aixois de 24 ans, ce probl\u00e8me m\u00e9dical soudain survenu dans les 24 heures qui ont suivi son \u00e9limination est d\u2019autant plus \u00e9tonnant que, depuis, il assure avoir eu l\u2019\u00e9nergie et la d\u00e9termination pour aller plus loin. Mardi, <strong>Adrien Bernaert<\/strong> a publi\u00e9 des vid\u00e9os sur ses r\u00e9seaux sociaux r\u00e9alis\u00e9es durant son voyage de retour des Philippines vers la France dans lesquelles il appara\u00eet en pleine forme.<\/p>\n<p>\u00ab Adrien, tu ne reviens pas dans le jeu\u00a0\u00bb<\/p>\n<p class=\"fig-paragraph\">\u00ab C\u2019est une d\u00e9cision de la production, j\u2019allais tr\u00e8s bien\u00a0\u00bb, a-t-il r\u00e9pondu \u00e0 ses nombreux abonn\u00e9s qui ont voulu en savoir davantage sur les raisons de son abandon m\u00e9dical. Que lui a dit la production pour justifier cette d\u00e9cision\u00a0? \u00ab Adrien, tu ne reviens pas dans le jeu\u00a0\u00bb, a racont\u00e9 l\u2019int\u00e9ress\u00e9 qui assure n\u2019avoir eu aucun probl\u00e8me de sant\u00e9 ni rien fait de particulier pour contrarier les \u00e9quipes d\u2019ALP.<\/p>\n<p class=\"fig-paragraph\">\u00ab Le non-retour d\u2019Adrien dans le jeu ne rel\u00e8ve pas d\u2019une d\u00e9cision de la production mais du corps m\u00e9dical pr\u00e9sent sur le tournage\u00a0\u00bb, nous a r\u00e9pondu la production de\u00a0<a href=\"http:\/\/tvmag.lefigaro.fr\/programme-tv\/tele-realite\/qui-est-jerome-salvatore-alias-crao-l-infatigable-ancien-militaire-de-koh-lanta-la-revanche-des-4-terres-20250429\" target=\"_blank\" data-fig-type=\"Article\" rel=\"noopener\" data-gtm-custom-categorie=\"navigation\" data-gtm-custom-action=\"crossclick\" data-gtm-custom-label=\"Contextuel\" data-gtm-event=\"customEventSPE\" data-fig-domain=\"TVMAG\">\u00ab Koh-Lanta\u00a0\u00bb<\/a>\u00a0sans davantage de pr\u00e9cisions.<\/p>\n<p>\u00a0\u00bb<br \/>\n        data-script=\u00a0\u00bbhttps:\/\/static.lefigaro.fr\/widget-video\/short-ttl\/video\/index.js\u00a0\u00bb<br \/>\n    &gt;<\/p>\n","protected":false},"excerpt":{"rendered":"\u00c9limin\u00e9 lors du conseil du 23e jour du jeu d\u2019aventures de TF1, l\u2019Aixois de 24 ans aurait pu&hellip;\n","protected":false},"author":2,"featured_media":81507,"comment_status":"","ping_status":"","sticky":false,"template":"","format":"standard","meta":{"footnotes":""},"categories":[1356],"tags":[685,687,689,681,58,683,59,1011,27,680,688,684,686,682,252,1364],"class_list":{"0":"post-81506","1":"post","2":"type-post","3":"status-publish","4":"format-standard","5":"has-post-thumbnail","7":"category-television","8":"tag-actu-tele-realite","9":"tag-actu-telerealite","10":"tag-candidat-tele-realite","11":"tag-denis-brogniart","12":"tag-divertissement","13":"tag-emission-tele-realite","14":"tag-entertainment","15":"tag-fr","16":"tag-france","17":"tag-koh-lanta","18":"tag-news-tele-realite","19":"tag-programme-tele-realite","20":"tag-scoop-telerealite","21":"tag-tele-realite","22":"tag-television","23":"tag-tv"},"share_on_mastodon":{"url":"https:\/\/pubeurope.com\/@fr\/114465826617545987","error":""},"_links":{"self":[{"href":"https:\/\/www.europesays.com\/fr\/wp-json\/wp\/v2\/posts\/81506","targetHints":{"allow":["GET"]}}],"collection":[{"href":"https:\/\/www.europesays.com\/fr\/wp-json\/wp\/v2\/posts"}],"about":[{"href":"https:\/\/www.europesays.com\/fr\/wp-json\/wp\/v2\/types\/post"}],"author":[{"embeddable":true,"href":"https:\/\/www.europesays.com\/fr\/wp-json\/wp\/v2\/users\/2"}],"replies":[{"embeddable":true,"href":"https:\/\/www.europesays.com\/fr\/wp-json\/wp\/v2\/comments?post=81506"}],"version-history":[{"count":0,"href":"https:\/\/www.europesays.com\/fr\/wp-json\/wp\/v2\/posts\/81506\/revisions"}],"wp:featuredmedia":[{"embeddable":true,"href":"https:\/\/www.europesays.com\/fr\/wp-json\/wp\/v2\/media\/81507"}],"wp:attachment":[{"href":"https:\/\/www.europesays.com\/fr\/wp-json\/wp\/v2\/media?parent=81506"}],"wp:term":[{"taxonomy":"category","embeddable":true,"href":"https:\/\/www.europesays.com\/fr\/wp-json\/wp\/v2\/categories?post=81506"},{"taxonomy":"post_tag","embeddable":true,"href":"https:\/\/www.europesays.com\/fr\/wp-json\/wp\/v2\/tags?post=81506"}],"curies":[{"name":"wp","href":"https:\/\/api.w.org\/{rel}","templated":true}]}}