{"id":81524,"date":"2025-05-07T09:33:09","date_gmt":"2025-05-07T09:33:09","guid":{"rendered":"https:\/\/www.europesays.com\/fr\/81524\/"},"modified":"2025-05-07T09:33:09","modified_gmt":"2025-05-07T09:33:09","slug":"des-deputes-lfi-du-rhone-votent-contre-la-resolution-a-lassemblee-nationale","status":"publish","type":"post","link":"https:\/\/www.europesays.com\/fr\/81524\/","title":{"rendered":"des d\u00e9put\u00e9s LFI du Rh\u00f4ne votent contre la r\u00e9solution \u00e0 l&rsquo;Assembl\u00e9e nationale"},"content":{"rendered":"<p>Lib\u00e9ration de Boualem Sansal : deux d\u00e9put\u00e9s LFI du Rh\u00f4ne votent contre la r\u00e9solution \u00e0 l&rsquo;Assembl\u00e9e nationale<\/p>\n<p itemprop=\"description\"><strong>Ce lundi, l&rsquo;Assembl\u00e9e nationale a adopt\u00e9 la proposition de r\u00e9solution europ\u00e9enne appelant \u00e0 la lib\u00e9ration \u00ab\u00a0imm\u00e9diate et inconditionnelle\u00a0\u00bb de Boualem Sansal.<\/strong><\/p>\n<p>L&rsquo;\u00e9crivain franco-alg\u00e9rien est incarc\u00e9r\u00e9 en Alg\u00e9rie depuis mi-novembre apr\u00e8s son arrestation arbitraire.<\/p>\n<p>Mais si le texte a \u00e9t\u00e9 approuv\u00e9 largement gr\u00e2ce \u00e0 307 votes \u00ab\u00a0pour\u00a0\u00bb, 28 voix \u00ab\u00a0contre\u00a0\u00bb ont d\u00e9clench\u00e9 les sifflets au sein de l&rsquo;h\u00e9micycle.<\/p>\n<p>Ils sont tous issus du groupe de la France insoumise. Et parmi ces 28 votants dont quelques figures du parti comme Manuel Bompard, Mathilde Panot ou Andy Kerbrat, on retrouvait deux d\u00e9put\u00e9s LFI du Rh\u00f4ne : <a href=\"https:\/\/www.lyonmag.com\/profil-personnalite-lyonnaise\/707\/gabriel-amard\" target=\"_blank\" rel=\"noopener\">Gabriel Amard<\/a> et <a href=\"https:\/\/www.lyonmag.com\/profil-personnalite-lyonnaise\/705\/idir-boumertit\" target=\"_blank\" rel=\"noopener\">Idir Boumertit<\/a>.<\/p>\n<p>\u00ab\u00a0En votant contre la r\u00e9solution adopt\u00e9e par l\u2019assembl\u00e9e nationale demandant la lib\u00e9ration de Boualem Sansal, LFI sombre une fois de plus dans l\u2019indignit\u00e9 et le d\u00e9shonneur. Honte\u00a0\u00bb, a r\u00e9agi Bruno Retailleau, ministre de l&rsquo;Int\u00e9rieur.<\/p>\n<p>D&rsquo;autres d\u00e9put\u00e9s du Rh\u00f4ne ont particip\u00e9 au scrutin et ont permis l&rsquo;adoption de la r\u00e9solution :\u00a0 Tiffany Joncour et Jonathan Gery (RN), Jean-Luc Fugit (Renaissance), Sandrine Runel (PS), Alexandre Portier (LR), Boris Tavernier (Les Ecologistes) et Cyrille Isaac-Sibille (MoDem).<\/p>\n<p>En janvier dernier d\u00e9j\u00e0, le vote \u00ab\u00a0contre\u00a0\u00bb de Rima Hassan et l&rsquo;abstention de Manon Aubry lors du vote au Parlement europ\u00e9en d&rsquo;une m\u00eame r\u00e9solution appelant \u00e0 la lib\u00e9ration de Boualem Sansal avait fait pol\u00e9mique, notamment au sein de la gauche.<\/p>\n<p>Rima Hassan avait alors d\u00e9clar\u00e9 \u00ab\u00a0s\u2019opposer \u00e0 l\u2019instrumentalisation qui est faite\u00a0\u00bb du cas de l&rsquo;\u00e9crivain par la droite et l&rsquo;extr\u00eame-droite.<\/p>\n","protected":false},"excerpt":{"rendered":"Lib\u00e9ration de Boualem Sansal : deux d\u00e9put\u00e9s LFI du Rh\u00f4ne votent contre la r\u00e9solution \u00e0 l&rsquo;Assembl\u00e9e nationale Ce&hellip;\n","protected":false},"author":2,"featured_media":81525,"comment_status":"","ping_status":"","sticky":false,"template":"","format":"standard","meta":{"footnotes":""},"categories":[4],"tags":[1111,11,2813,2190,1109,251,1112,2811,118,1011,27,1922,1110,1114,2428,2810,12,241,316,25,2812,517,800],"class_list":{"0":"post-81524","1":"post","2":"type-post","3":"status-publish","4":"format-standard","5":"has-post-thumbnail","7":"category-france","8":"tag-actu","9":"tag-actualites","10":"tag-article","11":"tag-asvel","12":"tag-breves","13":"tag-culture","14":"tag-depeches","15":"tag-economique","16":"tag-faits-divers","17":"tag-fr","18":"tag-france","19":"tag-info","20":"tag-informations","21":"tag-infos","22":"tag-lyon","23":"tag-lyonmag","24":"tag-news","25":"tag-ol","26":"tag-politique","27":"tag-republique-francaise","28":"tag-sociale","29":"tag-sport","30":"tag-transports"},"share_on_mastodon":{"url":"https:\/\/pubeurope.com\/@fr\/114465865988550245","error":""},"_links":{"self":[{"href":"https:\/\/www.europesays.com\/fr\/wp-json\/wp\/v2\/posts\/81524","targetHints":{"allow":["GET"]}}],"collection":[{"href":"https:\/\/www.europesays.com\/fr\/wp-json\/wp\/v2\/posts"}],"about":[{"href":"https:\/\/www.europesays.com\/fr\/wp-json\/wp\/v2\/types\/post"}],"author":[{"embeddable":true,"href":"https:\/\/www.europesays.com\/fr\/wp-json\/wp\/v2\/users\/2"}],"replies":[{"embeddable":true,"href":"https:\/\/www.europesays.com\/fr\/wp-json\/wp\/v2\/comments?post=81524"}],"version-history":[{"count":0,"href":"https:\/\/www.europesays.com\/fr\/wp-json\/wp\/v2\/posts\/81524\/revisions"}],"wp:featuredmedia":[{"embeddable":true,"href":"https:\/\/www.europesays.com\/fr\/wp-json\/wp\/v2\/media\/81525"}],"wp:attachment":[{"href":"https:\/\/www.europesays.com\/fr\/wp-json\/wp\/v2\/media?parent=81524"}],"wp:term":[{"taxonomy":"category","embeddable":true,"href":"https:\/\/www.europesays.com\/fr\/wp-json\/wp\/v2\/categories?post=81524"},{"taxonomy":"post_tag","embeddable":true,"href":"https:\/\/www.europesays.com\/fr\/wp-json\/wp\/v2\/tags?post=81524"}],"curies":[{"name":"wp","href":"https:\/\/api.w.org\/{rel}","templated":true}]}}