{"id":81528,"date":"2025-05-07T09:35:12","date_gmt":"2025-05-07T09:35:12","guid":{"rendered":"https:\/\/www.europesays.com\/fr\/81528\/"},"modified":"2025-05-07T09:35:12","modified_gmt":"2025-05-07T09:35:12","slug":"municipales-2026-a-saint-etienne-la-gauche-plurielle-oui-mais-faute-daccord-a-ce-stade","status":"publish","type":"post","link":"https:\/\/www.europesays.com\/fr\/81528\/","title":{"rendered":"Municipales 2026\u00a0: \u00e0 Saint-Etienne, la gauche plurielle oui mais faute d\u2019accord \u00e0 ce stade"},"content":{"rendered":"<p class=\"is-style-chapo\">Un premier communiqu\u00e9 des communistes, dat\u00e9 d\u2019il y a 10 jours, avait fait comprendre que l\u2019entente, \u00e0 gauche, \u00e9tait encore loin d\u2019\u00eatre acquise. Le PS a encha\u00een\u00e9 avec une proposition de primaires pour d\u00e9signer t\u00eate de liste et priorit\u00e9s de programme. LFI et la plupart des \u00e9cologistes n\u2019en veulent pas tout en manifestant, \u00e0 leur tour, dans un communiqu\u00e9 commun qui associe le collectif \u00ab\u00a0Saint\u00e9 Populaire\u00a0\u00bb leur volont\u00e9 de \u00ab\u00a0construire l\u2019union\u00a0\u00bb et de gagner \u00ab\u00a0ensemble\u00a0\u00bb. Future t\u00eate de liste d\u2019une union ou pas, les socialistes annonceront, eux, leur cheffe ou chef de file le 21 mai.<\/p>\n<p><img fetchpriority=\"high\" decoding=\"async\" width=\"1024\" height=\"576\" src=\"https:\/\/www.europesays.com\/fr\/wp-content\/uploads\/2025\/04\/20230530_122043h-1024x576.jpg\" alt=\"La mairie de Saint-Etienne. \u00a9If Saint-Etienne \/ Xavier Alix\" class=\"wp-image-76583\"  \/>La gauche parviendra t-elle \u00e0 s\u2019unir ? A dix mois des Municipales 2026, il lui reste cependant du temps. \u00a9If Saint-Etienne \/ Xavier Alix<\/p>\n<p>\u00ab\u00a0Non, non, il ne s\u2019agit pas d\u2019une rupture. Mais oui, c\u2019est vrai qu\u2019il y a ce point d\u2019achoppement entre nous et le PS pour d\u00e9signer la t\u00eate de liste\u00a0\u00bb, reconna\u00eet Olivier Longeon, \u00e9lu d\u2019opposition EELV, contact\u00e9 lundi par If Saint-Etienne \u00e0 la suite de ce communiqu\u00e9 commun publi\u00e9 avec LFI et le collectif de gauche \u00ab\u00a0<a href=\"https:\/\/www.google.com\/url?sa=t&amp;source=web&amp;rct=j&amp;opi=89978449&amp;url=https:\/\/www.facebook.com\/people\/Saint%25C3%25A9-Populaire\/61563283078508\/&amp;ved=2ahUKEwjw8dvEgpGNAxWIUqQEHUnJLl4QFnoECCIQAQ&amp;usg=AOvVaw1pcc8nJ4orolSC3JbKMix3\" target=\"_blank\" rel=\"noreferrer noopener\">Saint\u00e9 Populaire<\/a>\u00a0\u00bb. Qui pour conduire l\u2019attelage d\u2019une gauche plurielle comme jamais ? Qui plus est dans un contexte de tensions extr\u00eames au niveau national entre LFI et le PS ? Cela ne doit pas \u00eatre le sujet \u00e0 ce stade, pas encore, nous glisse Olivier Longeon en coh\u00e9rence avec le ton du communiqu\u00e9 tomb\u00e9 lundi juste avant\u2026 une nouvelle r\u00e9union de l\u2019ensemble des forces de gauche. S\u00fbrement pas par co\u00efncidence donc apr\u00e8s celui du PC il y a dix jours, donnant les premi\u00e8res indications d\u2019un pi\u00e9tinement autour de la mise en \u0153uvre de cette union, puis celui du PS assumant sa volont\u00e9 de faire sortir de ses rangs le nouveau maire de Saint-Etienne.<\/p>\n<p>Dans leur communiqu\u00e9, les socialistes proposaient il y a une semaine de trancher au sujet de la t\u00eate de liste via des <a href=\"https:\/\/www.if-saint-etienne.fr\/politique-societe\/municipales-a-saint-etienne-vers-une-primaire-a-gauche\" target=\"_blank\" rel=\"noreferrer noopener\">primaires<\/a> citoyennes locales assorties, aussi, d\u2019autres votes, sp\u00e9cifiques eux, aux priorisations des th\u00e9matiques de programme. L\u2019id\u00e9e devait officiellement \u00eatre soumise \u00e0 leurs \u00e9ventuels futurs partenaires lors d\u2019une nouvelle r\u00e9union donc lundi 5 mai. La publication commune \u00e0 LFI, EELV et Saint\u00e9 Populaire\u00a0manifestant leur d\u00e9termination \u00e0 faire bloc n\u2019\u00e9voque ni la question de la t\u00eate de liste, ni ne cite une seule fois le PS, ou m\u00eame le PC, pour ne parler que d\u2019intentions et pistes (lire encadr\u00e9 ci-dessous). Pas un hasard non plus\u2026 On savait d\u00e9j\u00e0 que les Insoumis et Saint\u00e9 Populaire n\u2019\u00e9taient pas favorables \u00e0 des primaires, comme nous l\u2019a confirm\u00e9 lundi Olivier Longeon. Et les \u00e9cologistes\u00a0? \u00ab\u00a0Personnellement, non, comme la plupart d\u2019entre nous. Avant tout, je pense, parce que l\u2019exp\u00e9rience montre que les primaires sont syst\u00e9matiquement source de conflits dommageables pour la suite. Mais certains sont pour.\u00a0Donc, je ne peux donner une position au nom de tous. \u00bb<\/p>\n<p>Achoppements sur le programme aussi<\/p>\n<p>Selon Johann Cesa, premier secr\u00e9taire f\u00e9d\u00e9ral du PS Loire avec qui nous avons \u00e9chang\u00e9 mardi soir, la proposition de primaires a \u00e9t\u00e9 refus\u00e9e par leurs potentiels partenaires lundi. A son grand \u00e9tonnement\u00a0: \u00ab\u00a0Nous pensons qu\u2019une grande consultation citoyenne peut lancer une dynamique autour d\u2019une union, surtout qu\u2019il s\u2019agit de soumettre aussi, des id\u00e9es de programme, tout en arbitrant le d\u00e9bat d\u00e9finitivement sur la t\u00eate de liste. Plut\u00f4t que d\u2019en appeler aux citoyens sympathisants, on nous r\u00e9pond qu\u2019il est pr\u00e9f\u00e9rable de trancher entre partis et collectif et aussi que \u00ab\u00a0le PS en sortirait forc\u00e9ment vainqueurs\u00a0\u00bb\u2026 Donc il ne faut pas le faire\u00a0? Malgr\u00e9 ce communiqu\u00e9 de Saint\u00e9 Populaire, LFI et EELV, nous en sommes tous et toujours au m\u00eame stade. Ils n\u2019avancent pas davantage de leur c\u00f4t\u00e9, y compris sur le programme, ne serait-ce que sur le sujet <a href=\"https:\/\/www.if-saint-etienne.fr\/politique-societe\/zfe-stephanoise-ce-qui-va-changer-pour-les-professionnels-au-1er-janvier\" target=\"_blank\" rel=\"noreferrer noopener\">ZFE<\/a> par exemple (et sur les transports en commun, le PS voudrait la gratuit\u00e9, pas EELV qui estime que les investissements de d\u00e9veloppement l\u2019emp\u00eachent, Ndlr).\u00a0\u00bb<\/p>\n<p>Qu\u2019il soit au final, le ou la candidate d\u2019une union, les socialistes annonceront en tout cas leur num\u00e9ro 1 le 21 mai, nous pr\u00e9cise Johann Cesa. Mais EELV y tient aussi, Olivier Longeon faisant remarquer que le PS a eu sa \u00ab\u00a0circo\u00a0\u00bb aux L\u00e9gislatives 2024. \u00ab\u00a0On nous r\u00e9torque comme argument le poids \u00e9lectoral aux derni\u00e8res \u00e9lections municipales. Si on veut aller sur ce terrain des r\u00e9sultats aux \u00e9lections locales, on est tous premiers sur l\u2019une ou sur l\u2019autre ces derni\u00e8res ann\u00e9es, nous sur les R\u00e9gionales.\u00a0\u00bb Reste qu\u2019\u00e0 dix mois du scrutin, il y a encore du temps, du c\u00f4t\u00e9 de la gauche st\u00e9phanoise pour s\u2019entendre, s\u2019embrouiller, se r\u00e9entendre, voire se (r\u00e9) embrouiller. Sans compter l\u2019\u00e9ventuel impact de la sc\u00e8ne politique nationale sur une localit\u00e9 comme Saint-Etienne. En 2020, la fusion des liste PS et apparent\u00e9s \/ communistes avec celle des \u00e9cologistes n\u2019\u00e9tait arriv\u00e9e qu\u2019\u00e0 l\u2019issue du 2e tour.<\/p>\n<p>Plus parlant si on regarde du c\u00f4t\u00e9 de la droite et un peu plus loin encore dans le r\u00e9troviseur\u00a0: pour les Municipales 2014, Ga\u00ebl Perdriau s\u2019\u00e9tait d\u00e9clar\u00e9 officiellement tr\u00e8s t\u00f4t, d\u00e8s mars 2013, saisissant le leadership c\u00f4t\u00e9 UMP d\u2019une mani\u00e8re alors relativement surprenante\u00a0: la majeure partie de son\u00a0mandat 2008 \/ 2014 dans l\u2019opposition ne l\u2019avait pas sp\u00e9cialement, au moins publiquement, d\u00e9sign\u00e9 comme l\u2019\u00e9vident num\u00e9ro 1. La concurrence dans son propre camp, c\u2019est-\u00e0-dire centre droit incarn\u00e9e par le ticket Ziegler \/ Artigues \u00e9tait, elle, fermement partie en campagne, de juillet \u00e0 novembre. Avant de finalement c\u00e9der \u00e0 sa banni\u00e8re commune. L\u00e0, on conna\u00eet bien la suite. \u00a0<\/p>\n<p>Les intentions donn\u00e9es par LFI \/ EELV \/ Saint\u00e9 Populaire<\/p>\n<p>\u00ab\u00a0Quelques directions, non exhaustives, peuvent d\u2019ores et d\u00e9j\u00e0 \u00eatre annonc\u00e9es\u00a0\u00bb, disait le communiqu\u00e9, lundi commun \u00e0 LFI \/ EELV \/ Saint\u00e9 populaire. Les voici : <\/p>\n<ul class=\"wp-block-list\">\n<li>\u00ab\u00a0R\u00e9inventer la d\u00e9mocratie locale et rendre possible la participation de tout\u00b7es les St\u00e9phanoises et St\u00e9phanois aux d\u00e9cisions pour leur ville. Les agent\u00b7es de la Mairie doivent retrouver respect et consid\u00e9ration dans leur travail au service des citoyen\u00b7nes. Il faut aussi r\u00e9tablir des relations apais\u00e9es entre la mairie, la m\u00e9tropole et leurs partenaires. Saint-\u00c9tienne doit \u00eatre en capacit\u00e9 de jouer tout son r\u00f4le pour d\u00e9velopper la m\u00e9tropole de demain.\u00a0\u00bb<\/li>\n<li>\u00ab\u00a0Saint-\u00c9tienne doit renforcer les services publics (\u00e9ducation, sant\u00e9, culture, sport, s\u00e9curit\u00e9s quotidiennes\u2026), faciliter leur plein acc\u00e8s dans tous les quartiers sans discrimination, am\u00e9liorer leur qualit\u00e9 et lutter contre le non-recours aux droits.\u00a0\u00bb<\/li>\n<li>\u00ab\u00a0Saint-\u00c9tienne doit am\u00e9liorer l\u2019accessibilit\u00e9 de tous ses territoires, quel que soit l\u2019\u00e2ge et la condition physique de chacun\u00b7e : une augmentation significative de l\u2019amplitude et de la fr\u00e9quence des transports en commun, des voies pour les modes de d\u00e9placement actifs, des espaces pi\u00e9tons ou encore des espaces verts diffus et de proximit\u00e9 permettront de rendre plus agr\u00e9able et s\u00e9curis\u00e9e la mobilit\u00e9 de toutes et tous.\u00a0\u00bb<\/li>\n<li>\u00ab\u00a0Le droit \u00e0 un logement digne est primordial et nous lutterons activement contre toutes les formes de mal-logement (sans-abrisme, insalubrit\u00e9, pr\u00e9carit\u00e9 \u00e9nerg\u00e9tique, etc.) et contre la sp\u00e9culation immobili\u00e8re.\u00a0\u00bb<\/li>\n<\/ul>\n<p>\u00ab\u00a0Nous lutterons contre toutes les formes de discrimination et de racisme, et nous ferons de la justice environnementale et de la sant\u00e9 globale (pollutions, sant\u00e9 humaine et animale\u2026) des boussoles de notre action. Ce travail commun de construction, d\u2019\u00e9laboration d\u2019un projet pour Saint-\u00c9tienne doit \u00eatre men\u00e9 en totale transparence afin d\u2019offrir \u00e0 chacun et chacune le pouvoir d\u2019y participer. Les constituants de l\u2019alternance seront collectivement d\u00e9finis avec le d\u00e9sir de cr\u00e9er une nouvelle \u00e9quipe s\u2019appuyant sur une gouvernance repens\u00e9e. Saint\u00e9 Populaire, les \u00c9cologistes et la France Insoumise appellent toutes les forces de progr\u00e8s et de gauche \u00e0 les rejoindre et gagner ensemble pour construire l\u2019avenir de Saint-\u00c9tienne jusqu\u2019en 2032 et au- del\u00e0.\u00a0\u00bb<\/p>\n","protected":false},"excerpt":{"rendered":"Un premier communiqu\u00e9 des communistes, dat\u00e9 d\u2019il y a 10 jours, avait fait comprendre que l\u2019entente, \u00e0 gauche,&hellip;\n","protected":false},"author":2,"featured_media":61463,"comment_status":"","ping_status":"","sticky":false,"template":"","format":"standard","meta":{"footnotes":""},"categories":[9653],"tags":[1111,11,2430,18895,2286,2761,18896,1777,674,1011,27,18897,3434,18898,12,18899,25,4001,15880],"class_list":{"0":"post-81528","1":"post","2":"type-post","3":"status-publish","4":"format-standard","5":"has-post-thumbnail","7":"category-saint-etienne","8":"tag-actu","9":"tag-actualites","10":"tag-auvergne-rhone-alpes","11":"tag-discussif","12":"tag-eelv","13":"tag-elections-municipales-2026","14":"tag-elus-saint-etienne","15":"tag-eu","16":"tag-europe","17":"tag-fr","18":"tag-france","19":"tag-lfi-loire","20":"tag-municipales-2026","21":"tag-municipales-saint-etienne","22":"tag-news","23":"tag-parti-socialiste-loire","24":"tag-republique-francaise","25":"tag-saint-etienne","26":"tag-ville-de-saint-etienne"},"share_on_mastodon":{"url":"https:\/\/pubeurope.com\/@fr\/114465873962830918","error":""},"_links":{"self":[{"href":"https:\/\/www.europesays.com\/fr\/wp-json\/wp\/v2\/posts\/81528","targetHints":{"allow":["GET"]}}],"collection":[{"href":"https:\/\/www.europesays.com\/fr\/wp-json\/wp\/v2\/posts"}],"about":[{"href":"https:\/\/www.europesays.com\/fr\/wp-json\/wp\/v2\/types\/post"}],"author":[{"embeddable":true,"href":"https:\/\/www.europesays.com\/fr\/wp-json\/wp\/v2\/users\/2"}],"replies":[{"embeddable":true,"href":"https:\/\/www.europesays.com\/fr\/wp-json\/wp\/v2\/comments?post=81528"}],"version-history":[{"count":0,"href":"https:\/\/www.europesays.com\/fr\/wp-json\/wp\/v2\/posts\/81528\/revisions"}],"wp:featuredmedia":[{"embeddable":true,"href":"https:\/\/www.europesays.com\/fr\/wp-json\/wp\/v2\/media\/61463"}],"wp:attachment":[{"href":"https:\/\/www.europesays.com\/fr\/wp-json\/wp\/v2\/media?parent=81528"}],"wp:term":[{"taxonomy":"category","embeddable":true,"href":"https:\/\/www.europesays.com\/fr\/wp-json\/wp\/v2\/categories?post=81528"},{"taxonomy":"post_tag","embeddable":true,"href":"https:\/\/www.europesays.com\/fr\/wp-json\/wp\/v2\/tags?post=81528"}],"curies":[{"name":"wp","href":"https:\/\/api.w.org\/{rel}","templated":true}]}}