{"id":81531,"date":"2025-05-07T09:37:10","date_gmt":"2025-05-07T09:37:10","guid":{"rendered":"https:\/\/www.europesays.com\/fr\/81531\/"},"modified":"2025-05-07T09:37:10","modified_gmt":"2025-05-07T09:37:10","slug":"nomeny-une-chouette-hulotte-tombee-du-nid-sauvee-et-confiee-a-la-lpo","status":"publish","type":"post","link":"https:\/\/www.europesays.com\/fr\/81531\/","title":{"rendered":"Nomeny. Une chouette hulotte tomb\u00e9e du nid sauv\u00e9e et confi\u00e9e \u00e0 la LPO"},"content":{"rendered":"<p>Il y a quelques jours, le g\u00e9n\u00e9ral Mentr\u00e9, toujours attentif au spectacle de la nature, a remarqu\u00e9 une petite chouette prostr\u00e9e sous un banc, \u00e0 proximit\u00e9 de sa propri\u00e9t\u00e9.<\/p>\n<p>Ne sachant que faire, il a lanc\u00e9 un appel sur un r\u00e9seau social, auquel a r\u00e9pondu une habitante de la rue de la R\u00e2perie. Elle est venue r\u00e9cup\u00e9rer l\u2019animal.<\/p>\n<p>  Transport\u00e9e \u00e0 la clinique Jeanne d\u2019Arc \u00e0 Nancy<\/p>\n<p>Il s\u2019agit d\u2019une tr\u00e8s jeune chouette apparemment en bonne sant\u00e9, un b\u00e9b\u00e9 aventureux sorti trop t\u00f4t du nid.<\/p>\n<p>Mais il n\u2019est gu\u00e8re ais\u00e9 de prendre en charge un tel animal. Apr\u00e8s quelques recherches, la chouette a \u00e9t\u00e9 transport\u00e9e \u00e0 la clinique Jeanne d\u2019Arc \u00e0 Nancy, un cabinet v\u00e9t\u00e9rinaire qui s\u2019occupe des animaux sauvages en d\u00e9tresse. L\u2019oiseau a \u00e9t\u00e9 identifi\u00e9 comme \u00e9tant une tr\u00e8s jeune chouette hulotte et apr\u00e8s avoir pass\u00e9 la nuit aupr\u00e8s des v\u00e9t\u00e9rinaires, il a \u00e9t\u00e9 dirig\u00e9 vers la LPO (Ligue de Protection des Oiseaux) qui va la remettre sur pied.<\/p>\n<p>  Des soins sp\u00e9cifiques<\/p>\n<p>Lorsqu\u2019on trouve un hibou ou une chouette, il ne faut surtout pas le nourrir et ne l\u2019abreuver seulement qu\u2019avec quelques gouttes d\u2019eau dans une seringue. Il faut savoir que remettre un oiseau trouv\u00e9 \u00e0 la clinique Jeanne d\u2019Arc \u00e0 Nancy, \u00e0 la LPO ou au CSFL n\u2019occasionne pas de frais. Juste le bonheur de peut-\u00eatre avoir sauv\u00e9 la vie d\u2019un bel animal par ailleurs tr\u00e8s utile.<\/p>\n<p class=\"note\">On peut contacter le Centre de Sauvegarde de la Faune Lorraine qui r\u00e9pond 7 jours sur 7 au 09\u00a070\u00a057\u00a030\u00a030<\/p>\n","protected":false},"excerpt":{"rendered":"Il y a quelques jours, le g\u00e9n\u00e9ral Mentr\u00e9, toujours attentif au spectacle de la nature, a remarqu\u00e9 une&hellip;\n","protected":false},"author":2,"featured_media":81532,"comment_status":"","ping_status":"","sticky":false,"template":"","format":"standard","meta":{"footnotes":""},"categories":[9635],"tags":[1111,11,17110,1706,1777,674,1011,27,775,1757,1702,12,17109,25],"class_list":{"0":"post-81531","1":"post","2":"type-post","3":"status-publish","4":"format-standard","5":"has-post-thumbnail","7":"category-nancy","8":"tag-actu","9":"tag-actualites","10":"tag-cc-de-seille-et-grand-couronne-54c","11":"tag-edition-pont-a-mousson","12":"tag-eu","13":"tag-europe","14":"tag-fr","15":"tag-france","16":"tag-grand-est","17":"tag-insolite","18":"tag-nancy","19":"tag-news","20":"tag-nomeny","21":"tag-republique-francaise"},"share_on_mastodon":{"url":"https:\/\/pubeurope.com\/@fr\/114465881792634174","error":""},"_links":{"self":[{"href":"https:\/\/www.europesays.com\/fr\/wp-json\/wp\/v2\/posts\/81531","targetHints":{"allow":["GET"]}}],"collection":[{"href":"https:\/\/www.europesays.com\/fr\/wp-json\/wp\/v2\/posts"}],"about":[{"href":"https:\/\/www.europesays.com\/fr\/wp-json\/wp\/v2\/types\/post"}],"author":[{"embeddable":true,"href":"https:\/\/www.europesays.com\/fr\/wp-json\/wp\/v2\/users\/2"}],"replies":[{"embeddable":true,"href":"https:\/\/www.europesays.com\/fr\/wp-json\/wp\/v2\/comments?post=81531"}],"version-history":[{"count":0,"href":"https:\/\/www.europesays.com\/fr\/wp-json\/wp\/v2\/posts\/81531\/revisions"}],"wp:featuredmedia":[{"embeddable":true,"href":"https:\/\/www.europesays.com\/fr\/wp-json\/wp\/v2\/media\/81532"}],"wp:attachment":[{"href":"https:\/\/www.europesays.com\/fr\/wp-json\/wp\/v2\/media?parent=81531"}],"wp:term":[{"taxonomy":"category","embeddable":true,"href":"https:\/\/www.europesays.com\/fr\/wp-json\/wp\/v2\/categories?post=81531"},{"taxonomy":"post_tag","embeddable":true,"href":"https:\/\/www.europesays.com\/fr\/wp-json\/wp\/v2\/tags?post=81531"}],"curies":[{"name":"wp","href":"https:\/\/api.w.org\/{rel}","templated":true}]}}