{"id":815367,"date":"2026-03-21T23:16:20","date_gmt":"2026-03-21T23:16:20","guid":{"rendered":"https:\/\/www.europesays.com\/fr\/815367\/"},"modified":"2026-03-21T23:16:20","modified_gmt":"2026-03-21T23:16:20","slug":"lhomme-qui-avait-enquete-sur-les-liens-entre-la-russe-et-trump-est-decede","status":"publish","type":"post","link":"https:\/\/www.europesays.com\/fr\/815367\/","title":{"rendered":"L&rsquo;homme qui avait enqu\u00eat\u00e9 sur les liens entre la Russe et Trump est d\u00e9c\u00e9d\u00e9"},"content":{"rendered":"<p>Robert S. Mueller III, le directeur du FBI qui a transform\u00e9 la principale agence de police du pays en une force de lutte contre le terrorisme apr\u00e8s les attentats du 11\u00a0septembre\u00a02001 et qui est ensuite devenu procureur extraordinaire charg\u00e9 d\u2019enqu\u00eater sur les liens entre la Russie et l\u2019organisation \u00e9lectorale de Donald Trump, est d\u00e9c\u00e9d\u00e9. Il \u00e9tait \u00e2g\u00e9 de 81\u00a0ans.<\/p>\n<p>Au FBI, Mueller s\u2019est attel\u00e9 presque imm\u00e9diatement \u00e0 la refonte de la mission du Bureau afin de r\u00e9pondre aux besoins en mati\u00e8re d\u2019application de la loi au XXIe si\u00e8cle. Il a entam\u00e9 son mandat de 12\u00a0ans une semaine seulement avant les attentats du 11\u00a0septembre et a servi sous les pr\u00e9sidents des deux partis politiques. Il avait \u00e9t\u00e9 nomm\u00e9 par le pr\u00e9sident r\u00e9publicain George W. Bush.<\/p>\n<p>Cet \u00e9v\u00e9nement cataclysmique a instantan\u00e9ment fait passer la priorit\u00e9 absolue du Bureau de la r\u00e9solution des crimes nationaux \u00e0 la pr\u00e9vention du terrorisme, un changement qui a impos\u00e9 une norme presque impossible \u00e0 atteindre pour Mueller et le reste du gouvernement am\u00e9ricain\u00a0: emp\u00eacher 99\u00a0complots terroristes sur 100\u00a0n\u2019\u00e9tait pas suffisant.<\/p>\n<p>Plus tard, il a \u00e9t\u00e9 procureur extraordinaire dans le cadre de l\u2019enqu\u00eate du minist\u00e8re de la Justice visant \u00e0 d\u00e9terminer si l\u2019\u00e9quipe de campagne de Donald Trump s\u2019\u00e9tait ill\u00e9galement coordonn\u00e9e avec la Russie pour influencer l\u2019issue de la course \u00e0 la pr\u00e9sidence de 2016.<\/p>\n<p>M.\u00a0Trump a fait preuve de son manque de classe en commentant le d\u00e9c\u00e8s de M.\u00a0Mueller. \u00abRobert Mueller vient de mourir. Tant mieux, je suis content qu\u2019il soit mort. Il ne peut plus faire de mal \u00e0 des innocents!\u00bb<\/p>\n<p>Le FBI n\u2019a pas imm\u00e9diatement r\u00e9pondu \u00e0 une demande de commentaires.<\/p>\n<p><b>Une seconde carri\u00e8re<\/b><\/p>\n<p>Deuxi\u00e8me directeur ayant dirig\u00e9 le plus longtemps le FBI, derri\u00e8re J. Edgar Hoover, M.\u00a0Mueller a occup\u00e9 ce poste jusqu\u2019en 2013 apr\u00e8s avoir accept\u00e9 la demande du pr\u00e9sident d\u00e9mocrate Barack Obama de rester en fonction m\u00eame apr\u00e8s l\u2019expiration de son mandat de dix ans. <\/p>\n<p>Apr\u00e8s plusieurs ann\u00e9es dans le priv\u00e9, M.\u00a0Mueller a \u00e9t\u00e9 invit\u00e9 par le procureur g\u00e9n\u00e9ral adjoint Rod Rosenstein \u00e0 revenir dans la fonction publique \u00e0 titre de pocureur extraordinaire dans le cadre de l\u2019enqu\u00eate sur les liens entre Trump et la Russie.<\/p>\n<p>Le visage s\u00e9v\u00e8re et le comportement taciturne de Robert Mueller refl\u00e9taient le s\u00e9rieux de la t\u00e2che alors que son \u00e9quipe passait pr\u00e8s de deux ans \u00e0 mener discr\u00e8tement l\u2019une des enqu\u00eates les plus importantes, mais aussi les plus controvers\u00e9es, de l\u2019histoire du minist\u00e8re de la Justice. Il n\u2019a tenu aucune conf\u00e9rence de presse et n\u2019a fait aucune apparition publique pendant l\u2019enqu\u00eate, restant silencieux malgr\u00e9 les attaques de Donald Trump et de ses partisans et cr\u00e9ant une aura de myst\u00e8re autour de son travail.<\/p>\n<p>Au total, M.\u00a0Mueller a engag\u00e9 des poursuites p\u00e9nales contre six collaborateurs du pr\u00e9sident, dont son directeur de campagne et son premier conseiller \u00e0 la s\u00e9curit\u00e9 nationale.<\/p>\n<p>Son rapport de 448\u00a0pages, publi\u00e9 en avril\u00a02019, a mis en \u00e9vidence des contacts substantiels entre l\u2019\u00e9quipe de campagne de M.\u00a0Trump et la Russie, mais n\u2019a pas retenu l\u2019accusation de complot criminel. Il a expos\u00e9 des d\u00e9tails compromettants sur les efforts de Donald Trump pour prendre le contr\u00f4le de l\u2019enqu\u00eate, voire pour y mettre fin. Il avait  refus\u00e9 de se prononcer sur le r\u00f4le du locataire de la Maison-Blanche, en partie en raison de la politique du minist\u00e8re interdisant la mise en accusation d\u2019un pr\u00e9sident en exercice.<\/p>\n<p>Robert Mueller s\u2019\u00e9tait montr\u00e9 incisif dans son rapport. \u00abSi, apr\u00e8s une enqu\u00eate approfondie sur les faits, nous avions la certitude que le pr\u00e9sident n\u2019avait manifestement pas commis d\u2019entrave \u00e0 la justice, nous l\u2019aurions d\u00e9clar\u00e9. Sur la base des faits et des normes juridiques applicables, nous ne sommes pas en mesure de parvenir \u00e0 ce jugement.\u00bb<\/p>\n<p>Il a d\u00e9\u00e7u les d\u00e9mocrates lors d\u2019une audition tr\u00e8s attendue au Congr\u00e8s sur son rapport, en donnant des r\u00e9ponses laconiques d\u2019un seul mot. Il semblait souvent h\u00e9siter sur les d\u00e9tails de son enqu\u00eate. Ce n\u2019\u00e9tait gu\u00e8re la prestation imposante que beaucoup attendaient de Robert Mueller, qui jouissait d\u2019une r\u00e9putation imposante \u00e0 Washington.<\/p>\n<p>Au cours des mois suivants, le procureur g\u00e9n\u00e9ral William Barr a clairement exprim\u00e9 son d\u00e9saccord avec les fondements de l\u2019enqu\u00eate sur la Russie, allant jusqu\u2019\u00e0 faire classer sans suite les poursuites pour fausses d\u00e9clarations que M.\u00a0Mueller avait engag\u00e9es contre l\u2019ancien conseiller \u00e0 la s\u00e9curit\u00e9 nationale Michael Flynn, m\u00eame si cette enqu\u00eate s\u2019\u00e9tait sold\u00e9e par un plaidoyer de culpabilit\u00e9.<\/p>\n<p>Le mandat de M.\u00a0Mueller \u00e0 titre de procureur extraordinaire a \u00e9t\u00e9 le point d\u2019orgue d\u2019une carri\u00e8re pass\u00e9e au service du gouvernement.<\/p>\n","protected":false},"excerpt":{"rendered":"Robert S. Mueller III, le directeur du FBI qui a transform\u00e9 la principale agence de police du pays&hellip;\n","protected":false},"author":2,"featured_media":815368,"comment_status":"","ping_status":"","sticky":false,"template":"","format":"standard","meta":{"footnotes":"","_share_on_mastodon":"0"},"categories":[1591],"tags":[11,1887,11621,1854,20106,4576,12,1885,1886,132],"class_list":["post-815367","post","type-post","status-publish","format-standard","has-post-thumbnail","category-russie","tag-actualites","tag-federation-de-russie","tag-https-lactualite-com-sujet-defense","tag-https-lactualite-com-sujet-international","tag-https-lactualite-com-sujet-justice","tag-https-lactualite-com-sujet-politique","tag-news","tag-russia","tag-russian-federation","tag-russie"],"share_on_mastodon":{"url":"https:\/\/pubeurope.com\/@fr\/116269717102066484","error":""},"_links":{"self":[{"href":"https:\/\/www.europesays.com\/fr\/wp-json\/wp\/v2\/posts\/815367","targetHints":{"allow":["GET"]}}],"collection":[{"href":"https:\/\/www.europesays.com\/fr\/wp-json\/wp\/v2\/posts"}],"about":[{"href":"https:\/\/www.europesays.com\/fr\/wp-json\/wp\/v2\/types\/post"}],"author":[{"embeddable":true,"href":"https:\/\/www.europesays.com\/fr\/wp-json\/wp\/v2\/users\/2"}],"replies":[{"embeddable":true,"href":"https:\/\/www.europesays.com\/fr\/wp-json\/wp\/v2\/comments?post=815367"}],"version-history":[{"count":0,"href":"https:\/\/www.europesays.com\/fr\/wp-json\/wp\/v2\/posts\/815367\/revisions"}],"wp:featuredmedia":[{"embeddable":true,"href":"https:\/\/www.europesays.com\/fr\/wp-json\/wp\/v2\/media\/815368"}],"wp:attachment":[{"href":"https:\/\/www.europesays.com\/fr\/wp-json\/wp\/v2\/media?parent=815367"}],"wp:term":[{"taxonomy":"category","embeddable":true,"href":"https:\/\/www.europesays.com\/fr\/wp-json\/wp\/v2\/categories?post=815367"},{"taxonomy":"post_tag","embeddable":true,"href":"https:\/\/www.europesays.com\/fr\/wp-json\/wp\/v2\/tags?post=815367"}],"curies":[{"name":"wp","href":"https:\/\/api.w.org\/{rel}","templated":true}]}}