{"id":81543,"date":"2025-05-07T09:45:13","date_gmt":"2025-05-07T09:45:13","guid":{"rendered":"https:\/\/www.europesays.com\/fr\/81543\/"},"modified":"2025-05-07T09:45:13","modified_gmt":"2025-05-07T09:45:13","slug":"sur-les-quais-de-rouen-un-collectif-de-supporters-du-psg-met-lambiance-les-soirs-de-match","status":"publish","type":"post","link":"https:\/\/www.europesays.com\/fr\/81543\/","title":{"rendered":"Sur les quais de Rouen, un collectif de supporters du PSG met l&rsquo;ambiance les soirs de match"},"content":{"rendered":"<p>            Par<br \/>\n        <strong><br \/>\n            <a href=\"https:\/\/actu.fr\/auteur\/yann-rivallan\" title=\"Consulter tous les articles de Yann Rivallan\" rel=\"nofollow noopener\" target=\"_blank\">Yann Rivallan<\/a><br \/>\n        <\/strong><\/p>\n<p>        Publi\u00e9 le<\/p>\n<p>            7 mai 2025 \u00e0 11h30        <\/p>\n<p>Vous les avez peut-\u00eatre entendus sur les quais de <a href=\"https:\/\/actu.fr\/normandie\/rouen_76540\" rel=\"nofollow noopener\" target=\"_blank\">Rouen (Seine-Maritime)<\/a> les soirs de matchs de Ligue des Champions. Depuis quelques semaines, un groupe de<strong> supporters du Paris Saint-Germain<\/strong> met l\u2019ambiance sous le pont Flaubert avant les rencontres. Et \u00e7a risque de recommencer ce 7 mai 2025 avec le match retour de la demi-finale du PSG en Ligue des Champions.<\/p>\n<p class=\" wall-content\">Tambours, fumig\u00e8nes, chants\u2026 <strong>Le collectif fan du PSG<\/strong> de Rouen met le paquet pour faire vivre des soir\u00e9es m\u00e9morables aux amoureux du club de la capitale.<\/p>\n<p>\u00ab\u2009\u00c0 la base, on \u00e9tait quelques potes\u2009\u00bb<\/p>\n<p class=\" wall-content\">Apr\u00e8s leur rassemblement sur les quais, ils se r\u00e9unissent tous <strong>au Novick\u2019s Stadium<\/strong>, quartier g\u00e9n\u00e9ral officieux du collectif. Rayan, un des fondateurs, revient sur l\u2019origine de ce groupe de fans.<\/p>\n<blockquote class=\"ac-article-quote wall-content\">\n<p>\u00c0 la base, on \u00e9tait quelques potes \u00e0 se rejoindre au Stadium. Quand on a vu l&rsquo;ambiance [les soirs de match du PSG] on s&rsquo;est dit \u00ab\u00a0venez, on cr\u00e9e quelque chose\u00a0\u00bb.<\/p>\n<p>    <strong>Rayan<\/strong><br \/>\n        Un des fondateurs du collectif fans du PSG \u00e0 Rouen    <\/p><\/blockquote>\n<p class=\" wall-content\">Au d\u00e9but du mois de f\u00e9vrier\u00a02025, le collectif \u00e9tait cr\u00e9\u00e9. S\u2019il en est encore \u00e0 ses balbutiements, plusieurs soir\u00e9es sp\u00e9ciales ont \u00e9t\u00e9 organis\u00e9es en lien avec le Novick\u2019s pour rassembler les supporters lors des <strong>rencontres de Ligue des Champions<\/strong>.<\/p>\n<p>Plus de 120\u00a0personnes attendues mercredi<\/p>\n<p class=\" wall-content\">Pour le match retour entre le PSG et Arsenal mercredi 7\u00a0mai 2025 dans la soir\u00e9e, plus de 120\u00a0personnes sont attendues par le collectif. \u00ab\u2009Et au Novick\u2019s, ils s\u2019attendent \u00e0 une affluence de 400\u00a0personnes\u2009\u00bb, assure Rayan.<\/p>\n<p>Vid\u00e9os : en ce moment sur Actu<\/p>\n<p class=\" wall-content\">Un sacr\u00e9 engouement que le supporter et fondateur du collectif sent au quotidien\u2009: \u00ab\u2009Cette semaine, je recevais environ 20\u00a0DM [messages priv\u00e9s sur Instagram, NDLR] par jour<strong> pour rejoindre le collectif<\/strong>.\u2009\u00bb<\/p>\n<p>Cr\u00e9er une association<\/p>\n<p class=\" wall-content\">Avec Enzo, cofondateur, Candice et Simon, en charge des visuels et de la communication, Rayan esp\u00e8re voir le collectif grandir encore un peu plus. \u00ab\u2009On r\u00e9fl\u00e9chit \u00e0 <strong>cr\u00e9er une association<\/strong>\u2009\u00bb, explique-t-il.<\/p>\n<p class=\" wall-content\"><a href=\"https:\/\/www.instagram.com\/reel\/DJH5d2_Bulh\/embed\" title=\"Ouvrir le lien sur Instagram\" rel=\"nofollow noopener\" target=\"_blank\">Visualiser le contenu sur Instagram<\/a><\/p>\n<p class=\" wall-content\">Pour le moment, tout est fait b\u00e9n\u00e9volement. Les membres du groupe s\u2019occupent de r\u00e9server des places pour occuper les trav\u00e9es du bar des quais de Rouen et r\u00e9coltent les fonds lors des rassemblements sous le pont Flaubert.<\/p>\n<p class=\" wall-content\">Dans cette ambiance survolt\u00e9e, un peu \u00e0 l\u2019image des rassemblements aux abords du Parc des Princes, ils proposent <strong>une alternative aux supporters<\/strong> qui n\u2019ont pas forc\u00e9ment le temps ou les moyens d\u2019aller \u00e0 Paris voir les matchs.<\/p>\n<p><strong>Infos pratiques<\/strong><br \/>\nSi vous souhaitez rejoindre le collectif, il est possible de prendre contact avec ses membres sur <a href=\"https:\/\/www.instagram.com\/collectiffanparis_rouen\/\" rel=\"nofollow noopener\" target=\"_blank\">leur compte Instagram<\/a>.Suivez l\u2019actualit\u00e9 de Rouen sur <a href=\"https:\/\/www.whatsapp.com\/channel\/0029VaKfnf99hXF2ddApFB1D\" rel=\"nofollow noopener\" target=\"_blank\">notre cha\u00eene WhatsApp<\/a> et sur <a href=\"https:\/\/www.tiktok.com\/@76actu.fr?lang=fr\" rel=\"nofollow noopener\" target=\"_blank\">notre compte TikTok<\/a><\/p>\n<p class=\" wall-content\">Suivez toute l\u2019actualit\u00e9 de vos villes et m\u00e9dias favoris en vous inscrivant \u00e0 <a href=\"https:\/\/moncompte.actu.fr\" title=\"D\u00e9couvez Mon Actu\" rel=\"nofollow noopener\" data-trk=\"{&quot;cta&quot;:{&quot;action&quot;:&quot;https:\\\/\\\/moncompte.actu.fr&quot;,&quot;category&quot;:&quot;mon compte&quot;,&quot;from&quot;:&quot;article footer&quot;,&quot;name&quot;:&quot;Mon actu&quot;,&quot;type&quot;:&quot;cta&quot;}}\" target=\"_blank\">Mon Actu<\/a>.<\/p>\n<ul class=\"ac-article-tag wall-content\">\n<li><a href=\"https:\/\/actu.fr\/tag\/ligue-des-champions\" data-trk=\"{&quot;cta&quot;:{&quot;action&quot;:&quot;Ligue des Champions&quot;,&quot;category&quot;:&quot;tag&quot;,&quot;from&quot;:&quot;article footer&quot;,&quot;name&quot;:&quot;Ligue des Champions&quot;,&quot;type&quot;:&quot;cta&quot;}}\" rel=\"nofollow noopener\" target=\"_blank\">#Ligue des Champions<\/a><\/li>\n<li><a href=\"https:\/\/actu.fr\/tag\/paris-saint-germain-psg\" data-trk=\"{&quot;cta&quot;:{&quot;action&quot;:&quot;Paris Saint Germain (PSG)&quot;,&quot;category&quot;:&quot;tag&quot;,&quot;from&quot;:&quot;article footer&quot;,&quot;name&quot;:&quot;Paris Saint Germain (PSG)&quot;,&quot;type&quot;:&quot;cta&quot;}}\" rel=\"nofollow noopener\" target=\"_blank\">#Paris Saint Germain (PSG)<\/a><\/li>\n<\/ul>\n<p>                    <script async src=\"\/\/www.instagram.com\/embed.js\"><\/script><script async src=\"\/\/www.tiktok.com\/embed.js\"><\/script><\/p>\n","protected":false},"excerpt":{"rendered":"Par Yann Rivallan Publi\u00e9 le 7 mai 2025 \u00e0 11h30 Vous les avez peut-\u00eatre entendus sur les quais&hellip;\n","protected":false},"author":2,"featured_media":81544,"comment_status":"","ping_status":"","sticky":false,"template":"","format":"standard","meta":{"footnotes":""},"categories":[9587],"tags":[1111,11,1777,674,63,1011,27,447,12,5161,2332,25,9590,60],"class_list":{"0":"post-81543","1":"post","2":"type-post","3":"status-publish","4":"format-standard","5":"has-post-thumbnail","7":"category-rouen","8":"tag-actu","9":"tag-actualites","10":"tag-eu","11":"tag-europe","12":"tag-football","13":"tag-fr","14":"tag-france","15":"tag-ligue-des-champions","16":"tag-news","17":"tag-normandie","18":"tag-paris-saint-germain-psg","19":"tag-republique-francaise","20":"tag-rouen","21":"tag-sports"},"share_on_mastodon":{"url":"https:\/\/pubeurope.com\/@fr\/114465913225511339","error":""},"_links":{"self":[{"href":"https:\/\/www.europesays.com\/fr\/wp-json\/wp\/v2\/posts\/81543","targetHints":{"allow":["GET"]}}],"collection":[{"href":"https:\/\/www.europesays.com\/fr\/wp-json\/wp\/v2\/posts"}],"about":[{"href":"https:\/\/www.europesays.com\/fr\/wp-json\/wp\/v2\/types\/post"}],"author":[{"embeddable":true,"href":"https:\/\/www.europesays.com\/fr\/wp-json\/wp\/v2\/users\/2"}],"replies":[{"embeddable":true,"href":"https:\/\/www.europesays.com\/fr\/wp-json\/wp\/v2\/comments?post=81543"}],"version-history":[{"count":0,"href":"https:\/\/www.europesays.com\/fr\/wp-json\/wp\/v2\/posts\/81543\/revisions"}],"wp:featuredmedia":[{"embeddable":true,"href":"https:\/\/www.europesays.com\/fr\/wp-json\/wp\/v2\/media\/81544"}],"wp:attachment":[{"href":"https:\/\/www.europesays.com\/fr\/wp-json\/wp\/v2\/media?parent=81543"}],"wp:term":[{"taxonomy":"category","embeddable":true,"href":"https:\/\/www.europesays.com\/fr\/wp-json\/wp\/v2\/categories?post=81543"},{"taxonomy":"post_tag","embeddable":true,"href":"https:\/\/www.europesays.com\/fr\/wp-json\/wp\/v2\/tags?post=81543"}],"curies":[{"name":"wp","href":"https:\/\/api.w.org\/{rel}","templated":true}]}}